{"id":744,"count":1,"description":"","link":"https:\/\/www.uzulmez.site\/?tag=osmanlinin-son-yuzyilinda-kurtler","name":"osmanl\u0131\u2019n\u0131n son y\u00fczy\u0131l\u0131nda k\u00fcrtler","slug":"osmanlinin-son-yuzyilinda-kurtler","taxonomy":"post_tag","meta":[],"_links":{"self":[{"href":"https:\/\/www.uzulmez.site\/index.php?rest_route=\/wp\/v2\/tags\/744","targetHints":{"allow":["GET"]}}],"collection":[{"href":"https:\/\/www.uzulmez.site\/index.php?rest_route=\/wp\/v2\/tags"}],"about":[{"href":"https:\/\/www.uzulmez.site\/index.php?rest_route=\/wp\/v2\/taxonomies\/post_tag"}],"wp:post_type":[{"href":"https:\/\/www.uzulmez.site\/index.php?rest_route=%2Fwp%2Fv2%2Fposts&tags=744"}],"curies":[{"name":"wp","href":"https:\/\/api.w.org\/{rel}","templated":true}]}}