{"id":8393,"date":"2026-04-29T14:57:44","date_gmt":"2026-04-29T14:57:44","guid":{"rendered":"https:\/\/www.uzulmez.site\/?p=8393"},"modified":"2026-04-30T15:05:01","modified_gmt":"2026-04-30T15:05:01","slug":"yazarimiz-muslum-uzulmezden-ergani-2-kitap-fuarina-davet","status":"publish","type":"post","link":"https:\/\/www.uzulmez.site\/?p=8393","title":{"rendered":"Yazar\u0131m\u0131z M\u00fcsl\u00fcm \u00dcz\u00fclmez\u2019den Ergani 2. Kitap Fuar\u0131\u2019na Davet"},"content":{"rendered":"\n<p>Yazar\u0131m\u0131z M\u00fcsl\u00fcm \u00dcZ\u00dcLMEZ gazetemize yapt\u0131\u011f\u0131 a\u00e7\u0131klamada: <\/p>\n\n\n\n<p>\u201cT\u00fcm duyarl\u0131 g\u00fczel insanlar\u0131, kitap severleri, dostlar\u0131m\u0131 ve dostlar\u0131m\u0131n dostlar\u0131n\u0131 davetlim olarak 7-10 May\u0131s 2026 tarihleri aras\u0131nda d\u00fczenlenecek <strong>Ergani 2. Kitap Fuar\u0131<\/strong>\u2019na bekliyorum\u201d dedi.<\/p>\n\n\n\n<figure class=\"wp-block-image size-full is-resized\"><img fetchpriority=\"high\" decoding=\"async\" width=\"899\" height=\"599\" src=\"https:\/\/www.uzulmez.site\/wp-content\/uploads\/2026\/04\/resim.png\" alt=\"\" class=\"wp-image-8395\" style=\"width:820px;height:auto\" srcset=\"https:\/\/www.uzulmez.site\/wp-content\/uploads\/2026\/04\/resim.png 899w, https:\/\/www.uzulmez.site\/wp-content\/uploads\/2026\/04\/resim-300x200.png 300w, https:\/\/www.uzulmez.site\/wp-content\/uploads\/2026\/04\/resim-768x512.png 768w, https:\/\/www.uzulmez.site\/wp-content\/uploads\/2026\/04\/resim-720x480.png 720w, https:\/\/www.uzulmez.site\/wp-content\/uploads\/2026\/04\/resim-480x320.png 480w\" sizes=\"(max-width: 899px) 100vw, 899px\" \/><\/figure>\n\n\n\n<p>D\u00fczenlenecek Fuar\u2019\u0131n \u201cOnur Konu\u011fu\u201d olarak belirlenmesinden \u015feref duydu\u011funu; kaleme ald\u0131\u011f\u0131 <em>\u00c7ay\u00f6n\u00fc\u2019nden Ergani\u2019ye Uzun Bir Y\u00fcr\u00fcy\u00fc\u015f (Kendi Yay\u0131n\u0131)<\/em>, <em>Makam-Makam \u00c7i\u00e7e\u011fi ve B\u00fclb\u00fcl (Titiz Yay\u0131nlar\u0131)<\/em>, <em>Ergani Tarihinin Sakl\u0131 Sayfas\u0131 ERMEN\u0130LER (\u0130BV Yay\u0131nlar\u0131)<\/em>, <em>On Bin Y\u0131ll\u0131k Tarihin Tan\u0131\u011f\u0131 H\u0130LAR (Arkeoloji ve Sanat Yay\u0131nlar\u0131\/<\/em> ve Pay\u00eez Yay\u0131nlar\u0131) ve <em>Yolda\u015f Ko\u00e7ero<\/em> (T\u00dcSTAV Yay\u0131nlar\u0131) gibi kitaplar\u0131 ile yazd\u0131\u011f\u0131 \u00e7e\u015fitli makalelerinin bu onurun verilmesinde katk\u0131s\u0131n\u0131n oldu\u011funu d\u00fc\u015f\u00fcnd\u00fc\u011f\u00fcn\u00fc; Ergani\u2019ye hizmet etmenin kendisi i\u00e7in bir g\u00f6rev oldu\u011funu belirtti.<\/p>\n\n\n\n<p>Ayr\u0131ca, Kitap Fuar\u0131\u2019n\u0131 d\u00fczenleyenlere ve katk\u0131 sunanlara; fuara kat\u0131lacak olan yay\u0131nevi idarecilerine, yazar ve \u015fairlere en i\u00e7ten sonsuz te\u015fekk\u00fcrlerini bildirdi ve fuar\u0131n \u00e7ok iyi ge\u00e7mesi dile\u011fini dile getirdi.<\/p>\n\n\n\n<p>D\u00fczenlenecek <strong>Ergani 2. Kitap Fuar\u0131<\/strong>\u2019n\u0131nErgani\u2019nin sosyal, k\u00fclt\u00fcrel ve ekonomik ya\u015fam\u0131na katk\u0131 sunaca\u011f\u0131n\u0131 ve renk kataca\u011f\u0131 nedeniyle, mevki ve unvan\u0131 ne olursa olsun bu co\u011frafyan\u0131n havas\u0131n\u0131 teneff\u00fcs etmi\u015f t\u00fcm duyarl\u0131 insanlar\u0131m\u0131z\u0131n: Ticaret erbaplar\u0131n\u0131n, \u00e7ift\u00e7ilerimizin, emektar esnaf\u0131m\u0131z\u0131n, i\u015f\u00e7ilerimizin, i\u015fsizlerimizin, memurlar\u0131m\u0131z\u0131n, t\u00fcm kurum ve kurulu\u015flar\u0131m\u0131z\u0131n, gelece\u011fimiz olan gen\u00e7 \u00f6\u011frencilerimizin, \u00f6\u011fretmenlerimizin bu Fuar\u2019a kat\u0131lmalar\u0131n\u0131 ve destek olmalar\u0131n\u0131 istedi.<\/p>\n\n\n\n<p>\u00dcZ\u00dcLMEZ; \u201cNitelikli vasfa sahip \u00f6zg\u00fcl a\u011f\u0131rl\u0131\u011f\u0131 farkl\u0131 olan ve kimseye benzemeyen, \u00fcreten, sorgulayan, bilimin rehberli\u011finde y\u00fcr\u00fcyen ayd\u0131nlar\u0131m\u0131z\u0131n, d\u00fc\u015f\u00fcnce \u00fcreten insanlar\u0131m\u0131z\u0131n, yazar ve \u00e7izerlerimizin yaln\u0131zca kendi yollar\u0131n\u0131 de\u011fil, gelece\u011fi de ayd\u0131nlataca\u011f\u0131na inand\u0131\u011f\u0131n\u0131; bilim ve sanat\u0131n cesaretle, emekle, sab\u0131r ve kararl\u0131l\u0131kla birle\u015fti\u011finde ulusal\/toplumsal de\u011fi\u015fim ve d\u00f6n\u00fc\u015f\u00fcmde, K\u00fcrt halk\u0131n\u0131n \u00f6zg\u00fcrle\u015fmesi ve d\u00fcnya genelinde bir stat\u00fcye ula\u015fmas\u0131nda itici g\u00fc\u00e7 olaca\u011f\u0131n\u0131 ve kitap fuarlar\u0131n\u0131n da bu ilerleyi\u015fte \u00f6nemli bir i\u015flevinin oldu\u011funu\u201d -\u00f6zellikle- belirtti. Sonras\u0131nda ise, \u201cFuar ve kitaplar sizleri ve merakl\u0131lar\u0131n\u0131 bekliyor\u201d diyerek davetini yeniledi.<\/p>\n\n\n\n<p class=\"has-small-font-size\"><em><strong>29 Nisan 2026 Tarihinde:<\/strong><br>https:\/\/rhaajans.com\/haber\/27901862\/ozel-haber-yazar-muslum-uzulmezden-ergani-2-kitap-fuarina-guclu-davet<br>https:\/\/www.tigrishaber.com\/yazarimiz-muslum-uzulmezden-ergani-2-kitap-fuarina-davet-152268h.htm<br>https:\/\/www.ruhanews.com\/haber\/264253\/ozel-haber-ergani-2-kitap-fuarinda-onur-konugu-uzulmezden-anlamli-cagri.html<br>https:\/\/www.gaphaberleri.com\/haber\/256990\/ozel-haber-uzulmez-ergani-kitap-fuari-icin-herkesi-bekliyorum-dedi.html<br>https:\/\/bozovaninsesigazetesi.com\/ozel-haber-kitaplar-sizleri-bekliyor-uzulmezden-erganiye-davet\/<br>https:\/\/www.erganihaber.net\/haber\/11497\/yazarimiz-muslum-uzulmezden-ergani-2-kitap-fuarina-davet.html<br>yay\u0131mland\u0131.<\/em><\/p>\n\n\n<div class=\"taxonomy-post_tag wp-block-post-terms\"><a href=\"https:\/\/www.uzulmez.site\/?tag=7-10-mayis-2026\" rel=\"tag\">7-10 May\u0131s 2026<\/a><span class=\"wp-block-post-terms__separator\">, <\/span><a href=\"https:\/\/www.uzulmez.site\/?tag=davet\" rel=\"tag\">Davet<\/a><span class=\"wp-block-post-terms__separator\">, <\/span><a href=\"https:\/\/www.uzulmez.site\/?tag=ergani-2-kitap-fuari\" rel=\"tag\">Ergani 2. Kitap Fuar\u0131<\/a><\/div>\n\n\n<p><\/p>\n","protected":false},"excerpt":{"rendered":"<p>Yazar\u0131m\u0131z M\u00fcsl\u00fcm \u00dcZ\u00dcLMEZ gazetemize yapt\u0131\u011f\u0131 a\u00e7\u0131klamada: \u201cT\u00fcm duyarl\u0131 g\u00fczel insanlar\u0131, kitap severleri, dostlar\u0131m\u0131 ve dostlar\u0131m\u0131n dostlar\u0131n\u0131 davetlim olarak 7-10 May\u0131s 2026 tarihleri aras\u0131nda d\u00fczenlenecek Ergani 2. Kitap Fuar\u0131\u2019na bekliyorum\u201d dedi. D\u00fczenlenecek Fuar\u2019\u0131n \u201cOnur Konu\u011fu\u201d olarak belirlenmesinden \u015feref duydu\u011funu; kaleme ald\u0131\u011f\u0131 \u00c7ay\u00f6n\u00fc\u2019nden Ergani\u2019ye Uzun Bir Y\u00fcr\u00fcy\u00fc\u015f (Kendi Yay\u0131n\u0131), Makam-Makam \u00c7i\u00e7e\u011fi ve B\u00fclb\u00fcl (Titiz Yay\u0131nlar\u0131), Ergani Tarihinin Sakl\u0131 Sayfas\u0131 ERMEN\u0130LER (\u0130BV Yay\u0131nlar\u0131), On Bin Y\u0131ll\u0131k Tarihin Tan\u0131\u011f\u0131 H\u0130LAR (Arkeoloji ve Sanat Yay\u0131nlar\u0131\/ ve Pay\u00eez Yay\u0131nlar\u0131) ve Yolda\u015f Ko\u00e7ero (T\u00dcSTAV Yay\u0131nlar\u0131) gibi kitaplar\u0131 ile yazd\u0131\u011f\u0131 \u00e7e\u015fitli makalelerinin bu onurun verilmesinde katk\u0131s\u0131n\u0131n oldu\u011funu d\u00fc\u015f\u00fcnd\u00fc\u011f\u00fcn\u00fc; Ergani\u2019ye hizmet etmenin kendisi i\u00e7in bir g\u00f6rev oldu\u011funu belirtti. Ayr\u0131ca,<\/p>\n","protected":false},"author":2,"featured_media":0,"comment_status":"open","ping_status":"closed","sticky":false,"template":"","format":"standard","meta":{"footnotes":""},"categories":[1321],"tags":[5265,5266,5264],"class_list":["post-8393","post","type-post","status-publish","format-standard","hentry","category-basinda","tag-7-10-mayis-2026","tag-davet","tag-ergani-2-kitap-fuari"],"_links":{"self":[{"href":"https:\/\/www.uzulmez.site\/index.php?rest_route=\/wp\/v2\/posts\/8393","targetHints":{"allow":["GET"]}}],"collection":[{"href":"https:\/\/www.uzulmez.site\/index.php?rest_route=\/wp\/v2\/posts"}],"about":[{"href":"https:\/\/www.uzulmez.site\/index.php?rest_route=\/wp\/v2\/types\/post"}],"author":[{"embeddable":true,"href":"https:\/\/www.uzulmez.site\/index.php?rest_route=\/wp\/v2\/users\/2"}],"replies":[{"embeddable":true,"href":"https:\/\/www.uzulmez.site\/index.php?rest_route=%2Fwp%2Fv2%2Fcomments&post=8393"}],"version-history":[{"count":2,"href":"https:\/\/www.uzulmez.site\/index.php?rest_route=\/wp\/v2\/posts\/8393\/revisions"}],"predecessor-version":[{"id":8397,"href":"https:\/\/www.uzulmez.site\/index.php?rest_route=\/wp\/v2\/posts\/8393\/revisions\/8397"}],"wp:attachment":[{"href":"https:\/\/www.uzulmez.site\/index.php?rest_route=%2Fwp%2Fv2%2Fmedia&parent=8393"}],"wp:term":[{"taxonomy":"category","embeddable":true,"href":"https:\/\/www.uzulmez.site\/index.php?rest_route=%2Fwp%2Fv2%2Fcategories&post=8393"},{"taxonomy":"post_tag","embeddable":true,"href":"https:\/\/www.uzulmez.site\/index.php?rest_route=%2Fwp%2Fv2%2Ftags&post=8393"}],"curies":[{"name":"wp","href":"https:\/\/api.w.org\/{rel}","templated":true}]}}