{"id":8062,"date":"2025-05-30T17:35:00","date_gmt":"2025-05-30T17:35:00","guid":{"rendered":"https:\/\/www.uzulmez.site\/?p=8062"},"modified":"2025-05-31T17:40:57","modified_gmt":"2025-05-31T17:40:57","slug":"bilim-teknoloji-ve-gelecek-kitabi-cikti","status":"publish","type":"post","link":"https:\/\/www.uzulmez.site\/?p=8062","title":{"rendered":"Bilim, Teknoloji ve Gelecek kitab\u0131 \u00e7\u0131kt\u0131"},"content":{"rendered":"<div class=\"wp-block-image\">\n<figure class=\"alignleft size-full is-resized\"><img fetchpriority=\"high\" decoding=\"async\" width=\"460\" height=\"708\" src=\"https:\/\/www.uzulmez.site\/wp-content\/uploads\/2025\/05\/resim-5.png\" alt=\"\" class=\"wp-image-8063\" style=\"width:438px;height:auto\" srcset=\"https:\/\/www.uzulmez.site\/wp-content\/uploads\/2025\/05\/resim-5.png 460w, https:\/\/www.uzulmez.site\/wp-content\/uploads\/2025\/05\/resim-5-195x300.png 195w\" sizes=\"(max-width: 460px) 100vw, 460px\" \/><\/figure><\/div>\n\n\n<p>M\u00fcsl\u00fcm \u00dcz\u00fclmez\u2019in kaleme ald\u0131\u011f\u0131 Bilim, Teknoloji ve Gelecek kitab\u0131 Baraka Yay\u0131nlar\u0131 taraf\u0131ndan yay\u0131mlanarak okuyucular\u0131yla bulu\u015ftu.<\/p>\n\n\n\n<p>\u00dcz\u00fclmez; zaman zaman bilim, felsefe, teknoloji, de\u011fi\u015fim ve gelecek konular\u0131nda gazete, dergi ve web sitelerinde yaz\u0131lar yazarak duygu ve d\u00fc\u015f\u00fcncelerini; ele\u015ftiri ve \u00f6nerilerini a\u00e7\u0131klamaya \u00e7al\u0131\u015ft\u0131\u011f\u0131n\u0131; bunlar\u0131n birikmi\u015f vaziyette ar\u015fivinde \u00f6ylece kalmas\u0131n\u0131n fazla bir anlam\u0131 olmad\u0131\u011f\u0131n\u0131, b\u00fct\u00fcnsellik olu\u015fturacak \u015fekilde yaz\u0131lar\u0131n\u0131 yay\u0131nlaman\u0131n daha yararl\u0131 olaca\u011f\u0131n\u0131 d\u00fc\u015f\u00fcnerek kitap olarak bas\u0131lmas\u0131na karar verdi\u011fini s\u00f6yl\u00fcyor.<\/p>\n\n\n\n<p>\u00dcz\u00fclmez, kitab\u0131nda insan akl\u0131n\u0131n \u00fcr\u00fcn\u00fc olan teknolojik geli\u015fmelerin \u00e7ok h\u0131zland\u0131\u011f\u0131n\u0131, \u00e7ok g\u00fc\u00e7l\u00fc bir \u015fekilde her \u015feyi yeniden d\u00fczenledi\u011fini ya da de\u011fi\u015ftirdi\u011fini ve uyum g\u00f6steremeyen her \u015feyi bir tarafa itti\u011fini, k\u00f6kl\u00fc bir bi\u00e7imde hayat\u0131 d\u00f6n\u00fc\u015ft\u00fcrd\u00fc\u011f\u00fcn\u00fc belirtiyor.<\/p>\n\n\n\n<p>K\u0131sacas\u0131, ya\u015fama, \u00e7al\u0131\u015fma ve birbirimizle ili\u015fki kurma tarz\u0131m\u0131z\u0131 de\u011fi\u015ftiren bir devrimin tam ortas\u0131nda bulundu\u011fumuzu, End\u00fcstri 4.0 diye form\u00fcle edilen ve D\u00f6rd\u00fcnc\u00fc Sanayi Devrimi olarak tan\u0131mlanan bu devrimin; \u00f6l\u00e7e\u011fi, kapsam\u0131 ve karma\u015f\u0131kl\u0131\u011f\u0131 bak\u0131m\u0131ndan insanl\u0131\u011f\u0131n daha \u00f6nce ya\u015fad\u0131klar\u0131n\u0131n hi\u00e7birine benzemedi\u011fini ifade ederek,<\/p>\n\n\n\n<p>\u201c\u015eayet D\u00f6rd\u00fcnc\u00fc Sanayi Devrimi ger\u00e7ekle\u015firse, ki \u00f6yle g\u00f6r\u00fcn\u00fcyor, d\u00fcnya art\u0131k bizim bildi\u011fimiz bug\u00fcnk\u00fc d\u00fcnyadan \u00e7ok farkl\u0131 olacak. Bu yeni d\u00fcnyada art\u0131k duygu, a\u015fk, sevgi, dostluk, yard\u0131mla\u015fma, vicdan, merhamet, bilgelik ve ruhani fark\u0131ndal\u0131k, insaniyetli ve insafl\u0131 bir ya\u015fam olmayacakt\u0131r. Her \u015fey dijitalle\u015fecek; ac\u0131mas\u0131z bir rekabet ortam\u0131nda, bilgiyi, paray\u0131, g\u00fcc\u00fc elinde bulunduran bir avu\u00e7 zenginin kar\u015f\u0131s\u0131nda milyarlarca yoksul olacak, \u00e7evreyle dengesiz bir ili\u015fki s\u00fcrecek, sanal seks ve cihazlar\u0131n zihin okumaya ba\u015flamas\u0131 yayg\u0131nla\u015facakt\u0131r. Halihaz\u0131rda bug\u00fcn dahi dijital sistemce ku\u015fat\u0131lmaya ba\u015fland\u0131\u011f\u0131m\u0131z yetmezmi\u015f gibi ak\u0131ll\u0131 makineler, bir \u00f6r\u00fcmcek a\u011f\u0131 gibi her yan\u0131m\u0131z\u0131 sararak bizi s\u00fcrekli g\u00f6zetleyip denetleyecek ve ya\u015fam\u0131m\u0131z\u0131n belirleyeni ve egemeni olacakt\u0131r.\u201d<\/p>\n\n\n\n<p>Ve, \u201cher yeni ku\u015fak bir \u00f6ncekinden bir miktar daha fazla dijital olacak. Orwell\u2019in \u2018B\u00fcy\u00fck Birader\u2019 olay\u0131 ve gelir da\u011f\u0131l\u0131m\u0131ndaki adaletsizlikten daha vahim bir durumla kar\u015f\u0131 kar\u015f\u0131yay\u0131z. \u2018D\u00fcnya \u00e7ap\u0131nda sessiz bir devrim yol almaktad\u0131r.\u2019 \u015eans\u0131m\u0131z hi\u00e7 yok. Para, say\u0131 ve zamanla akl\u0131n\u0131 bozmu\u015f bir d\u00fcnyada ya\u015f\u0131yor olmam\u0131z nedeniyle hayat\u0131n her alan\u0131nda \u00e7evremizi ak\u0131ll\u0131 makineler ku\u015fatm\u0131\u015f durumda; bilgisayarlar, cep telefonlar\u0131, uydular, kameralar \u2018her \u015fey her yerde\u2019 g\u00f6rev ba\u015f\u0131nda. Hi\u00e7 zahmet etmeye gerek yok, gelecekte ak\u0131ll\u0131 makineler bizim hangi yemekleri yiyece\u011fimize, hangi giysileri giyece\u011fimize, hastal\u0131klar\u0131m\u0131z\u0131n te\u015fhisine, sosyal ili\u015fkilerimize, nelerden ho\u015fland\u0131\u011f\u0131m\u0131za, hangi m\u00fczi\u011fi dinleyece\u011fimize, hangi filmleri izleyece\u011fimize, zaman dilimini belirleyip kendisi hangi kitab\u0131 sesli okuyaca\u011f\u0131na, nereye tatile gidece\u011fimize karar verecek; bizim yerimize telefon konu\u015fmalar\u0131n\u0131 yapacak veya mesajlar yazacak. K\u0131sacas\u0131 yapmam\u0131z gerekenleri bizim yerimize ak\u0131ll\u0131 makineler yapacak, hem de leb demeden leblebi dercesine\u2026 \u2018B\u00fcy\u00fck Birader\u2019 de ne yapt\u0131\u011f\u0131m\u0131z\u0131 ad\u0131m ad\u0131m izleyecek.<\/p>\n\n\n\n<p>Velhas\u0131l kelam ak\u0131ll\u0131 makinelere hapsedilmi\u015f bir gelecek bizi bekliyor. \u00dczerinde \u00e7ok d\u00fc\u015f\u00fcnmemiz gereken ciddi sorunlarla kar\u015f\u0131 kar\u015f\u0131yay\u0131z: Birincisi, arzu etti\u011fimiz d\u00fcnya, b\u00f6ylesi bir d\u00fcnya m\u0131? \u0130kincisi, b\u00f6ylesi d\u00fcnyada insanlar ne yapacak?\u201d diye soruyor.<\/p>\n\n\n\n<p>Bilim, Teknoloji ve Gelecek kitab\u0131nda dijital teknolojiyi ve bunun olas\u0131 etkilerini anlamaya ve anlatmaya \u00e7al\u0131\u015f\u0131yor ve s\u0131zlanmay\u0131 bir tarafa b\u0131rak\u0131p ciddi alternatif program ve projelerin, yeni d\u00fc\u015f\u00fcncelerin geli\u015ftirilmesini ve yeni kavramlar\u0131n \u00fcretilmesini \u00f6neriyor.<\/p>\n\n\n\n<p>Prof. Dr. Orhan Taner Can\u2019\u0131n \u00d6ns\u00f6z\u2019de belirtti\u011fi gibi, \u201cM\u00fcsl\u00fcm \u00dcz\u00fclmez\u2019in bilime olan derin merak\u0131 ve bilimin gelece\u011fi \u015fekillendirme potansiyeline dair s\u00fcrekli ara\u015ft\u0131rmalar\u0131, bu kitab\u0131n temelini olu\u015fturuyor.\u201d<\/p>\n\n\n\n<p>\u00d6zg\u00fcn, g\u00fcncel ve olduk\u00e7a \u00f6nemli konular\u0131 i\u00e7eren kitab\u0131n g\u00fcn\u00fcm\u00fczde olup bitenleri anlamam\u0131z a\u00e7\u0131s\u0131ndan iyi bir kaynak eser oldu\u011funu d\u00fc\u015f\u00fcn\u00fcyoruz.<\/p>\n\n\n\n<p><strong><em>30 May\u0131s 2025<br>https:\/\/www.erganihaber.net\/mobil\/haber\/11030\/bilim-teknoloji-ve-gelecek-kitabi-cikti.html<\/em><\/strong><\/p>\n\n\n<div class=\"taxonomy-post_tag wp-block-post-terms\"><a href=\"https:\/\/www.uzulmez.site\/?tag=baraka-yayinlari\" rel=\"tag\">Baraka Yay\u0131nlar\u0131<\/a><span class=\"wp-block-post-terms__separator\">, <\/span><a href=\"https:\/\/www.uzulmez.site\/?tag=bilim-teknoloji-ve-gelecek\" rel=\"tag\">Bilim Teknoloji ve Gelecek<\/a><span class=\"wp-block-post-terms__separator\">, <\/span><a href=\"https:\/\/www.uzulmez.site\/?tag=dorduncu-sanayi-devrimi\" rel=\"tag\">d\u00f6rd\u00fcnc\u00fc sanayi devrimi<\/a><span class=\"wp-block-post-terms__separator\">, <\/span><a href=\"https:\/\/www.uzulmez.site\/?tag=muslum-uzulmez-2\" rel=\"tag\">M\u00fcsl\u00fcm \u00dcz\u00fclmez<\/a><span class=\"wp-block-post-terms__separator\">, <\/span><a href=\"https:\/\/www.uzulmez.site\/?tag=prof-dr-orhan-taner-can\" rel=\"tag\">Prof. Dr. Orhan Taner Can<\/a><\/div>","protected":false},"excerpt":{"rendered":"<p>M\u00fcsl\u00fcm \u00dcz\u00fclmez\u2019in kaleme ald\u0131\u011f\u0131 Bilim, Teknoloji ve Gelecek kitab\u0131 Baraka Yay\u0131nlar\u0131 taraf\u0131ndan yay\u0131mlanarak okuyucular\u0131yla bulu\u015ftu. \u00dcz\u00fclmez; zaman zaman bilim, felsefe, teknoloji, de\u011fi\u015fim ve gelecek konular\u0131nda gazete, dergi ve web sitelerinde yaz\u0131lar yazarak duygu ve d\u00fc\u015f\u00fcncelerini; ele\u015ftiri ve \u00f6nerilerini a\u00e7\u0131klamaya \u00e7al\u0131\u015ft\u0131\u011f\u0131n\u0131; bunlar\u0131n birikmi\u015f vaziyette ar\u015fivinde \u00f6ylece kalmas\u0131n\u0131n fazla bir anlam\u0131 olmad\u0131\u011f\u0131n\u0131, b\u00fct\u00fcnsellik olu\u015fturacak \u015fekilde yaz\u0131lar\u0131n\u0131 yay\u0131nlaman\u0131n daha yararl\u0131 olaca\u011f\u0131n\u0131 d\u00fc\u015f\u00fcnerek kitap olarak bas\u0131lmas\u0131na karar verdi\u011fini s\u00f6yl\u00fcyor. \u00dcz\u00fclmez, kitab\u0131nda insan akl\u0131n\u0131n \u00fcr\u00fcn\u00fc olan teknolojik geli\u015fmelerin \u00e7ok h\u0131zland\u0131\u011f\u0131n\u0131, \u00e7ok g\u00fc\u00e7l\u00fc bir \u015fekilde her \u015feyi yeniden d\u00fczenledi\u011fini ya da de\u011fi\u015ftirdi\u011fini ve uyum g\u00f6steremeyen her \u015feyi bir tarafa itti\u011fini, k\u00f6kl\u00fc bir bi\u00e7imde hayat\u0131 d\u00f6n\u00fc\u015ft\u00fcrd\u00fc\u011f\u00fcn\u00fc belirtiyor.<\/p>\n","protected":false},"author":2,"featured_media":0,"comment_status":"open","ping_status":"closed","sticky":false,"template":"","format":"standard","meta":{"footnotes":""},"categories":[1321],"tags":[5155,5153,811,3434,5164],"class_list":["post-8062","post","type-post","status-publish","format-standard","hentry","category-basinda","tag-baraka-yayinlari","tag-bilim-teknoloji-ve-gelecek","tag-dorduncu-sanayi-devrimi","tag-muslum-uzulmez-2","tag-prof-dr-orhan-taner-can"],"_links":{"self":[{"href":"https:\/\/www.uzulmez.site\/index.php?rest_route=\/wp\/v2\/posts\/8062","targetHints":{"allow":["GET"]}}],"collection":[{"href":"https:\/\/www.uzulmez.site\/index.php?rest_route=\/wp\/v2\/posts"}],"about":[{"href":"https:\/\/www.uzulmez.site\/index.php?rest_route=\/wp\/v2\/types\/post"}],"author":[{"embeddable":true,"href":"https:\/\/www.uzulmez.site\/index.php?rest_route=\/wp\/v2\/users\/2"}],"replies":[{"embeddable":true,"href":"https:\/\/www.uzulmez.site\/index.php?rest_route=%2Fwp%2Fv2%2Fcomments&post=8062"}],"version-history":[{"count":3,"href":"https:\/\/www.uzulmez.site\/index.php?rest_route=\/wp\/v2\/posts\/8062\/revisions"}],"predecessor-version":[{"id":8066,"href":"https:\/\/www.uzulmez.site\/index.php?rest_route=\/wp\/v2\/posts\/8062\/revisions\/8066"}],"wp:attachment":[{"href":"https:\/\/www.uzulmez.site\/index.php?rest_route=%2Fwp%2Fv2%2Fmedia&parent=8062"}],"wp:term":[{"taxonomy":"category","embeddable":true,"href":"https:\/\/www.uzulmez.site\/index.php?rest_route=%2Fwp%2Fv2%2Fcategories&post=8062"},{"taxonomy":"post_tag","embeddable":true,"href":"https:\/\/www.uzulmez.site\/index.php?rest_route=%2Fwp%2Fv2%2Ftags&post=8062"}],"curies":[{"name":"wp","href":"https:\/\/api.w.org\/{rel}","templated":true}]}}