{"id":8048,"date":"2025-05-23T05:36:00","date_gmt":"2025-05-23T05:36:00","guid":{"rendered":"https:\/\/www.uzulmez.site\/?p=8048"},"modified":"2025-05-30T05:43:42","modified_gmt":"2025-05-30T05:43:42","slug":"erganili-arastirmaci-yazar-uzulmezden-yeni-kitap","status":"publish","type":"post","link":"https:\/\/www.uzulmez.site\/?p=8048","title":{"rendered":"Erganili Ara\u015ft\u0131rmac\u0131-Yazar \u00dcz\u00fclmez\u2019den yeni kitap"},"content":{"rendered":"\n<p><strong>Ergani Haber<\/strong>&#8212;<strong>K\u00fclt\u00fcr-Sanat<\/strong><\/p>\n\n\n\n<p><strong>Kitap d\u00fcnyas\u0131na kazand\u0131r\u0131lan Diyarbak\u0131rl\u0131 Ara\u015ft\u0131rmac\u0131-Yazar M\u00fcsl\u00fcm \u00dcz\u00fclmez\u2019in Bilim Teknoloji ve Gelecek adl\u0131 eserinin sunum k\u0131sm\u0131nda, \u201cTeknolojik geli\u015fmeler ba\u015f d\u00f6nd\u00fcr\u00fcc\u00fc bir h\u0131zla ilerliyor; insan akl\u0131n\u0131n \u00fcr\u00fcn\u00fc olan teknoloji, hayat\u0131 k\u00f6kl\u00fc bi\u00e7imde de\u011fi\u015ftiriyor, her \u015feyi yeniden \u015fekillendiriyor ve uyum sa\u011flayamayan\u0131 geride b\u0131rak\u0131yor.&#8221; ifadelerine yer verildi.<\/strong><\/p>\n\n\n\n<p>Diyarbak\u0131rl\u0131 Ara\u015ft\u0131rmac\u0131-Yazar M\u00fcsl\u00fcm \u00dcz\u00fclmez\u2019in \u2018Bilim Teknoloji ve Gelecek\u2019 adl\u0131 eseri okuyucu ile bulu\u015ftu.<\/p>\n\n\n\n<p>\u00dcz\u00fclmez kitab\u0131n\u0131n sunum k\u0131sm\u0131nda, \u201cTeknolojik geli\u015fmeler farkl\u0131 bir boyutta kan\u0131tlanm\u0131\u015f u\u00e7uyor, insan akl\u0131n\u0131n \u00fcr\u00fcn\u00fc teknoloji \u00e7ok g\u00fc\u00e7l\u00fc bir \u015fekilde her \u015feyi yeniden d\u00fczenliyor, ya da de\u011fi\u015ftiriyor ve uyum g\u00f6steremeyen her \u015feyi bir tarafa itiyor. K\u00f6kl\u00fc bir bi\u00e7imde hayat\u0131 d\u00fc\u015f\u00fcnd\u00fcr\u00fcyor.<\/p>\n\n\n\n<p>K\u0131sacas\u0131, ya\u015fama \u00e7al\u0131\u015fma ve birbirimizle ili\u015fki kurma tarz\u0131m\u0131z\u0131 de\u011fi\u015ftiren bir devrimin tam ortas\u0131nda bulunuyoruz. \u015eayet d\u00f6rd\u00fcnc\u00fc Sanayi Devrimi ger\u00e7ekle\u015firse ki \u00f6yle, g\u00f6r\u00fcn\u00fcyor, d\u00fcnya art\u0131k bizim bildi\u011fimiz bug\u00fcnk\u00fc gibi bir d\u00fcnya olmayacak. Bu yeni d\u00fcnyada art\u0131k bireysel \u00f6zg\u00fcrl\u00fck, mahremiyet, duygu, a\u015fk, sevgi dostluk, yard\u0131mla\u015fma, merhamet, vicdan bilgelik ve ruhani fark\u0131ndal\u0131k, insaniyetli ve insafl\u0131 bir ya\u015fam olmayacakt\u0131r.<\/p>\n\n\n\n<p>Her\u015fey dijitalle\u015fecek ac\u0131mas\u0131z bir rekabet ortam\u0131nda, bilgiyi paray\u0131, g\u00fcc\u00fc elinde bulunduran bir avu\u00e7 zenginin kar\u015f\u0131s\u0131nda milyarlarca yoksul olacak, \u00e7evreyle dengesiz bir ili\u015fki s\u00fcrecek ve cihazlar\u0131n zihin okumaya ba\u015flamas\u0131 yayg\u0131nla\u015facakt\u0131r.<\/p>\n\n\n\n<p>Halihaz\u0131rda bug\u00fcn dahi dijital sistemce ku\u015fat\u0131lmaya ba\u015fland\u0131\u011f\u0131m\u0131z yetmezmi\u015f gibi ak\u0131ll\u0131 makineler, bir \u00f6r\u00fcmcek a\u011f\u0131 gibi her yan\u0131m\u0131z\u0131 saracak bizi s\u00fcrekli g\u00f6zetleyip denetleyecek ve ya\u015fam\u0131m\u0131z\u0131n belirleyeni ve egemeni olacakt\u0131r.\u201d diyor.<\/p>\n\n\n\n<p>***<\/p>\n\n\n\n<p>Kitab\u0131n i\u00e7eri\u011fi ile ele al\u0131nan konular\u0131n g\u00fcncelli\u011fi ve \u00f6nemi hemen g\u00f6ze \u00e7arp\u0131yor. Birbirinden ilgin\u00e7 konulara yer verilmi\u015f. M\u00fcsl\u00fcm \u00dcz\u00fclmez\u2019in bu eseri sadece bilim ve teknolojiye ilgi duyanlar i\u00e7in de\u011fil, gelece\u011fi anlamak ve \u015fekillendirmek isteyen herkes i\u00e7in \u00f6nemli bir kaynak niteli\u011fi ta\u015f\u0131yor. \u00dcz\u00fclmez\u2019in zengin bilgi birikimi ve deneyimiyle harmanlad\u0131\u011f\u0131 bir eser, okuyucuyu d\u00fc\u015f\u00fcnmeye, sorgulamaya ve gelece\u011fe dair yeni fikirler \u00fcretmeye te\u015fvik ediyor\u2026<\/p>\n\n\n\n<p>M\u00fcsl\u00fcm \u00dcz\u00fclmez\u2019in yaz\u0131n d\u00fcnyas\u0131na kazand\u0131rd\u0131\u011f\u0131 bu eser, Baraka Yay\u0131nc\u0131l\u0131k taraf\u0131ndan yay\u0131nlanm\u0131\u015f. Ve 165 sayfadan olu\u015fuyor.<\/p>\n\n\n\n<p>M\u00dcSL\u00dcM \u00dcZ\u00dcLMEZ K\u0130MD\u0130R?<\/p>\n\n\n\n<p>Yazar ve \u015eair 1950 y\u0131l\u0131nda Diyarbak\u0131r\u2019\u0131n Ergani il\u00e7esinde do\u011fdu. Ankara Devlet M\u00fchendislik ve Mimarl\u0131k Y\u00fcksek Okulu Kimya M\u00fchendisli\u011fi B\u00f6l\u00fcm\u00fcn\u00fc bitirdi. \u00d6zel sekt\u00f6re ait \u00e7e\u015fitli i\u015fyerlerinde m\u00fchendis olarak \u00e7al\u0131\u015ft\u0131. \u00dcz\u00fclmez 1990 y\u0131l\u0131nda \u0130stanbul B\u00fcy\u00fck\u015fehir Belediye Ba\u015fkanl\u0131\u011f\u0131 \u00c7evre Koruma ve Kontrol M\u00fcd\u00fcrl\u00fc\u011f\u00fc\u2019nden 2010 y\u0131l\u0131nda emekli oldu. Ara\u015ft\u0131rmalar\u0131yla tan\u0131nan, ayn\u0131 zamanda iyi bir foto\u011fraf ve belge ar\u015fivi bulunan \u00dcz\u00fclmez, Kitap \u00e7al\u0131\u015fmalar\u0131n\u0131n yan\u0131 s\u0131ra \u00e7e\u015fitli gazete, dergi ve sitelerde yaz\u0131lar yazmaya devam etmektedir. Ara\u015ft\u0131rma, \u015eiir, Mizah ve Mesleki konular\u0131nda Yay\u0131nlanm\u0131\u015f yirmi adet eseri var.<\/p>\n\n\n\n<p>Yaz\u0131n d\u00fcnyas\u0131na kazand\u0131rd\u0131\u011f\u0131 bu eser i\u00e7in M\u00fcsl\u00fcm \u00dcz\u00fclmez\u2019e te\u015fekk\u00fcr ediyoruz.<\/p>\n\n\n\n<p><em>23 May\u0131s 2025<br>https:\/\/www.erganihaber.net\/mobil\/haber\/11013\/erganili-arastirmaci-yazar-uzulmezden-yeni-kitap.html<\/em><\/p>\n\n\n<div class=\"taxonomy-post_tag wp-block-post-terms\"><a href=\"https:\/\/www.uzulmez.site\/?tag=baraka-yayinlari\" rel=\"tag\">Baraka Yay\u0131nlar\u0131<\/a><span class=\"wp-block-post-terms__separator\">, <\/span><a href=\"https:\/\/www.uzulmez.site\/?tag=bilim-teknoloji-ve-gelecek\" rel=\"tag\">Bilim Teknoloji ve Gelecek<\/a><span class=\"wp-block-post-terms__separator\">, <\/span><a href=\"https:\/\/www.uzulmez.site\/?tag=muslum-uzulmez-2\" rel=\"tag\">M\u00fcsl\u00fcm \u00dcz\u00fclmez<\/a><\/div>","protected":false},"excerpt":{"rendered":"<p>Ergani Haber&#8212;K\u00fclt\u00fcr-Sanat Kitap d\u00fcnyas\u0131na kazand\u0131r\u0131lan Diyarbak\u0131rl\u0131 Ara\u015ft\u0131rmac\u0131-Yazar M\u00fcsl\u00fcm \u00dcz\u00fclmez\u2019in Bilim Teknoloji ve Gelecek adl\u0131 eserinin sunum k\u0131sm\u0131nda, \u201cTeknolojik geli\u015fmeler ba\u015f d\u00f6nd\u00fcr\u00fcc\u00fc bir h\u0131zla ilerliyor; insan akl\u0131n\u0131n \u00fcr\u00fcn\u00fc olan teknoloji, hayat\u0131 k\u00f6kl\u00fc bi\u00e7imde de\u011fi\u015ftiriyor, her \u015feyi yeniden \u015fekillendiriyor ve uyum sa\u011flayamayan\u0131 geride b\u0131rak\u0131yor.&#8221; ifadelerine yer verildi. Diyarbak\u0131rl\u0131 Ara\u015ft\u0131rmac\u0131-Yazar M\u00fcsl\u00fcm \u00dcz\u00fclmez\u2019in \u2018Bilim Teknoloji ve Gelecek\u2019 adl\u0131 eseri okuyucu ile bulu\u015ftu. \u00dcz\u00fclmez kitab\u0131n\u0131n sunum k\u0131sm\u0131nda, \u201cTeknolojik geli\u015fmeler farkl\u0131 bir boyutta kan\u0131tlanm\u0131\u015f u\u00e7uyor, insan akl\u0131n\u0131n \u00fcr\u00fcn\u00fc teknoloji \u00e7ok g\u00fc\u00e7l\u00fc bir \u015fekilde her \u015feyi yeniden d\u00fczenliyor, ya da de\u011fi\u015ftiriyor ve uyum g\u00f6steremeyen her \u015feyi bir tarafa itiyor. K\u00f6kl\u00fc bir bi\u00e7imde hayat\u0131 d\u00fc\u015f\u00fcnd\u00fcr\u00fcyor. K\u0131sacas\u0131, ya\u015fama \u00e7al\u0131\u015fma<\/p>\n","protected":false},"author":2,"featured_media":0,"comment_status":"open","ping_status":"closed","sticky":false,"template":"","format":"standard","meta":{"footnotes":""},"categories":[1321],"tags":[5155,5153,3434],"class_list":["post-8048","post","type-post","status-publish","format-standard","hentry","category-basinda","tag-baraka-yayinlari","tag-bilim-teknoloji-ve-gelecek","tag-muslum-uzulmez-2"],"_links":{"self":[{"href":"https:\/\/www.uzulmez.site\/index.php?rest_route=\/wp\/v2\/posts\/8048","targetHints":{"allow":["GET"]}}],"collection":[{"href":"https:\/\/www.uzulmez.site\/index.php?rest_route=\/wp\/v2\/posts"}],"about":[{"href":"https:\/\/www.uzulmez.site\/index.php?rest_route=\/wp\/v2\/types\/post"}],"author":[{"embeddable":true,"href":"https:\/\/www.uzulmez.site\/index.php?rest_route=\/wp\/v2\/users\/2"}],"replies":[{"embeddable":true,"href":"https:\/\/www.uzulmez.site\/index.php?rest_route=%2Fwp%2Fv2%2Fcomments&post=8048"}],"version-history":[{"count":1,"href":"https:\/\/www.uzulmez.site\/index.php?rest_route=\/wp\/v2\/posts\/8048\/revisions"}],"predecessor-version":[{"id":8049,"href":"https:\/\/www.uzulmez.site\/index.php?rest_route=\/wp\/v2\/posts\/8048\/revisions\/8049"}],"wp:attachment":[{"href":"https:\/\/www.uzulmez.site\/index.php?rest_route=%2Fwp%2Fv2%2Fmedia&parent=8048"}],"wp:term":[{"taxonomy":"category","embeddable":true,"href":"https:\/\/www.uzulmez.site\/index.php?rest_route=%2Fwp%2Fv2%2Fcategories&post=8048"},{"taxonomy":"post_tag","embeddable":true,"href":"https:\/\/www.uzulmez.site\/index.php?rest_route=%2Fwp%2Fv2%2Ftags&post=8048"}],"curies":[{"name":"wp","href":"https:\/\/api.w.org\/{rel}","templated":true}]}}