{"id":6983,"date":"2007-03-15T11:22:00","date_gmt":"2007-03-15T11:22:00","guid":{"rendered":"https:\/\/www.uzulmez.site\/?p=6983"},"modified":"2023-07-05T16:50:23","modified_gmt":"2023-07-05T16:50:23","slug":"anasini-aglatmissin","status":"publish","type":"post","link":"https:\/\/www.uzulmez.site\/?p=6983","title":{"rendered":"\u201cAhmed Arif\u2019le b\u00fcy\u00fcd\u00fc bizim nesil\u201d"},"content":{"rendered":"\n<p><\/p>\n\n\n\n<p class=\"has-medium-font-size\"><em><strong>Kamil S\u00fcmb\u00fcl\u2019\u00fcn g\u00f6nderdi\u011fi bir yaz\u0131<\/strong><\/em><\/p>\n\n\n\n<div style=\"height:20px\" aria-hidden=\"true\" class=\"wp-block-spacer\"><\/div>\n\n\n\n<p>Merhaba Bibio\u011flu,<\/p>\n\n\n\n<p>Amerika\u2019daki dosttan bana gelen e-maili oldu\u011fu gibi sana g\u00f6ndermi\u015ftim, u\u011fra\u015f\u0131yor, umar\u0131m bulur. Neyse son iki yaz\u0131n<sup>(*)<\/sup> beni hem efk\u00e2rland\u0131rd\u0131 hem de  Ahmed Arif\u2019in \u015fiirini yorumlarken; \u015fiir, edebiyattaki yeri, kalitesi, \u015fiiri \u015fiir yapan gerek \u00f6zel ko\u015fullar\u0131 gerekse onu evrenselle\u015ftiren \u00f6zelden t\u00fcm insanl\u0131\u011f\u0131n de\u011ferlerine hitap etmesi vs\u2026 yorumlar\u0131nla \u015fiir sanat\u0131n\u0131n  hakk\u0131n\u0131 vermi\u015f olman beni sevindirdi. Zaten Gecenin Isl\u0131\u011f\u0131 kitab\u0131nda bu d\u00fczeyin \u00e7ok netti. \u015eiir yazmak, di\u011fer edebi konular\u0131 yazmaktan \u00e7ok zordur. Bir konuyu edebi olarak bir ka\u00e7 sahifede anlatmak ancak m\u00fcmk\u00fcnken, \u015fiir de bunu bazen bir-iki dizede ifade etmek zorundas\u0131n. Ahmed Arifin \u015fiirlerindeki ritim, lirizm, didaktik, imge yani yorumlad\u0131\u011f\u0131n her nokta bizlerin ya\u015fam\u0131na, duygular\u0131na hitap ediyor, onun i\u00e7in bir anlamda, Ahmed Arif\u2019le b\u00fcy\u00fcd\u00fc bizim nesil. Ben Ahmed Arif\u2019in \u015fiirlerinde, hapishane sonras\u0131 ya\u015fad\u0131\u011f\u0131m baz\u0131 duygular\u0131, bu duygular aradan 22 y\u0131l ge\u00e7mesine ra\u011fmen pe\u015fimi b\u0131rakmayan \u201cYenilen, yenilginin, yani ma\u011flup olma\u201d duygusunu ta\u015f\u0131yan insanlar\u0131n i\u00e7ine d\u00fc\u015ft\u00fc\u011f\u00fc duyguyu buluyorum. Bu duyguyu ortaya \u00e7\u0131kar\u0131p netle\u015ftirmem laz\u0131m yoksa yakam\u0131 b\u0131rakmayacak. Ahmed Arif\u2019in bir\u00e7ok dizeleri, banim o duygular\u0131m\u0131 kar\u015f\u0131l\u0131yor, bilmem ne dersin?<\/p>\n\n\n\n<p>Beni efk\u00e2rland\u0131ran yaz\u0131n da i\u00e7ki ile ilgili belirlemelerin, efk\u00e2rland\u0131m ve \u015fu an kar\u015f\u0131 kar\u015f\u0131ya oturup birer kadeh atmay\u0131 ne kadar arzu ettim!<\/p>\n\n\n\n<p>Fatih\u2019in Hocas\u0131 G\u00fcrani\u2019nin K\u00fcrdistanl\u0131 oldu\u011funu duymu\u015ftum, fakat detayl\u0131 olarak yaz\u0131ndan \u00f6\u011frendim. Selamlar\u2026<\/p>\n\n\n\n<p><strong>Kamil S\u00fcmb\u00fcl<br>15 Mart 2007<\/strong><\/p>\n\n\n\n<p><em>(*) S\u00f6z konusu yaz\u0131lar a\u015fa\u011f\u0131da:<\/em><\/p>\n\n\n\n<figure class=\"wp-block-embed is-type-wp-embed is-provider-muslum-uzulmez wp-block-embed-muslum-uzulmez\"><div class=\"wp-block-embed__wrapper\">\n<blockquote class=\"wp-embedded-content\" data-secret=\"0yw35rAYTd\"><a href=\"https:\/\/www.uzulmez.site\/?p=6439\">Ahmed Arif 80 Ya\u015f\u0131nda<\/a><\/blockquote><iframe class=\"wp-embedded-content\" sandbox=\"allow-scripts\" security=\"restricted\" style=\"position: absolute; clip: rect(1px, 1px, 1px, 1px);\" title=\"&#8220;Ahmed Arif 80 Ya\u015f\u0131nda&#8221; &#8212; M\u00fcsl\u00fcm \u00dcz\u00fclmez\" src=\"https:\/\/www.uzulmez.site\/?p=6439&#038;embed=true#?secret=ofncVgBnls#?secret=0yw35rAYTd\" data-secret=\"0yw35rAYTd\" width=\"600\" height=\"338\" frameborder=\"0\" marginwidth=\"0\" marginheight=\"0\" scrolling=\"no\"><\/iframe>\n<\/div><\/figure>\n\n\n\n<figure class=\"wp-block-embed is-type-wp-embed is-provider-muslum-uzulmez wp-block-embed-muslum-uzulmez\"><div class=\"wp-block-embed__wrapper\">\n<blockquote class=\"wp-embedded-content\" data-secret=\"sIeHDdcGHz\"><a href=\"https:\/\/www.uzulmez.site\/?p=4741\">\u015earap ve Edebiyat<\/a><\/blockquote><iframe class=\"wp-embedded-content\" sandbox=\"allow-scripts\" security=\"restricted\" style=\"position: absolute; clip: rect(1px, 1px, 1px, 1px);\" title=\"&#8220;\u015earap ve Edebiyat&#8221; &#8212; M\u00fcsl\u00fcm \u00dcz\u00fclmez\" src=\"https:\/\/www.uzulmez.site\/?p=4741&#038;embed=true#?secret=hDFbeVxo6r#?secret=sIeHDdcGHz\" data-secret=\"sIeHDdcGHz\" width=\"600\" height=\"338\" frameborder=\"0\" marginwidth=\"0\" marginheight=\"0\" scrolling=\"no\"><\/iframe>\n<\/div><\/figure>\n\n\n<div class=\"taxonomy-post_tag wp-block-post-terms\"><a href=\"https:\/\/www.uzulmez.site\/?tag=ahmed-arif\" rel=\"tag\">ahmed arif<\/a><span class=\"wp-block-post-terms__separator\">, <\/span><a href=\"https:\/\/www.uzulmez.site\/?tag=anasini-aglatmissin\" rel=\"tag\">anas\u0131n\u0131 a\u011flatm\u0131\u015fs\u0131n<\/a><span class=\"wp-block-post-terms__separator\">, <\/span><a href=\"https:\/\/www.uzulmez.site\/?tag=arzu\" rel=\"tag\">arzu<\/a><span class=\"wp-block-post-terms__separator\">, <\/span><a href=\"https:\/\/www.uzulmez.site\/?tag=birer-kadeh-atma\" rel=\"tag\">birer kadeh atma<\/a><span class=\"wp-block-post-terms__separator\">, <\/span><a href=\"https:\/\/www.uzulmez.site\/?tag=gecenin-isligi\" rel=\"tag\">gecenin \u0131sl\u0131\u011f\u0131<\/a><span class=\"wp-block-post-terms__separator\">, <\/span><a href=\"https:\/\/www.uzulmez.site\/?tag=gurani\" rel=\"tag\">g\u00fcrani<\/a><span class=\"wp-block-post-terms__separator\">, <\/span><a href=\"https:\/\/www.uzulmez.site\/?tag=kamil-sumbul\" rel=\"tag\">kamil s\u00fcmb\u00fcl<\/a><\/div>","protected":false},"excerpt":{"rendered":"<p>Kamil S\u00fcmb\u00fcl\u2019\u00fcn g\u00f6nderdi\u011fi bir yaz\u0131 Merhaba Bibio\u011flu, Amerika\u2019daki dosttan bana gelen e-maili oldu\u011fu gibi sana g\u00f6ndermi\u015ftim, u\u011fra\u015f\u0131yor, umar\u0131m bulur. Neyse son iki yaz\u0131n(*) beni hem efk\u00e2rland\u0131rd\u0131 hem de Ahmed Arif\u2019in \u015fiirini yorumlarken; \u015fiir, edebiyattaki yeri, kalitesi, \u015fiiri \u015fiir yapan gerek \u00f6zel ko\u015fullar\u0131 gerekse onu evrenselle\u015ftiren \u00f6zelden t\u00fcm insanl\u0131\u011f\u0131n de\u011ferlerine hitap etmesi vs\u2026 yorumlar\u0131nla \u015fiir sanat\u0131n\u0131n hakk\u0131n\u0131 vermi\u015f olman beni sevindirdi. Zaten Gecenin Isl\u0131\u011f\u0131 kitab\u0131nda bu d\u00fczeyin \u00e7ok netti. \u015eiir yazmak, di\u011fer edebi konular\u0131 yazmaktan \u00e7ok zordur. Bir konuyu edebi olarak bir ka\u00e7 sahifede anlatmak ancak m\u00fcmk\u00fcnken, \u015fiir de bunu bazen bir-iki dizede ifade etmek zorundas\u0131n. Ahmed Arifin \u015fiirlerindeki ritim, lirizm,<\/p>\n","protected":false},"author":2,"featured_media":0,"comment_status":"open","ping_status":"closed","sticky":false,"template":"","format":"standard","meta":{"footnotes":""},"categories":[3403],"tags":[649,4847,388,4848,1412,4653,454],"class_list":["post-6983","post","type-post","status-publish","format-standard","hentry","category-plus","tag-ahmed-arif","tag-anasini-aglatmissin","tag-arzu","tag-birer-kadeh-atma","tag-gecenin-isligi","tag-gurani","tag-kamil-sumbul"],"_links":{"self":[{"href":"https:\/\/www.uzulmez.site\/index.php?rest_route=\/wp\/v2\/posts\/6983","targetHints":{"allow":["GET"]}}],"collection":[{"href":"https:\/\/www.uzulmez.site\/index.php?rest_route=\/wp\/v2\/posts"}],"about":[{"href":"https:\/\/www.uzulmez.site\/index.php?rest_route=\/wp\/v2\/types\/post"}],"author":[{"embeddable":true,"href":"https:\/\/www.uzulmez.site\/index.php?rest_route=\/wp\/v2\/users\/2"}],"replies":[{"embeddable":true,"href":"https:\/\/www.uzulmez.site\/index.php?rest_route=%2Fwp%2Fv2%2Fcomments&post=6983"}],"version-history":[{"count":5,"href":"https:\/\/www.uzulmez.site\/index.php?rest_route=\/wp\/v2\/posts\/6983\/revisions"}],"predecessor-version":[{"id":7001,"href":"https:\/\/www.uzulmez.site\/index.php?rest_route=\/wp\/v2\/posts\/6983\/revisions\/7001"}],"wp:attachment":[{"href":"https:\/\/www.uzulmez.site\/index.php?rest_route=%2Fwp%2Fv2%2Fmedia&parent=6983"}],"wp:term":[{"taxonomy":"category","embeddable":true,"href":"https:\/\/www.uzulmez.site\/index.php?rest_route=%2Fwp%2Fv2%2Fcategories&post=6983"},{"taxonomy":"post_tag","embeddable":true,"href":"https:\/\/www.uzulmez.site\/index.php?rest_route=%2Fwp%2Fv2%2Ftags&post=6983"}],"curies":[{"name":"wp","href":"https:\/\/api.w.org\/{rel}","templated":true}]}}