{"id":6976,"date":"2009-05-08T10:40:00","date_gmt":"2009-05-08T10:40:00","guid":{"rendered":"https:\/\/www.uzulmez.site\/?p=6976"},"modified":"2023-07-05T10:50:11","modified_gmt":"2023-07-05T10:50:11","slug":"gelen-gideni-aratir-oldu","status":"publish","type":"post","link":"https:\/\/www.uzulmez.site\/?p=6976","title":{"rendered":"\u201cGelen Gideni Arat\u0131r Oldu&#8230;\u201d"},"content":{"rendered":"\n<p><\/p>\n\n\n\n<p class=\"has-medium-font-size\"><strong><em>G\u00fcl\u015fah Tali\u2019nin g\u00f6nderdi\u011fi bir yaz\u0131<\/em><\/strong><\/p>\n\n\n\n<div style=\"height:30px\" aria-hidden=\"true\" class=\"wp-block-spacer\"><\/div>\n\n\n\n<p>\u00dcz\u00fclmez Bey, Selamlar&#8230;<\/p>\n\n\n\n<p>Yaz\u0131n\u0131z\u0131 okurken \u00f6nceki yaz\u0131lar\u0131n\u0131za da g\u00f6z att\u0131m bu arada&#8230;<\/p>\n\n\n\n<p>Hepsi \u00e7ok duyarl\u0131 ve anlaml\u0131 g\u00f6nl\u00fcn\u00fcze sa\u011fl\u0131k.<\/p>\n\n\n\n<p>Sevgili Naz\u0131m Hikmet Ran\u2019\u0131n da dedi\u011fi gibi, \u201cSen mutlulu\u011fun resmini yapabilir misin Abidin?\u201d<\/p>\n\n\n\n<p>Naz\u0131m, Abidin Dina\u2019ya: \u201cBana mutlulu\u011fun resmini \u00e7izebilir misin Abidin ?&#8221; der;<\/p>\n\n\n\n<p><em>Sen mutlulu\u011fun resmini yapabilir misin Abidin?<br>i\u015fin kolay\u0131na ka\u00e7madan ama<br>g\u00fcl yanakl\u0131 bebesini emziren melek y\u00fczl\u00fc anneci\u011fin resmini de\u011fil<br>ne de ak \u00f6rt\u00fcde elmalar\u0131n<br>ne de akvaryumda su kabarc\u0131klar\u0131n\u0131n aras\u0131nda dola\u015fan k\u0131rm\u0131z\u0131 bal\u0131\u011f\u0131nkini<br>Sen mutlulu\u011fun resmini yapabilir misin Abidin?<br>1961 yaz\u0131 ortalar\u0131ndaki K\u00fcba\u2019n\u0131n resmini yapabilir misin?<br>\u00c7ok \u015f\u00fck\u00fcr \u00e7ok \u015f\u00fck\u00fcr bug\u00fcn\u00fc de g\u00f6rd\u00fcm<br>\u00f6lsem gam yemem gayr\u0131n\u0131n resmini yapabilir misin \u00fcstad?<\/em><\/p>\n\n\n\n<p>\u00dcstad\u0131n da buna kar\u015f\u0131l\u0131k g\u00fcya; a\u015fa\u011f\u0131daki resmi yapt\u0131\u011f\u0131 s\u00f6ylenir mutlulu\u011fa dair&#8230;<\/p>\n\n\n<div class=\"wp-block-image\">\n<figure class=\"aligncenter size-full is-resized\"><img fetchpriority=\"high\" decoding=\"async\" src=\"https:\/\/www.uzulmez.site\/wp-content\/uploads\/2023\/07\/mutluluk.jpg\" alt=\"\" class=\"wp-image-6977\" width=\"660\" height=\"493\" srcset=\"https:\/\/www.uzulmez.site\/wp-content\/uploads\/2023\/07\/mutluluk.jpg 383w, https:\/\/www.uzulmez.site\/wp-content\/uploads\/2023\/07\/mutluluk-300x224.jpg 300w\" sizes=\"(max-width: 660px) 100vw, 660px\" \/><\/figure><\/div>\n\n\n<p>Ger\u00e7i bu resim <strong>dianne dengel\u2019e <\/strong>ait diye biliyorum. Bilakis \u00e7o\u011funluk Dino\u2019ya ait olarak da biliyor.<\/p>\n\n\n\n<p>A\u00e7\u0131k\u00e7as\u0131 Dino\u2019nun tarz\u0131 de\u011fil \u00e7\u00fcnk\u00fc kendisi deli dolu, \u00e7\u0131lg\u0131n u\u00e7uk resimleriyle tan\u0131n\u0131r. Hatta K\u00fcrt\u00e7e de bilirsiniz Dino\u2019nun kar\u015f\u0131l\u0131\u011f\u0131 Deli\u2019dir. Zaten kendisi Deli Ressam olarakta an\u0131l\u0131r&#8230;<\/p>\n\n\n\n<p>Yani bu \u00fclke mutlulu\u011fun resmini b\u0131rak\u0131n g\u00f6rmeyi, ya\u015fayamad\u0131 ki&#8230;<\/p>\n\n\n\n<p>Gelen gideni arat\u0131r oldu&#8230; Do\u011fumumdan bu ya\u015f\u0131ma kadar de\u011fi\u015fen pek bir \u015fey olmad\u0131. Hatta Ba\u015f\u0131m\u0131zdakiler bile hala (Allah daha da uzun \u00f6m\u00fcrler versin) ayn\u0131. Ama de\u011fi\u015fmeyen tek \u015fey var; art\u0131k iktidar olman\u0131n yahut oturulan koltu\u011fun b\u00fcy\u00fcs\u00fcnden midir bilinmez. Ba\u015fa ge\u00e7enler insani \u00f6zelliklerini kaybediyorlar! Anlatt\u0131klar\u0131yla yapt\u0131klar\u0131 tezat.<\/p>\n\n\n\n<p>Gelen soyuyor-giden soyuyor-Halk ise hep susuyor&#8230; olan yine halk\u0131m\u0131za oluyor.<\/p>\n\n\n\n<p>Sevgili Nurettin De\u011firmenci Bey\u2019inde dedi\u011fine kat\u0131l\u0131yorum..<\/p>\n\n\n\n<p>Bellek \u201cdenen de\u011ferli olu\u015fumu: 1. Ben a\u00e7\u0131k &#8211; se\u00e7ik tan\u0131mlayam\u0131yorum, 2. Sizler anlayam\u0131yor sunuz&#8230;<\/p>\n\n\n\n<p>Ne olacak bu memleketin hali. :))<\/p>\n\n\n\n<p>Ne g\u00fczel dile getirmi\u015f adamca\u011f\u0131z&#8230;<\/p>\n\n\n\n<p>Di\u011fer yandan; \u0130ktidar\u0131n ba\u015f\u0131ndakilerinin Belle\u011fini tan\u0131mlamak neredeyse imkans\u0131z&#8230; ama hepsi ayn\u0131 \u00e7al\u0131\u015f\u0131yor, sadece \u015fiddetleri farkl\u0131&#8230; art\u00e7\u0131 deprem misali, ne zaman g\u00f6\u00e7\u00fc\u011f\u00fcn alt\u0131nda kalaca\u011f\u0131m\u0131zsa ME\u00c7HUL&#8230;<\/p>\n\n\n\n<p>Unutmadan:<\/p>\n\n\n\n<p>Sizin de hotmail adresinizi g\u00f6rd\u00fcm. Sizce de mahsuru yoksa ara s\u0131ra e-maillerimden size de yollamak isterim.<\/p>\n\n\n\n<p>Sayg\u0131lar Sunar, iyi haftalar dilerim.<\/p>\n\n\n\n<p><strong>8 May\u0131s 2009<br>G\u00fcl\u015fah TAL\u0130<\/strong><\/p>\n\n\n\n<p><\/p>\n\n\n<div class=\"taxonomy-post_tag wp-block-post-terms\"><a href=\"https:\/\/www.uzulmez.site\/?tag=abidin-dino\" rel=\"tag\">abidin dino<\/a><span class=\"wp-block-post-terms__separator\">, <\/span><a href=\"https:\/\/www.uzulmez.site\/?tag=dianne-dengel\" rel=\"tag\">dianne dengel<\/a><span class=\"wp-block-post-terms__separator\">, <\/span><a href=\"https:\/\/www.uzulmez.site\/?tag=dino\" rel=\"tag\">dino<\/a><span class=\"wp-block-post-terms__separator\">, <\/span><a href=\"https:\/\/www.uzulmez.site\/?tag=gulsah-tali\" rel=\"tag\">g\u00fcl\u015fah tali<\/a><span class=\"wp-block-post-terms__separator\">, <\/span><a href=\"https:\/\/www.uzulmez.site\/?tag=mutlulugun-resmi\" rel=\"tag\">mutlulu\u011fun resmi<\/a><span class=\"wp-block-post-terms__separator\">, <\/span><a href=\"https:\/\/www.uzulmez.site\/?tag=nazim-hikmet\" rel=\"tag\">naz\u0131m hikmet<\/a><span class=\"wp-block-post-terms__separator\">, <\/span><a href=\"https:\/\/www.uzulmez.site\/?tag=nurettin-degirmenci\" rel=\"tag\">nurettin de\u011firmenci<\/a><\/div>","protected":false},"excerpt":{"rendered":"<p>G\u00fcl\u015fah Tali\u2019nin g\u00f6nderdi\u011fi bir yaz\u0131 \u00dcz\u00fclmez Bey, Selamlar&#8230; Yaz\u0131n\u0131z\u0131 okurken \u00f6nceki yaz\u0131lar\u0131n\u0131za da g\u00f6z att\u0131m bu arada&#8230; Hepsi \u00e7ok duyarl\u0131 ve anlaml\u0131 g\u00f6nl\u00fcn\u00fcze sa\u011fl\u0131k. Sevgili Naz\u0131m Hikmet Ran\u2019\u0131n da dedi\u011fi gibi, \u201cSen mutlulu\u011fun resmini yapabilir misin Abidin?\u201d Naz\u0131m, Abidin Dina\u2019ya: \u201cBana mutlulu\u011fun resmini \u00e7izebilir misin Abidin ?&#8221; der; Sen mutlulu\u011fun resmini yapabilir misin Abidin?i\u015fin kolay\u0131na ka\u00e7madan amag\u00fcl yanakl\u0131 bebesini emziren melek y\u00fczl\u00fc anneci\u011fin resmini de\u011filne de ak \u00f6rt\u00fcde elmalar\u0131nne de akvaryumda su kabarc\u0131klar\u0131n\u0131n aras\u0131nda dola\u015fan k\u0131rm\u0131z\u0131 bal\u0131\u011f\u0131nkiniSen mutlulu\u011fun resmini yapabilir misin Abidin?1961 yaz\u0131 ortalar\u0131ndaki K\u00fcba\u2019n\u0131n resmini yapabilir misin?\u00c7ok \u015f\u00fck\u00fcr \u00e7ok \u015f\u00fck\u00fcr bug\u00fcn\u00fc de g\u00f6rd\u00fcm\u00f6lsem gam yemem gayr\u0131n\u0131n resmini yapabilir misin<\/p>\n","protected":false},"author":2,"featured_media":0,"comment_status":"open","ping_status":"closed","sticky":false,"template":"","format":"standard","meta":{"footnotes":""},"categories":[3403],"tags":[1566,4835,4833,4834,4836,140,298],"class_list":["post-6976","post","type-post","status-publish","format-standard","hentry","category-plus","tag-abidin-dino","tag-dianne-dengel","tag-dino","tag-gulsah-tali","tag-mutlulugun-resmi","tag-nazim-hikmet","tag-nurettin-degirmenci"],"_links":{"self":[{"href":"https:\/\/www.uzulmez.site\/index.php?rest_route=\/wp\/v2\/posts\/6976","targetHints":{"allow":["GET"]}}],"collection":[{"href":"https:\/\/www.uzulmez.site\/index.php?rest_route=\/wp\/v2\/posts"}],"about":[{"href":"https:\/\/www.uzulmez.site\/index.php?rest_route=\/wp\/v2\/types\/post"}],"author":[{"embeddable":true,"href":"https:\/\/www.uzulmez.site\/index.php?rest_route=\/wp\/v2\/users\/2"}],"replies":[{"embeddable":true,"href":"https:\/\/www.uzulmez.site\/index.php?rest_route=%2Fwp%2Fv2%2Fcomments&post=6976"}],"version-history":[{"count":1,"href":"https:\/\/www.uzulmez.site\/index.php?rest_route=\/wp\/v2\/posts\/6976\/revisions"}],"predecessor-version":[{"id":6978,"href":"https:\/\/www.uzulmez.site\/index.php?rest_route=\/wp\/v2\/posts\/6976\/revisions\/6978"}],"wp:attachment":[{"href":"https:\/\/www.uzulmez.site\/index.php?rest_route=%2Fwp%2Fv2%2Fmedia&parent=6976"}],"wp:term":[{"taxonomy":"category","embeddable":true,"href":"https:\/\/www.uzulmez.site\/index.php?rest_route=%2Fwp%2Fv2%2Fcategories&post=6976"},{"taxonomy":"post_tag","embeddable":true,"href":"https:\/\/www.uzulmez.site\/index.php?rest_route=%2Fwp%2Fv2%2Ftags&post=6976"}],"curies":[{"name":"wp","href":"https:\/\/api.w.org\/{rel}","templated":true}]}}