{"id":6928,"date":"2009-10-12T18:04:00","date_gmt":"2009-10-12T18:04:00","guid":{"rendered":"https:\/\/www.uzulmez.site\/?p=6928"},"modified":"2023-07-04T20:49:48","modified_gmt":"2023-07-04T20:49:48","slug":"istanbul-gezisi","status":"publish","type":"post","link":"https:\/\/www.uzulmez.site\/?p=6928","title":{"rendered":"\u0130stanbul Gezisi"},"content":{"rendered":"\n<p><\/p>\n\n\n\n<p class=\"has-medium-font-size\"><strong><em>Nurettin De\u011firmenci\u2019den ald\u0131\u011f\u0131m bir yaz\u0131<\/em><\/strong><\/p>\n\n\n\n<div style=\"height:50px\" aria-hidden=\"true\" class=\"wp-block-spacer\"><\/div>\n\n\n\n<p>Yaz\u0131 ve konu\u015fmalar\u0131n\u0131zda s\u0131k\u00e7a d\u00fczeltme yap\u0131yorsan\u0131z; d\u00fc\u015f\u00fcncelerinizdeki yanl\u0131\u015flar\u0131 kendi kendinizle tart\u0131\u015f\u0131n\u0131z.<\/p>\n\n\n\n<p>Saat 18 otob\u00fcs\u00fc ile \u0130stanbul\u2019a hareket ettim. Yolculu\u011fumu normal ko\u015fullarda tamamlad\u0131m. 8 Ekim 2009 g\u00fcn\u00fc \u00c7inlilerin tertipledi\u011fi toplant\u0131ya kat\u0131ld\u0131m. Toplant\u0131 \u00fc\u00e7 saat s\u00fcrd\u00fc. Toplant\u0131dan sonra ba\u015fka bir i\u015f g\u00f6r\u00fc\u015fmesi i\u00e7in \u00dcmraniye\u2019ye u\u011frad\u0131m. Gerekli g\u00f6r\u00fc\u015fmelerden sonra Beyo\u011flu\u2019na hareket ettim. Bir pastanede oturarak Ceren, Seda ve P\u0131nar\u2019\u0131 beklemeye ba\u015flad\u0131m. K\u0131zlarla saat 18.30 civar\u0131nda bulu\u015ftuk. Onlarla ak\u015fam yeme\u011fi i\u00e7in lokantaya gittik. Yemekten sonra kahve i\u00e7tik ve saat 21\u2019de eve d\u00f6nmek \u00fczere otob\u00fcse bindik.<\/p>\n\n\n\n<p>Evde iki saat sohbet ettik. Onlar\u0131 se\u00e7ecekleri bir konuda ara\u015ft\u0131rma yapmaya y\u00f6nlendirmeye \u00e7al\u0131\u015ft\u0131m. Saat 24 civar\u0131nda uyuduk.<\/p>\n\n\n\n<p>Sabahleyin saat 7\u2019de kalkt\u0131k. Kahvalt\u0131 yap\u0131p evden \u00e7\u0131kt\u0131k; k\u0131zlar okula, ben \u015eahin G\u00f6kdere\u2019nin yan\u0131na gitmek \u00fczere otob\u00fcse bindik.<\/p>\n\n\n\n<p>\u015eahin\u2019in yan\u0131na saat 11,30 civar\u0131nda vard\u0131m. Biraz sohbet ettik. Sonra birlikte \u00f6\u011fle yeme\u011fine \u00e7\u0131kt\u0131k. \u015eahin, \u201cDay\u0131, Utku\u2019nun eczanesinin a\u00e7\u0131l\u0131\u015f\u0131 var. Oraya gitmek ister misin? Ben gidemeyece\u011fim\u201d diye, a\u00e7\u0131klad\u0131. Adresi alarak Utku\u2019nun yan\u0131na gittim. Utku\u2019nun eczanesi Ba\u015fak\u015fehir\u2019dedir; a\u00e7\u0131l\u0131\u015fla ilgilenen Sevgi, M\u00fcsl\u00fcm, Utku (\u00dcz\u00fclmez)\u2026 G\u00fclerek beni kar\u015f\u0131lad\u0131lar. Oturup, gelenlerle sohbet ettim.<\/p>\n\n\n\n<p>\u00d6zellikle, trafik kazas\u0131nda belden a\u015fa\u011f\u0131s\u0131 fel\u00e7 olan Feyyaz Tolan \u00f6\u011fretmenle kar\u015f\u0131la\u015fmam benim i\u00e7in b\u00fcy\u00fck kazan\u00e7 oldu.<\/p>\n\n\n\n<p>Kendi kendisi ve \u00e7evresi ile bar\u0131\u015f\u0131k bu \u00f6\u011fretmen, ba\u015fta k\u0131z\u0131 ve e\u015fi olmak \u00fczere herkese ya\u015fama sevinci a\u015f\u0131l\u0131yor. G\u00fclerek, \u00e7evresine ne\u015fe sa\u00e7arak, girdi\u011fi ortam\u0131 ayd\u0131nlatarak ya\u015f\u0131yor. Kendisine, \u201cBelden a\u015fa\u011f\u0131 k\u0131sm\u0131nda sorunlar\u0131n var m\u0131?\u201d diye sordum. \u201cA\u011fr\u0131 s\u0131z\u0131 yok veya bellek alg\u0131lam\u0131yor ama di\u011fer sorunlar\u0131 ile ilgilenmiyorum\u201d diyerek, cevaplad\u0131. Bir insan ya\u015fama bu kadar g\u00fczel ba\u011fl\u0131 olabilir. Sonra arabas\u0131n\u0131 kendi s\u00fcrerek bizlerden ayr\u0131ld\u0131.<\/p>\n\n\n\n<p>A\u00e7\u0131l\u0131\u015fta Onurcan \u00dcz\u00fclmez ile tan\u0131\u015ft\u0131m. Kadir Has \u00dcniversitesi \u00f6\u011frencisi olan Onurcan, bilgisayar b\u00f6l\u00fcm\u00fcnde okuyor. Sohbet ettik; Onurcan, daha iyi \u00e7al\u0131\u015faca\u011f\u0131na, \u0130ngilizcesini geli\u015ftirece\u011fine, sigara konusunu d\u00fc\u015f\u00fcnece\u011fine s\u00f6z verdi. Kendisine ba\u015far\u0131lar diliyorum.<\/p>\n\n\n\n<p>Saat 19.30\u2019da Abu Bak\u0131r, e\u015fi, M\u00fcsl\u00fcm ve Sevgi ile beraber eve gittik. Evde Abu Bak\u0131r ile sohbete dald\u0131m.<\/p>\n\n\n\n<p>Abu Bak\u0131r, Utku\u2019nun arkada\u015f\u0131 ve Kenyal\u0131d\u0131r. T\u00fcrkiye\u2019de eczac\u0131l\u0131k okudu, okulunu bitirdikten sonra \u00e7al\u0131\u015f\u0131yor. Bana Kenya\u2019daki kabileler, e\u011fitim, y\u00f6netim hakk\u0131nda baz\u0131 bilgiler verdi. Abu Bak\u0131r\u2019\u0131 dinledikten sonra yerel diller konusunda epeyce d\u00fc\u015f\u00fcnd\u00fcm. Her ge\u00e7en g\u00fcn kapal\u0131l\u0131ktan kurtulan d\u00fcnyada; yerel diller, a\u015f\u0131lmas\u0131 \u00e7aba isteyen, korunmalar\u0131 gereken, zor ve engebeli konudur. Gece, 24\u2019de uyuduk.<\/p>\n\n\n\n<p>10 Ekim 2009 g\u00fcn\u00fc saat 7.30\u2019da evden \u00e7\u0131kt\u0131m. \u00d6nce Ankara\u2019ya u\u011frad\u0131m, sonra Mersin\u2019e hareket ettim. Saat 24\u2019te eve vard\u0131m.<\/p>\n\n\n\n<p><strong>12 Ekim 2009<br>Nurettin De\u011firmenci<br>Elk. Y\u00fck. M\u00fch.<\/strong><\/p>\n\n\n\n<p><\/p>\n\n\n<div class=\"taxonomy-post_tag wp-block-post-terms\"><a href=\"https:\/\/www.uzulmez.site\/?tag=abu-bakir\" rel=\"tag\">abu bak\u0131r<\/a><span class=\"wp-block-post-terms__separator\">, <\/span><a href=\"https:\/\/www.uzulmez.site\/?tag=acilis\" rel=\"tag\">a\u00e7\u0131l\u0131\u015f<\/a><span class=\"wp-block-post-terms__separator\">, <\/span><a href=\"https:\/\/www.uzulmez.site\/?tag=feyyaz-tolan\" rel=\"tag\">feyyaz tolan<\/a><span class=\"wp-block-post-terms__separator\">, <\/span><a href=\"https:\/\/www.uzulmez.site\/?tag=istanbul-gezisi\" rel=\"tag\">istanbul gezisi<\/a><span class=\"wp-block-post-terms__separator\">, <\/span><a href=\"https:\/\/www.uzulmez.site\/?tag=nurettin-degirmenci\" rel=\"tag\">nurettin de\u011firmenci<\/a><span class=\"wp-block-post-terms__separator\">, <\/span><a href=\"https:\/\/www.uzulmez.site\/?tag=utkunun-eczanesi\" rel=\"tag\">utku\u2019nun eczanesi<\/a><\/div>","protected":false},"excerpt":{"rendered":"<p>Nurettin De\u011firmenci\u2019den ald\u0131\u011f\u0131m bir yaz\u0131 Yaz\u0131 ve konu\u015fmalar\u0131n\u0131zda s\u0131k\u00e7a d\u00fczeltme yap\u0131yorsan\u0131z; d\u00fc\u015f\u00fcncelerinizdeki yanl\u0131\u015flar\u0131 kendi kendinizle tart\u0131\u015f\u0131n\u0131z. Saat 18 otob\u00fcs\u00fc ile \u0130stanbul\u2019a hareket ettim. Yolculu\u011fumu normal ko\u015fullarda tamamlad\u0131m. 8 Ekim 2009 g\u00fcn\u00fc \u00c7inlilerin tertipledi\u011fi toplant\u0131ya kat\u0131ld\u0131m. Toplant\u0131 \u00fc\u00e7 saat s\u00fcrd\u00fc. Toplant\u0131dan sonra ba\u015fka bir i\u015f g\u00f6r\u00fc\u015fmesi i\u00e7in \u00dcmraniye\u2019ye u\u011frad\u0131m. Gerekli g\u00f6r\u00fc\u015fmelerden sonra Beyo\u011flu\u2019na hareket ettim. Bir pastanede oturarak Ceren, Seda ve P\u0131nar\u2019\u0131 beklemeye ba\u015flad\u0131m. K\u0131zlarla saat 18.30 civar\u0131nda bulu\u015ftuk. Onlarla ak\u015fam yeme\u011fi i\u00e7in lokantaya gittik. Yemekten sonra kahve i\u00e7tik ve saat 21\u2019de eve d\u00f6nmek \u00fczere otob\u00fcse bindik. Evde iki saat sohbet ettik. Onlar\u0131 se\u00e7ecekleri bir konuda ara\u015ft\u0131rma yapmaya y\u00f6nlendirmeye \u00e7al\u0131\u015ft\u0131m. Saat<\/p>\n","protected":false},"author":2,"featured_media":0,"comment_status":"open","ping_status":"closed","sticky":false,"template":"","format":"standard","meta":{"footnotes":""},"categories":[3403],"tags":[4800,4799,4798,4797,298,4801],"class_list":["post-6928","post","type-post","status-publish","format-standard","hentry","category-plus","tag-abu-bakir","tag-acilis","tag-feyyaz-tolan","tag-istanbul-gezisi","tag-nurettin-degirmenci","tag-utkunun-eczanesi"],"_links":{"self":[{"href":"https:\/\/www.uzulmez.site\/index.php?rest_route=\/wp\/v2\/posts\/6928","targetHints":{"allow":["GET"]}}],"collection":[{"href":"https:\/\/www.uzulmez.site\/index.php?rest_route=\/wp\/v2\/posts"}],"about":[{"href":"https:\/\/www.uzulmez.site\/index.php?rest_route=\/wp\/v2\/types\/post"}],"author":[{"embeddable":true,"href":"https:\/\/www.uzulmez.site\/index.php?rest_route=\/wp\/v2\/users\/2"}],"replies":[{"embeddable":true,"href":"https:\/\/www.uzulmez.site\/index.php?rest_route=%2Fwp%2Fv2%2Fcomments&post=6928"}],"version-history":[{"count":2,"href":"https:\/\/www.uzulmez.site\/index.php?rest_route=\/wp\/v2\/posts\/6928\/revisions"}],"predecessor-version":[{"id":6946,"href":"https:\/\/www.uzulmez.site\/index.php?rest_route=\/wp\/v2\/posts\/6928\/revisions\/6946"}],"wp:attachment":[{"href":"https:\/\/www.uzulmez.site\/index.php?rest_route=%2Fwp%2Fv2%2Fmedia&parent=6928"}],"wp:term":[{"taxonomy":"category","embeddable":true,"href":"https:\/\/www.uzulmez.site\/index.php?rest_route=%2Fwp%2Fv2%2Fcategories&post=6928"},{"taxonomy":"post_tag","embeddable":true,"href":"https:\/\/www.uzulmez.site\/index.php?rest_route=%2Fwp%2Fv2%2Ftags&post=6928"}],"curies":[{"name":"wp","href":"https:\/\/api.w.org\/{rel}","templated":true}]}}