{"id":6917,"date":"2005-09-03T12:26:00","date_gmt":"2005-09-03T12:26:00","guid":{"rendered":"https:\/\/www.uzulmez.site\/?p=6917"},"modified":"2023-07-04T12:31:42","modified_gmt":"2023-07-04T12:31:42","slug":"muslumandan-dusunur-olmaz","status":"publish","type":"post","link":"https:\/\/www.uzulmez.site\/?p=6917","title":{"rendered":"&#8220;M\u00fcsl\u00fcman&#8217;dan d\u00fc\u015f\u00fcn\u00fcr olmaz!&#8221;"},"content":{"rendered":"\n<p><\/p>\n\n\n\n<p class=\"has-medium-font-size\"><em><strong>Nurettin De\u011firmenci\u2019ye yazd\u0131\u011f\u0131m bir yaz\u0131m<\/strong><\/em><\/p>\n\n\n\n<div style=\"height:50px\" aria-hidden=\"true\" class=\"wp-block-spacer\"><\/div>\n\n\n\n<p>Sevgili Day\u0131m,<\/p>\n\n\n\n<p>Sayg\u0131 ve sevgilerimi g\u00f6nderiyorum. Sana ba\u015far\u0131lar diliyorum.<\/p>\n\n\n\n<p>Day\u0131, Utku&#8217;ya g\u00f6nderdi\u011fin yaz\u0131lar\u0131n t\u00fcm\u00fcn\u00fc okudum. Do\u011fa ve \u00e7evre betimlemelerin harika. ABD&#8217;liler ve di\u011fer insanlar\u0131n davran\u0131\u015flar\u0131na ili\u015fkin g\u00f6zlemlerin de \u00e7ok g\u00fczel. Bu insan davran\u0131\u015flar\u0131nda, bilgili toplumlara ait insanlarla bilgiden yoksun veya bilgi fukaras\u0131 insanlar\u0131n davran\u0131\u015flar\u0131ndaki o muazzam fark\u0131 ince mizahi bir \u00fcsl\u00fbpla anlatman ve tespitler g\u00fczel olman\u0131n yan\u0131nda \u00e7ok d\u00fc\u015f\u00fcnd\u00fcr\u00fcc\u00fc. G\u00fcnl\u00fck yo\u011fun i\u015f \u00e7al\u0131\u015fmalar\u0131 aras\u0131nda f\u0131rsat yarat\u0131p bu g\u00fczel yaz\u0131lar\u0131 yazd\u0131\u011f\u0131n\u0131z i\u00e7in, hem bir ye\u011fenin olarak ve hem de okuma yazmaya merakl\u0131 biri olarak sizi kutluyorum.<\/p>\n\n\n\n<p>Yaz\u0131lar\u0131n\u0131zda al\u0131nt\u0131lar\u0131n \u00e7ok k\u0131sa ve anlat\u0131lan konulara zenginlik katmas\u0131 ve onlar\u0131 s\u00fcslemesi de yerinde. Yer yer tarihi olaylara ve tarihsel ki\u015filere de\u011finmen bence \u00f6l\u00e7\u00fcl\u00fc.<\/p>\n\n\n\n<p>Gelelim ele\u015ftirime.<\/p>\n\n\n\n<p>Yaz\u0131lara bir b\u00fct\u00fcn olarak bak\u0131ld\u0131\u011f\u0131nda M\u00fcsl\u00fcmanlara ili\u015fkin ele\u015ftirilerinde veya nefretinde biraz toptanc\u0131 bir anlay\u0131\u015f ve biraz da kaba bir yakla\u015f\u0131m var gibime geliyor. Tabi, &#8220;En do\u011frusunu Allah bilir&#8221;(!)<\/p>\n\n\n\n<p>Sevelim sevmeyelim, kabul edelim etmeyelim, bu \u00fclkenin \u00e7o\u011funlu\u011fu M\u00fcsl\u00fcman. Bir yere gidilecekse, bir \u015feyler yap\u0131lacaksa bu insanlarla gidilecektir, yap\u0131lacakt\u0131r. Uzaydan insan getiremeyece\u011fimize g\u00f6re, bu insanlarla kader birli\u011fimiz var.<\/p>\n\n\n\n<p>Ben, yazd\u0131klar\u0131n genel olarak yanl\u0131\u015ft\u0131r, do\u011fru de\u011fildir demiyorum. Yaz\u0131lar\u0131nda, ele\u015ftirilerinde biraz daha \u00f6l\u00e7\u00fcl\u00fc olman\u0131 \u00f6neriyorum. \u00d6l\u00e7\u00fcl\u00fc davranmasak, Etki-Tepki Yasas\u0131 gere\u011fi onlar\u0131 kar\u015f\u0131m\u0131za al\u0131r\u0131z ve dahas\u0131 nefretlerini \u00fczerimize \u00e7ekeriz. Bence, bizler bu toplumun i\u00e7inden biri oldu\u011fumuzu unutmamal\u0131y\u0131z. Ama, davran\u0131\u015f ve hareketlerimizde de farkl\u0131 olmam\u0131z gerekti\u011fini bilmeliyiz. Burada sorun biraz da y\u00f6ntem sorunu kan\u0131mca. M\u00fcsl\u00fcman toplumlar\u0131 ileri g\u00f6t\u00fcrmek, yasa ve \u00f6l\u00e7\u00fcyle tan\u0131\u015fmalar\u0131n\u0131 sa\u011flamak i\u00e7in; onlar\u0131n i\u00e7inde olmal\u0131y\u0131z; dilimiz d\u00f6nd\u00fc\u011f\u00fcnce, kalemimiz t\u00fckeninceye kadar ve dahas\u0131, \u00f6rnek davran\u0131\u015flar\u0131m\u0131zla (diliyle ikrar eden, kalben de tasdik eden) ayd\u0131nl\u0131k \u0131\u015f\u0131\u011f\u0131n\u0131 ta\u015f\u0131mal\u0131y\u0131z. Veya, cepheden sava\u015farak onlar\u0131 ayd\u0131nl\u0131\u011fa itelemeliyiz. Ben, cepheden sava\u015f\u0131n her iki tarafa da zarar verece\u011fini d\u00fc\u015f\u00fcn\u00fcyorum. Yoksa halen politik kimli\u011fimden s\u0131yr\u0131lamad\u0131\u011f\u0131m i\u00e7in olaya biraz politik mi bak\u0131yorum?<\/p>\n\n\n\n<p>Gelelim bir ba\u015fka konuya: &#8220;M\u00fcsl\u00fcman&#8217;dan d\u00fc\u015f\u00fcn\u00fcr olmaz!&#8221; diyorsun.<\/p>\n\n\n\n<p>Ki\u015fisel olarak bu d\u00fc\u015f\u00fcnceye pek kat\u0131lm\u0131yorum. Bu, bence toptanc\u0131 bir yakla\u015f\u0131m. \u015eimdi; \u00f6yle bir durup d\u00fc\u015f\u00fcnelim: \u0130bn Sina, \u0130bn Rustu, \u0130bn Haldun, Hayyam, Farab\u00ee, Kind\u00ee\u2026 yoksa M\u00fcsl\u00fcman de\u011fildiler mi? M\u00fcsl\u00fcman&#8217;d\u0131lar. Peki, nas\u0131l oluyor da bug\u00fcn bile eserleri okunuyor, Bat\u0131l\u0131 bilim adamlar\u0131 halen onlar\u0131n eserlerini inceliyor. Bence, sorun M\u00fcsl\u00fcmanlardaki var olan egemen anlay\u0131\u015ftan kaynaklan\u0131yor. Hat\u0131rlayabildi\u011fim kadar\u0131yla, 1300&#8217;lu y\u0131llara kadar k\u0131s\u0131tl\u0131 da olsa, \u0130sl\u00e2m d\u00fc\u015f\u00fcn\u00fcrlerinde sorgulay\u0131c\u0131, bilgi ve olgulara kar\u015f\u0131 ku\u015fkulu yakla\u015f\u0131m var idi. Bu nedenle yukarda and\u0131\u011f\u0131m d\u00fc\u015f\u00fcn\u00fcrler \u00e7\u0131kabilmi\u015ftir. Ne zaman \u0130mam Gazal\u00ee&#8217;nin tek\u00e7i, her \u015feyin Vahiy ile a\u00e7\u0131klanmas\u0131 gerekti\u011fi, her \u015feyin Kuran&#8217;da yaz\u0131l\u0131 oldu\u011fu, -Aksi halde, sorgulama yap\u0131l\u0131rsa, ku\u015fkulu bir yakla\u015f\u0131m i\u00e7inde olunursa Allah&#8217;\u0131n varl\u0131\u011f\u0131 ve birli\u011finin de (tevhit) tart\u0131\u015f\u0131laca\u011f\u0131, bunun da &#8220;k\u00fcf\u00fcr&#8221; oldu\u011funu a\u00e7\u0131klayan d\u00fc\u015f\u00fcncesi- \u0130sl\u00e2m \u00c2lemi\u2019ne egemen olunca; d\u00fc\u015f\u00fcnsel anlamda M\u00fcsl\u00fcmanlar d\u00fc\u015f\u00fcnce \u00fcretmez oldular. Her \u015feyde geri kald\u0131, bug\u00fcn istemedi\u011fimiz, arzu etmedi\u011fimiz durum ortaya \u00e7\u0131kt\u0131. \u015eimdi M\u00fcsl\u00fcmanlar k\u00f6r bir kuyunun i\u00e7inde, bizler, M\u00fcsl\u00fcmanlar\u0131n bu k\u00f6r kuyudan \u00e7\u0131kmalar\u0131 i\u00e7in onlara yard\u0131mc\u0131 olmal\u0131y\u0131z.<\/p>\n\n\n\n<p>Ne dersin? Sayg\u0131lar\u0131mla\u2026<\/p>\n\n\n\n<p><strong>3 Eyl\u00fcl 2005<br>M\u00fcsl\u00fcm \u00dcz\u00fclmez<\/strong><\/p>\n\n\n\n<div style=\"height:30px\" aria-hidden=\"true\" class=\"wp-block-spacer\"><\/div>\n\n\n\n<p><\/p>\n\n\n<div class=\"taxonomy-post_tag wp-block-post-terms\"><a href=\"https:\/\/www.uzulmez.site\/?tag=dusunur\" rel=\"tag\">d\u00fc\u015f\u00fcn\u00fcr<\/a><span class=\"wp-block-post-terms__separator\">, <\/span><a href=\"https:\/\/www.uzulmez.site\/?tag=farabi\" rel=\"tag\">farab\u00ee<\/a><span class=\"wp-block-post-terms__separator\">, <\/span><a href=\"https:\/\/www.uzulmez.site\/?tag=hayyam\" rel=\"tag\">Hayyam<\/a><span class=\"wp-block-post-terms__separator\">, <\/span><a href=\"https:\/\/www.uzulmez.site\/?tag=ibn-haldun-2\" rel=\"tag\">ibn haldun<\/a><span class=\"wp-block-post-terms__separator\">, <\/span><a href=\"https:\/\/www.uzulmez.site\/?tag=ibn-rustu\" rel=\"tag\">ibn rustu<\/a><span class=\"wp-block-post-terms__separator\">, <\/span><a href=\"https:\/\/www.uzulmez.site\/?tag=ibn-sina\" rel=\"tag\">ibn sina<\/a><span class=\"wp-block-post-terms__separator\">, <\/span><a href=\"https:\/\/www.uzulmez.site\/?tag=imam-gazali-2\" rel=\"tag\">imam gazali<\/a><span class=\"wp-block-post-terms__separator\">, <\/span><a href=\"https:\/\/www.uzulmez.site\/?tag=kindi\" rel=\"tag\">kind\u00ee<\/a><span class=\"wp-block-post-terms__separator\">, <\/span><a href=\"https:\/\/www.uzulmez.site\/?tag=musluman\" rel=\"tag\">m\u00fcsl\u00fcman<\/a><span class=\"wp-block-post-terms__separator\">, <\/span><a href=\"https:\/\/www.uzulmez.site\/?tag=nurettin-degirmenci\" rel=\"tag\">nurettin de\u011firmenci<\/a><span class=\"wp-block-post-terms__separator\">, <\/span><a href=\"https:\/\/www.uzulmez.site\/?tag=vahiy\" rel=\"tag\">vahiy<\/a><\/div>","protected":false},"excerpt":{"rendered":"<p>Nurettin De\u011firmenci\u2019ye yazd\u0131\u011f\u0131m bir yaz\u0131m Sevgili Day\u0131m, Sayg\u0131 ve sevgilerimi g\u00f6nderiyorum. Sana ba\u015far\u0131lar diliyorum. Day\u0131, Utku&#8217;ya g\u00f6nderdi\u011fin yaz\u0131lar\u0131n t\u00fcm\u00fcn\u00fc okudum. Do\u011fa ve \u00e7evre betimlemelerin harika. ABD&#8217;liler ve di\u011fer insanlar\u0131n davran\u0131\u015flar\u0131na ili\u015fkin g\u00f6zlemlerin de \u00e7ok g\u00fczel. Bu insan davran\u0131\u015flar\u0131nda, bilgili toplumlara ait insanlarla bilgiden yoksun veya bilgi fukaras\u0131 insanlar\u0131n davran\u0131\u015flar\u0131ndaki o muazzam fark\u0131 ince mizahi bir \u00fcsl\u00fbpla anlatman ve tespitler g\u00fczel olman\u0131n yan\u0131nda \u00e7ok d\u00fc\u015f\u00fcnd\u00fcr\u00fcc\u00fc. G\u00fcnl\u00fck yo\u011fun i\u015f \u00e7al\u0131\u015fmalar\u0131 aras\u0131nda f\u0131rsat yarat\u0131p bu g\u00fczel yaz\u0131lar\u0131 yazd\u0131\u011f\u0131n\u0131z i\u00e7in, hem bir ye\u011fenin olarak ve hem de okuma yazmaya merakl\u0131 biri olarak sizi kutluyorum. Yaz\u0131lar\u0131n\u0131zda al\u0131nt\u0131lar\u0131n \u00e7ok k\u0131sa ve anlat\u0131lan konulara zenginlik katmas\u0131 ve<\/p>\n","protected":false},"author":2,"featured_media":0,"comment_status":"open","ping_status":"closed","sticky":false,"template":"","format":"standard","meta":{"footnotes":""},"categories":[3403],"tags":[461,4788,1996,3806,4791,4789,4790,4792,422,298,4212],"class_list":["post-6917","post","type-post","status-publish","format-standard","hentry","category-plus","tag-dusunur","tag-farabi","tag-hayyam","tag-ibn-haldun-2","tag-ibn-rustu","tag-ibn-sina","tag-imam-gazali-2","tag-kindi","tag-musluman","tag-nurettin-degirmenci","tag-vahiy"],"_links":{"self":[{"href":"https:\/\/www.uzulmez.site\/index.php?rest_route=\/wp\/v2\/posts\/6917","targetHints":{"allow":["GET"]}}],"collection":[{"href":"https:\/\/www.uzulmez.site\/index.php?rest_route=\/wp\/v2\/posts"}],"about":[{"href":"https:\/\/www.uzulmez.site\/index.php?rest_route=\/wp\/v2\/types\/post"}],"author":[{"embeddable":true,"href":"https:\/\/www.uzulmez.site\/index.php?rest_route=\/wp\/v2\/users\/2"}],"replies":[{"embeddable":true,"href":"https:\/\/www.uzulmez.site\/index.php?rest_route=%2Fwp%2Fv2%2Fcomments&post=6917"}],"version-history":[{"count":2,"href":"https:\/\/www.uzulmez.site\/index.php?rest_route=\/wp\/v2\/posts\/6917\/revisions"}],"predecessor-version":[{"id":6919,"href":"https:\/\/www.uzulmez.site\/index.php?rest_route=\/wp\/v2\/posts\/6917\/revisions\/6919"}],"wp:attachment":[{"href":"https:\/\/www.uzulmez.site\/index.php?rest_route=%2Fwp%2Fv2%2Fmedia&parent=6917"}],"wp:term":[{"taxonomy":"category","embeddable":true,"href":"https:\/\/www.uzulmez.site\/index.php?rest_route=%2Fwp%2Fv2%2Fcategories&post=6917"},{"taxonomy":"post_tag","embeddable":true,"href":"https:\/\/www.uzulmez.site\/index.php?rest_route=%2Fwp%2Fv2%2Ftags&post=6917"}],"curies":[{"name":"wp","href":"https:\/\/api.w.org\/{rel}","templated":true}]}}