{"id":6886,"date":"2021-10-10T16:55:00","date_gmt":"2021-10-10T16:55:00","guid":{"rendered":"https:\/\/www.uzulmez.site\/?p=6886"},"modified":"2023-07-03T17:03:59","modified_gmt":"2023-07-03T17:03:59","slug":"gece-gelen-siir","status":"publish","type":"post","link":"https:\/\/www.uzulmez.site\/?p=6886","title":{"rendered":"Gece Gelen \u015eiir"},"content":{"rendered":"\n<p><\/p>\n\n\n\n<p class=\"has-medium-font-size\"><strong>Karde\u015fim Ali Haydar \u00dcz\u00fclmez\u2019den ald\u0131\u011f\u0131m bir mektup<\/strong><\/p>\n\n\n\n<div style=\"height:50px\" aria-hidden=\"true\" class=\"wp-block-spacer\"><\/div>\n\n\n\n<p>G\u00fcnayd\u0131n Sevgili A\u011fabeyim,<\/p>\n\n\n\n<p>D\u00fcn \u00d6zg\u00fcrl\u00fck Park\u0131\u2019nda y\u00fcr\u00fcrken akraba ve benim tan\u0131mad\u0131\u011f\u0131m onlar\u0131n beni\/ bizi tan\u0131d\u0131\u011f\u0131 insanlarla telefonda konu\u015ftum. Benim iyi bir baba, iyi bir \u00f6\u011fretmen, iyi bir devrimci\/ arkada\u015f, ge\u00e7mi\u015fte iyi bir e\u015f oldu\u011fumu s\u00f6ylediler. Duyguland\u0131m. Galiba ya\u015flan\u0131yorum. Eskiden bu t\u00fcr iltifat ve s\u00f6ylemler beni etkilemezdi. \u015eimdi etkileniyorum.<\/p>\n\n\n\n<p>Eve geldim, evin i\u00e7inde saatlerce d\u00f6nd\u00fcm durdum. Ge\u00e7mi\u015fimle s\u00f6yle\u015ftim. Yar\u0131m as\u0131rl\u0131k devrimci m\u00fccadelem, \u00f6\u011fretmenli\u011fim, evlenmem, \u00e7al\u0131\u015fmam, \u00e7ocuklar\u0131n e\u011fitimi, sevgili Makbule&#8217;nin hastal\u0131\u011f\u0131, baban\u0131n ans\u0131z\u0131n, annenin yak\u0131n \u00f6l\u00fcm\u00fc. Beni fazlas\u0131 ile yordu.<\/p>\n\n\n\n<p>A\u011fz\u0131mda \u00f6zlemini \u00e7ekti\u011fim\/ \u00e7ekti\u011fimiz hayata dair kimi s\u00f6zc\u00fckler\/m\u0131sralar gelip, gitti.<\/p>\n\n\n\n<p>Bire do\u011fru uyumaya \u00e7al\u0131\u015ft\u0131m; kafam yast\u0131kta beynim saat gibi \u00e7al\u0131\u015f\u0131yor ve \u015fiir yaz\u0131yorum. Uyand\u0131m, akl\u0131mda kalanlar\u0131 telefonuma kay\u0131t ettim. Sonra tekrar dald\u0131m yine beynim \u00e7al\u0131\u015f\u0131yor s\u00f6zc\u00fckler ak\u0131n ak\u0131n geliyor. Tekrar kalkt\u0131m ve akl\u0131ma gelenleri yazd\u0131m. Tekrar dald\u0131m sabah sekizde uyand\u0131\u011f\u0131mda a\u011fz\u0131mda m\u0131sralar. Onlar\u0131 da yazd\u0131m. Uyuyamad\u0131m, uyand\u0131m. Duda\u011f\u0131mda u\u00e7uk \u00e7\u0131km\u0131\u015f. Evde krem vard\u0131 s\u00fcrd\u00fcm.<\/p>\n\n\n\n<p>Kahvalt\u0131 yapt\u0131m, \u015fiiri d\u00fczenledim.<\/p>\n\n\n\n<p>Gece gelen bu \u015fiiri sana g\u00f6nderiyorum bakal\u0131m be\u011fenecek misin?<\/p>\n\n\n\n<p>Be\u011fenirsen beni uyutmayan bu \u015fiirimi foto\u011fraf\u0131mla bu yaz\u0131yla yay\u0131nlata bilir misin? Sana sa\u011fl\u0131kl\u0131, g\u00fczel g\u00fcnler diliyorum.<\/p>\n\n\n\n<p><strong>10 Ekim 2021<br>Seni, seven karde\u015fin\/ yolda\u015f\u0131n Ali Haydar<\/strong><\/p>\n\n\n\n<p>\u0130lgili yaz\u0131: <a href=\"https:\/\/www.uzulmez.site\/?p=4056\" data-type=\"post\" data-id=\"4056\">Karde\u015fime Gece Gelen \u015eiir<\/a><\/p>\n\n\n\n<div style=\"height:30px\" aria-hidden=\"true\" class=\"wp-block-spacer\"><\/div>\n\n\n<div class=\"taxonomy-post_tag wp-block-post-terms\"><a href=\"https:\/\/www.uzulmez.site\/?tag=ali-haydar-uzulmez\" rel=\"tag\">ali haydar \u00fcz\u00fclmez<\/a><span class=\"wp-block-post-terms__separator\">, <\/span><a href=\"https:\/\/www.uzulmez.site\/?tag=gece\" rel=\"tag\">gece<\/a><span class=\"wp-block-post-terms__separator\">, <\/span><a href=\"https:\/\/www.uzulmez.site\/?tag=siir\" rel=\"tag\">\u015fiir<\/a><\/div>","protected":false},"excerpt":{"rendered":"<p>Karde\u015fim Ali Haydar \u00dcz\u00fclmez\u2019den ald\u0131\u011f\u0131m bir mektup G\u00fcnayd\u0131n Sevgili A\u011fabeyim, D\u00fcn \u00d6zg\u00fcrl\u00fck Park\u0131\u2019nda y\u00fcr\u00fcrken akraba ve benim tan\u0131mad\u0131\u011f\u0131m onlar\u0131n beni\/ bizi tan\u0131d\u0131\u011f\u0131 insanlarla telefonda konu\u015ftum. Benim iyi bir baba, iyi bir \u00f6\u011fretmen, iyi bir devrimci\/ arkada\u015f, ge\u00e7mi\u015fte iyi bir e\u015f oldu\u011fumu s\u00f6ylediler. Duyguland\u0131m. Galiba ya\u015flan\u0131yorum. Eskiden bu t\u00fcr iltifat ve s\u00f6ylemler beni etkilemezdi. \u015eimdi etkileniyorum. Eve geldim, evin i\u00e7inde saatlerce d\u00f6nd\u00fcm durdum. Ge\u00e7mi\u015fimle s\u00f6yle\u015ftim. Yar\u0131m as\u0131rl\u0131k devrimci m\u00fccadelem, \u00f6\u011fretmenli\u011fim, evlenmem, \u00e7al\u0131\u015fmam, \u00e7ocuklar\u0131n e\u011fitimi, sevgili Makbule&#8217;nin hastal\u0131\u011f\u0131, baban\u0131n ans\u0131z\u0131n, annenin yak\u0131n \u00f6l\u00fcm\u00fc. Beni fazlas\u0131 ile yordu. A\u011fz\u0131mda \u00f6zlemini \u00e7ekti\u011fim\/ \u00e7ekti\u011fimiz hayata dair kimi s\u00f6zc\u00fckler\/m\u0131sralar gelip, gitti. Bire do\u011fru uyumaya \u00e7al\u0131\u015ft\u0131m; kafam<\/p>\n","protected":false},"author":2,"featured_media":0,"comment_status":"open","ping_status":"open","sticky":false,"template":"","format":"standard","meta":{"footnotes":""},"categories":[3403],"tags":[105,4772,116],"class_list":["post-6886","post","type-post","status-publish","format-standard","hentry","category-plus","tag-ali-haydar-uzulmez","tag-gece","tag-siir"],"_links":{"self":[{"href":"https:\/\/www.uzulmez.site\/index.php?rest_route=\/wp\/v2\/posts\/6886","targetHints":{"allow":["GET"]}}],"collection":[{"href":"https:\/\/www.uzulmez.site\/index.php?rest_route=\/wp\/v2\/posts"}],"about":[{"href":"https:\/\/www.uzulmez.site\/index.php?rest_route=\/wp\/v2\/types\/post"}],"author":[{"embeddable":true,"href":"https:\/\/www.uzulmez.site\/index.php?rest_route=\/wp\/v2\/users\/2"}],"replies":[{"embeddable":true,"href":"https:\/\/www.uzulmez.site\/index.php?rest_route=%2Fwp%2Fv2%2Fcomments&post=6886"}],"version-history":[{"count":1,"href":"https:\/\/www.uzulmez.site\/index.php?rest_route=\/wp\/v2\/posts\/6886\/revisions"}],"predecessor-version":[{"id":6887,"href":"https:\/\/www.uzulmez.site\/index.php?rest_route=\/wp\/v2\/posts\/6886\/revisions\/6887"}],"wp:attachment":[{"href":"https:\/\/www.uzulmez.site\/index.php?rest_route=%2Fwp%2Fv2%2Fmedia&parent=6886"}],"wp:term":[{"taxonomy":"category","embeddable":true,"href":"https:\/\/www.uzulmez.site\/index.php?rest_route=%2Fwp%2Fv2%2Fcategories&post=6886"},{"taxonomy":"post_tag","embeddable":true,"href":"https:\/\/www.uzulmez.site\/index.php?rest_route=%2Fwp%2Fv2%2Ftags&post=6886"}],"curies":[{"name":"wp","href":"https:\/\/api.w.org\/{rel}","templated":true}]}}