{"id":6541,"date":"2012-06-18T09:50:00","date_gmt":"2012-06-18T09:50:00","guid":{"rendered":"https:\/\/www.uzulmez.site\/?p=6541"},"modified":"2023-07-04T13:12:07","modified_gmt":"2023-07-04T13:12:07","slug":"cayonunden-erganiye-uzun-bir-yuruyus-4","status":"publish","type":"post","link":"https:\/\/www.uzulmez.site\/?p=6541","title":{"rendered":"A\u00e7\u0131l\u0131m ve Demokrasi \u00c7\u00fcng\u00fc\u015f Kilisesi"},"content":{"rendered":"\n<p class=\"has-medium-font-size\"><em><strong>Day\u0131m Nurettin De\u011firmenci\u2019den ald\u0131\u011f\u0131m bir mesaj ve bir yaz\u0131<\/strong><\/em><\/p>\n\n\n\n<p>Sevgili ye\u011fenim,<br>Ekteki yaz\u0131y\u0131 Diyarbak\u0131r k\u00fcmesine<sup>(*)<\/sup> g\u00f6nderdim; yay\u0131nlamad\u0131lar ama<strong><em> hyteret <\/em><\/strong>yay\u0131nlad\u0131.<br>Sizleri \u00f6p\u00fcyorum.<br><strong>Nurettin De\u011firmenci<\/strong><\/p>\n\n\n\n<p class=\"has-text-align-center\">***<\/p>\n\n\n\n<p><strong>A\u00e7\u0131l\u0131m ve Demokrasi \u00c7\u00fcng\u00fc\u015f Kilisesi<\/strong><\/p>\n\n\n\n<p>Ba\u015fbakan Yard\u0131mc\u0131s\u0131 B\u00fclent Ar\u0131n\u00e7, T\u00fcrkiye gayrim\u00fcslim cemaat vak\u0131flar\u0131n\u0131n mallar\u0131n\u0131 iade ederken Yunanistan, Bulgaristan, Girit ve K\u0131br\u0131s\u2019ta kalan Osmanl\u0131 d\u00f6nemi vak\u0131flar\u0131 konusunda m\u00fctekabiliyet (kar\u015f\u0131l\u0131kl\u0131l\u0131k) prensibinin \u00e7al\u0131\u015ft\u0131r\u0131lmas\u0131n\u0131 isteyen muhalefete, \u201cM\u00fctekabiliyet olmaz. Bir devletin, kendi vatanda\u015flar\u0131na tan\u0131yaca\u011f\u0131 haklar\u0131, di\u011fer devletlerin tutum ve politikalar\u0131 esas\u0131nda belirlemesi s\u00f6z konusu olamaz\u201d dedi.<\/p>\n\n\n\n<p class=\"has-text-align-center\"><\/p>\n\n\n<div class=\"wp-block-image\">\n<figure class=\"aligncenter size-full\"><img fetchpriority=\"high\" decoding=\"async\" width=\"612\" height=\"340\" src=\"https:\/\/www.uzulmez.site\/wp-content\/uploads\/2023\/07\/burma.jpg\" alt=\"\" class=\"wp-image-6863\" srcset=\"https:\/\/www.uzulmez.site\/wp-content\/uploads\/2023\/07\/burma.jpg 612w, https:\/\/www.uzulmez.site\/wp-content\/uploads\/2023\/07\/burma-300x167.jpg 300w, https:\/\/www.uzulmez.site\/wp-content\/uploads\/2023\/07\/burma-480x267.jpg 480w\" sizes=\"(max-width: 612px) 100vw, 612px\" \/><figcaption class=\"wp-element-caption\">Burma\u2019daki din sava\u015flar\u0131ndan ka\u00e7\u0131p Banglade\u015f\u2019e ge\u00e7mek isteyen M\u00fcsl\u00fcman aile. (12-6-2012)<\/figcaption><\/figure><\/div>\n\n\n<p>Ar\u0131n\u00e7, \u0130zmir Musevi Cemaati\u2019nin 13 Aral\u0131k 2011\u2019de az\u0131nl\u0131k vakf\u0131 olarak tescil edildi\u011fini, ancak mallar\u0131n\u0131n iadesi i\u00e7in hen\u00fcz ba\u015fvurmad\u0131\u011f\u0131n\u0131 a\u00e7\u0131klad\u0131. Ar\u0131n\u00e7, MHP Manisa Milletvekili Erkan Ak\u00e7ay\u2019\u0131n sorusuna verdi\u011fi yan\u0131tta, Yunanistan, Bulgaristan, Girit ve K\u0131br\u0131s\u2019taki Osmanl\u0131 vak\u0131flar\u0131 mallar\u0131 i\u00e7in kar\u015f\u0131l\u0131kl\u0131l\u0131k ilkesinin uygulanamayaca\u011f\u0131n\u0131 s\u00f6yledi. (18-1-2012)<\/p>\n\n\n\n<p>B\u00fct\u00fcn ilkel y\u00f6netimlerde, \u201cG\u00f6ze g\u00f6z, ka\u015fa ka\u015f!\u201d temel kurald\u0131r.<\/p>\n\n\n\n<p>Demokrasi kurumlar y\u00f6netimidir. Bir toplumun demokrasi ile y\u00f6netilmesi i\u00e7in:<\/p>\n\n\n\n<p>A-\u00d6zg\u00fcr bireylerin \u00e7o\u011funlukta olmas\u0131 gerekir. \u00d6rne\u011fin, Avrupa\u2019daki b\u00fcy\u00fck devrimleri yapanlar, \u201cHer insan\u0131n kendi kurtulu\u015fu kendi elindedir\u201d inan\u0131\u015f\u0131n\u0131 savunanlard\u0131.<\/p>\n\n\n\n<p>B-Belleklere ve topluma evrensel yasalar\u0131n yerle\u015fmesi, ger\u00e7eklerin ama\u00e7 edilmesi, toplumda g\u00fc\u00e7l\u00fc kurumlar\u0131n olu\u015fmas\u0131, bilge y\u00f6neticilerin g\u00f6reve getirilmesi zorunludur.<\/p>\n\n\n\n<p>S\u0131radan insanlar ait oluklar\u0131 doktrinin, \u00f6zg\u00fcr bireyler ger\u00e7e\u011fin topluma egemen olmas\u0131n\u0131 savunur.<\/p>\n\n\n\n<p>C-Toplumun \u00fcretiminin t\u00fcketiminden fazla olmas\u0131 zorunludur.<\/p>\n\n\n\n<p>\u00d6rne\u011fin, T\u00fcrkiye\u2019de cari a\u00e7\u0131k 2011 y\u0131l\u0131n\u0131n 11 ay\u0131nda bir \u00f6nceki y\u0131l\u0131n ayn\u0131 d\u00f6nemine g\u00f6re 30 milyar 719 milyon dolar artarak, 70 milyar 241 milyon dolara ula\u015ft\u0131. Bu geli\u015fmede d\u0131\u015f ticaret a\u00e7\u0131\u011f\u0131n\u0131n 33 milyar 557 milyon dolar tutar\u0131nda artarak 82 milyar 744 milyon dolara ula\u015fmas\u0131 etkili oldu. 12-1-2012<\/p>\n\n\n\n<p>Lider pe\u015finde ko\u015fanlar demokrasiden taraf olamazlar.<\/p>\n\n\n\n<p>Bir \u00fclkede demokrasi kusurlu i\u015fliyorsa; aksakl\u0131klardan kurtulmak i\u00e7in ilk ko\u015ful hatalar\u0131 tan\u0131makt\u0131r. Tan\u0131nmayan hatalar d\u00fczeltilemez.<\/p>\n\n\n\n<p>Kusurlu i\u015fleyen demokrasilerde, hatalar\u0131 tespit etmek i\u00e7in toplumsal al\u0131\u015fkanl\u0131klar\u0131n d\u0131\u015f\u0131na \u00e7\u0131kmak gerekir. D\u00fc\u015f\u00fcnsel ve davran\u0131\u015fsal al\u0131\u015fkanl\u0131klar olur. Al\u0131\u015fkanl\u0131klar\u0131n d\u0131\u015f\u0131na \u00e7\u0131kmaya, \u201cA\u00e7\u0131l\u0131m\u201d denir. Her a\u00e7\u0131l\u0131m yeniliklere neden olur ama her yenilik toplumlara de\u011fi\u015fik etki yapar.<\/p>\n\n\n\n<p>\u00d6rne\u011fin, T\u00fcrkiye\u2019deki insanlar y\u0131llarca anadil yasaklanmas\u0131 utanc\u0131n\u0131 ya\u015fad\u0131lar. Bu utan\u00e7tan kurtulmak i\u00e7in ilk ad\u0131mlar at\u0131ld\u0131 ama al\u0131\u015fk\u0131 ad\u0131mlar\u0131 at\u0131l\u0131yor. \u00d6rne\u011fin, CHP ya da MHP\u2019li bir y\u00f6netici K\u00fcrtler aras\u0131na giderek, K\u00fcrt\u00e7e d\u00fc\u015f\u00fcncelerini anlatmal\u0131d\u0131r. K\u00fcrtlerin kendilerini desteklemesi i\u00e7in \u00e7aba harcamal\u0131d\u0131r. H\u00e2lbuki MHP ya da CHP\u2019li y\u00f6neticiler K\u00fcrtlere T\u00fcrk\u00e7e hitap ediyorlar. Neden?<\/p>\n\n\n\n<p>1-K\u00fcrt\u00e7e bilmiyorlar. Bu durumda parti olarak T\u00fcrkiye\u2019de ya\u015fayan baz\u0131 vatanda\u015flara yabanc\u0131 olduklar\u0131n\u0131 belgeliyorlar.<\/p>\n\n\n\n<p>2-K\u00fcrt\u00e7e hitap etmeyi kabullenemiyorlar. Bu durumda, vatanda\u015flar aras\u0131nda b\u00f6l\u00fcc\u00fcl\u00fck yap\u0131yorlar.<\/p>\n\n\n\n<p>Demokrasilerde zay\u0131flar korunur, g\u00fc\u00e7l\u00fcler dizginlenir.<\/p>\n\n\n\n<p>T\u00fcrkiye\u2019de etnik, din, mezhep a\u00e7\u0131s\u0131ndan az\u0131nl\u0131klar vard\u0131r. Olmas\u0131 son derece do\u011fald\u0131r. Bu az\u0131nl\u0131klar\u0131n \u00fczerindeki bask\u0131lar\u0131n kalkmas\u0131 i\u00e7in \u00f6nce az\u0131nl\u0131k olmayan \u00f6zg\u00fcr bireylerin m\u00fccadele etmesi gerekiyor. \u00c7\u00fcnk\u00fc: Ba\u015fkas\u0131na vurulan boyunduru\u011fu, \u00f6zg\u00fcr bireyler kendi boyunlar\u0131nda hissederler.<\/p>\n\n\n\n<p>Hayat\u0131n; yaln\u0131zl\u0131k, yoksulluk, k\u00f6t\u00fcl\u00fck, ac\u0131mas\u0131zl\u0131k olarak g\u00f6r\u00fcld\u00fc\u011f\u00fc mek\u00e2n ve d\u00f6nemlerde umut insan\u0131 yaln\u0131z b\u0131rakmaz. B\u00f6ylesi durumlarda \u00f6zg\u00fcr d\u00fc\u015f\u00fcn\u00fcrler ve bireyler umut olarak belirir.<\/p>\n\n\n\n<p>T\u00fcrkiye\u2019de y\u0131llard\u0131r az\u0131nl\u0131klara ait kutsal mek\u00e2nlar tahrip edilir, tamir edilmesine izin verilmez ve yok olmas\u0131 i\u00e7in bilin\u00e7li \u00e7aba g\u00f6sterilir.<\/p>\n\n\n\n<p>1-Bu kutsal yerler insanl\u0131\u011f\u0131n mal\u0131d\u0131r.<\/p>\n\n\n\n<p>2-Kutsal olan veya olmayan b\u00fct\u00fcn varl\u0131klar T\u00fcrkiye Cumhuriyeti vatanda\u015flar\u0131n\u0131nd\u0131r; hi\u00e7bir y\u00f6neticinin vatanda\u015f\u0131n varl\u0131klar\u0131n\u0131 \u00e7\u00fcr\u00fctme, yok etme hakk\u0131na sahip de\u011fildir. Sahip oldu\u011funu iddia eden y\u00f6neticiler insanl\u0131k su\u00e7u i\u015fliyordur.<\/p>\n\n\n\n<p>Bilin\u00e7 \u00f6zg\u00fcr birey olmay\u0131 gerekli k\u0131lar.<\/p>\n\n\n\n<p>Ger\u00e7ekleri savunan do\u011fru d\u00fc\u015f\u00fcnceler kendi safl\u0131klar\u0131yla ayakta kal\u0131r; i\u00e7ine kar\u0131\u015fan yanl\u0131\u015flar onun zay\u0131fl\u0131\u011f\u0131n\u0131n bir par\u00e7as\u0131 olur.<\/p>\n\n\n\n<p>T\u00fcrkiye\u2019de bilgi, beceri, ara\u00e7-gere\u00e7 art\u0131\u015f\u0131 ve \u00e7al\u0131\u015f\u0131p \u00fcretmenin yo\u011funla\u015fmas\u0131 ile hem \u00f6zg\u00fcr bireyler \u00e7o\u011fal\u0131yor, hem de ger\u00e7ekleri g\u00fcn\u0131\u015f\u0131\u011f\u0131na kavu\u015fturan d\u00fc\u015f\u00fcnceler yayg\u0131nla\u015f\u0131yor.<\/p>\n\n\n\n<p>I-Ba\u015fta K\u00fcrt b\u00f6lgeleri olmak \u00fczere geli\u015fmemi\u015f illerde \u00e7al\u0131\u015f\u0131p \u00fcretmenin d\u00fc\u015f\u00fckl\u00fc\u011f\u00fc,<br>II-Hantal resmi kurumlar ve ilkel y\u00f6neticiler T\u00fcrkiye\u2019de demokrasinin geli\u015fmesine engel te\u015fkil ediyor.<\/p>\n\n\n\n<p>Demokrasi geli\u015fmedik\u00e7e az\u0131nl\u0131klar \u00fczerindeki ilkel bask\u0131lar s\u00fcr\u00fcyor.<\/p>\n\n\n\n<p><\/p>\n\n\n\n<p class=\"has-text-align-center\"><br>***<br><\/p>\n\n\n\n<p>Yaz\u0131n\u0131n ba\u015f\u0131ndaki resimde g\u00f6r\u00fcld\u00fc\u011f\u00fc gibi, az\u0131nl\u0131klar\u0131n dertleri evrenseldir ve belirli s\u00fcrelerde geri toplumlarda \u00e7ekilmez a\u011f\u0131rl\u0131ktad\u0131r.<\/p>\n\n\n\n<p>Unutmayal\u0131m:<\/p>\n\n\n\n<p>\u0130yiler sessiz kald\u0131k\u00e7a, k\u00f6t\u00fclerim zulm\u00fc artar.<\/p>\n\n\n\n<p><\/p>\n\n\n\n<p>***<br>Sevgili M\u00fcsl\u00fcm \u00dcz\u00fclmez, y\u0131llard\u0131r \u00c7\u00fcng\u00fc\u015f\u2019te harap olan Ermeni kilisesi ile ilgili resimler yay\u0131nl\u0131yor ve konuyu duyarl\u0131 insanlara mal etmeye \u00e7al\u0131\u015f\u0131yor. Kendisini tebrik eder, \u00e7al\u0131\u015fmalar\u0131nda ba\u015far\u0131lar dilerim.<\/p>\n\n\n\n<figure class=\"wp-block-table aligncenter\"><table><tbody><tr><td><img decoding=\"async\" src=\"https:\/\/www.uzulmez.site\/wp-content\/uploads\/2023\/07\/cungus-1.jpg\" alt=\"\" width=\"359\" height=\"203\"><\/td><td><img decoding=\"async\" src=\"https:\/\/www.uzulmez.site\/wp-content\/uploads\/2023\/07\/cungus-2.jpg\" alt=\"\" width=\"359\" height=\"203\"><\/td><\/tr><\/tbody><\/table><figcaption class=\"wp-element-caption\">Sevgili M\u00fcsl\u00fcm\u2019\u00fcn \u00e7ekti\u011fi \u00c7\u00fcng\u00fc\u015f\u2019teki kiliseyi g\u00f6steren foto\u011fraflar\u0131ndan iki tanesi.<\/figcaption><\/figure>\n\n\n\n<div style=\"height:30px\" aria-hidden=\"true\" class=\"wp-block-spacer\"><\/div>\n\n\n\n<figure class=\"wp-block-table aligncenter\"><table><tbody><tr><td><img loading=\"lazy\" decoding=\"async\" src=\"https:\/\/www.uzulmez.site\/wp-content\/uploads\/2023\/07\/cungus-3.jpg\" alt=\"\" width=\"525\" height=\"350\"><\/td><td class=\"has-text-align-center\" data-align=\"center\"><img loading=\"lazy\" decoding=\"async\" src=\"https:\/\/www.uzulmez.site\/wp-content\/uploads\/2023\/07\/cungus-4.jpg\" alt=\"\" width=\"400\" height=\"266\"><\/td><\/tr><\/tbody><\/table><figcaption class=\"wp-element-caption\">Tarihi eserlere Bat\u0131l\u0131lar nas\u0131l sahip \u00e7\u0131k\u0131yor?<\/figcaption><\/figure>\n\n\n\n<div style=\"height:30px\" aria-hidden=\"true\" class=\"wp-block-spacer\"><\/div>\n\n\n\n<p>Almanya&#8217;da a\u00e7\u0131lan, &#8220;The Tell Halaf Adventure&#8221; adl\u0131 sergide, 3000 y\u0131ll\u0131k heykelin aralar\u0131nda bulundu\u011fu \u00e7ok say\u0131da tarihi eser sergilenecek. \u0130kinci D\u00fcnya Sava\u015f\u0131 s\u0131ras\u0131nda 1943 y\u0131l\u0131nda Berlin&#8217;deki Tell Halaf M\u00fczesi&#8217;nin bombalanmas\u0131 s\u0131ras\u0131nda zarar g\u00f6ren heykellerin par\u00e7alar\u0131 Pergamon M\u00fczesi taraf\u0131ndan sakland\u0131. 2001 y\u0131l\u0131nda, 40 heykelin par\u00e7alar\u0131n\u0131n birle\u015ftirilmesine ba\u015fland\u0131. Yakla\u015f\u0131k 27 bin par\u00e7an\u0131n birle\u015ftirilmesinin ard\u0131ndan heykeller, 28-1-2011 g\u00fcn\u00fcnden itibaren ziyaret\u00e7ilerin kar\u015f\u0131s\u0131na \u00e7\u0131kacak.<br>Berlin M\u00fczesi Y\u00f6neticisi Michael Eissenhauer, &#8220;5-10 sene \u00f6nce kimse bu serginin ger\u00e7ekle\u015ftirilebilece\u011fine inanm\u0131yordu&#8221; dedi.<\/p>\n\n\n\n<p class=\"has-text-align-center\">***<\/p>\n\n\n\n<p><br>Ge\u00e7mi\u015fte ve ya\u015fad\u0131\u011f\u0131m\u0131z d\u00f6nemde, insanlar\u0131n bildi\u011fi, ger\u00e7ek ve ger\u00e7ekd\u0131\u015f\u0131 olu\u015fumlar vard\u0131r.<\/p>\n\n\n\n<p>G\u00fcn\u00fcm\u00fczde ac\u0131 ger\u00e7eklerden ka\u00e7anlar, tatl\u0131 yalanlarla kendilerini kand\u0131ranlar, ge\u00e7mi\u015fteki ger\u00e7eklere ne kadar \u00f6nem verebilir?<\/p>\n\n\n\n<p>Di\u011fer yandan ge\u00e7mi\u015fini evrensel \u00f6l\u00e7\u00fclerle bilemeyenler, geleceklerini sa\u011flam temeller \u00fczerine in\u015fa edemezler.<\/p>\n\n\n\n<p><strong>Nurettin De\u011firmenci<br>Elk. Y\u00fck. M\u00fch.<\/strong><\/p>\n\n\n\n<div style=\"height:30px\" aria-hidden=\"true\" class=\"wp-block-spacer\"><\/div>\n\n\n\n<p class=\"has-small-font-size\">18 Haziran 2012<\/p>\n\n\n\n<p class=\"has-small-font-size\">https:\/\/hyetert.blogspot.com\/2012\/06\/aclm-ve-demokrasi-cungus-kilisesi.html<\/p>\n\n\n\n<div style=\"height:30px\" aria-hidden=\"true\" class=\"wp-block-spacer\"><\/div>\n\n\n\n<p class=\"has-small-font-size\"><sup>(*) <\/sup>Bahsedilen k\u00fcme d\u00f6nemin Diyarbekir Yahoo Gurubu\u2019dur.<\/p>\n\n\n<div class=\"taxonomy-post_tag wp-block-post-terms\"><a href=\"https:\/\/www.uzulmez.site\/?tag=acilim-ve-demokrasi\" rel=\"tag\">a\u00e7\u0131l\u0131m ve demokrasi<\/a><span class=\"wp-block-post-terms__separator\">, <\/span><a href=\"https:\/\/www.uzulmez.site\/?tag=anadil-yasaklanmasi\" rel=\"tag\">anadil yasaklanmas\u0131<\/a><span class=\"wp-block-post-terms__separator\">, <\/span><a href=\"https:\/\/www.uzulmez.site\/?tag=berlin-muzesi\" rel=\"tag\">berlin m\u00fczesi<\/a><span class=\"wp-block-post-terms__separator\">, <\/span><a href=\"https:\/\/www.uzulmez.site\/?tag=bulent-arinc\" rel=\"tag\">b\u00fclent ar\u0131n\u00e7<\/a><span class=\"wp-block-post-terms__separator\">, <\/span><a href=\"https:\/\/www.uzulmez.site\/?tag=burma\" rel=\"tag\">burma<\/a><span class=\"wp-block-post-terms__separator\">, <\/span><a href=\"https:\/\/www.uzulmez.site\/?tag=cungus-kilisesi\" rel=\"tag\">\u00e7\u00fcng\u00fc\u015f kilisesi<\/a><span class=\"wp-block-post-terms__separator\">, <\/span><a href=\"https:\/\/www.uzulmez.site\/?tag=hyteret\" rel=\"tag\">hyteret<\/a><span class=\"wp-block-post-terms__separator\">, <\/span><a href=\"https:\/\/www.uzulmez.site\/?tag=izmir-musevi-cemaati\" rel=\"tag\">izmir musevi cemaati<\/a><span class=\"wp-block-post-terms__separator\">, <\/span><a href=\"https:\/\/www.uzulmez.site\/?tag=michael-eissenhauer\" rel=\"tag\">michael eissenhauer<\/a><span class=\"wp-block-post-terms__separator\">, <\/span><a href=\"https:\/\/www.uzulmez.site\/?tag=nurettin-degirmenci\" rel=\"tag\">nurettin de\u011firmenci<\/a><span class=\"wp-block-post-terms__separator\">, <\/span><a href=\"https:\/\/www.uzulmez.site\/?tag=tarihi-eserler\" rel=\"tag\">tarihi eserler<\/a><\/div>","protected":false},"excerpt":{"rendered":"<p>Day\u0131m Nurettin De\u011firmenci\u2019den ald\u0131\u011f\u0131m bir mesaj ve bir yaz\u0131 Sevgili ye\u011fenim,Ekteki yaz\u0131y\u0131 Diyarbak\u0131r k\u00fcmesine(*) g\u00f6nderdim; yay\u0131nlamad\u0131lar ama hyteret yay\u0131nlad\u0131.Sizleri \u00f6p\u00fcyorum.Nurettin De\u011firmenci *** A\u00e7\u0131l\u0131m ve Demokrasi \u00c7\u00fcng\u00fc\u015f Kilisesi Ba\u015fbakan Yard\u0131mc\u0131s\u0131 B\u00fclent Ar\u0131n\u00e7, T\u00fcrkiye gayrim\u00fcslim cemaat vak\u0131flar\u0131n\u0131n mallar\u0131n\u0131 iade ederken Yunanistan, Bulgaristan, Girit ve K\u0131br\u0131s\u2019ta kalan Osmanl\u0131 d\u00f6nemi vak\u0131flar\u0131 konusunda m\u00fctekabiliyet (kar\u015f\u0131l\u0131kl\u0131l\u0131k) prensibinin \u00e7al\u0131\u015ft\u0131r\u0131lmas\u0131n\u0131 isteyen muhalefete, \u201cM\u00fctekabiliyet olmaz. Bir devletin, kendi vatanda\u015flar\u0131na tan\u0131yaca\u011f\u0131 haklar\u0131, di\u011fer devletlerin tutum ve politikalar\u0131 esas\u0131nda belirlemesi s\u00f6z konusu olamaz\u201d dedi. Ar\u0131n\u00e7, \u0130zmir Musevi Cemaati\u2019nin 13 Aral\u0131k 2011\u2019de az\u0131nl\u0131k vakf\u0131 olarak tescil edildi\u011fini, ancak mallar\u0131n\u0131n iadesi i\u00e7in hen\u00fcz ba\u015fvurmad\u0131\u011f\u0131n\u0131 a\u00e7\u0131klad\u0131. Ar\u0131n\u00e7, MHP Manisa Milletvekili Erkan Ak\u00e7ay\u2019\u0131n sorusuna verdi\u011fi<\/p>\n","protected":false},"author":2,"featured_media":0,"comment_status":"open","ping_status":"open","sticky":false,"template":"","format":"standard","meta":{"footnotes":""},"categories":[1321,3403],"tags":[4748,4749,4753,4750,4746,4747,4745,4752,4754,298,4751],"class_list":["post-6541","post","type-post","status-publish","format-standard","hentry","category-basinda","category-plus","tag-acilim-ve-demokrasi","tag-anadil-yasaklanmasi","tag-berlin-muzesi","tag-bulent-arinc","tag-burma","tag-cungus-kilisesi","tag-hyteret","tag-izmir-musevi-cemaati","tag-michael-eissenhauer","tag-nurettin-degirmenci","tag-tarihi-eserler"],"_links":{"self":[{"href":"https:\/\/www.uzulmez.site\/index.php?rest_route=\/wp\/v2\/posts\/6541","targetHints":{"allow":["GET"]}}],"collection":[{"href":"https:\/\/www.uzulmez.site\/index.php?rest_route=\/wp\/v2\/posts"}],"about":[{"href":"https:\/\/www.uzulmez.site\/index.php?rest_route=\/wp\/v2\/types\/post"}],"author":[{"embeddable":true,"href":"https:\/\/www.uzulmez.site\/index.php?rest_route=\/wp\/v2\/users\/2"}],"replies":[{"embeddable":true,"href":"https:\/\/www.uzulmez.site\/index.php?rest_route=%2Fwp%2Fv2%2Fcomments&post=6541"}],"version-history":[{"count":7,"href":"https:\/\/www.uzulmez.site\/index.php?rest_route=\/wp\/v2\/posts\/6541\/revisions"}],"predecessor-version":[{"id":6922,"href":"https:\/\/www.uzulmez.site\/index.php?rest_route=\/wp\/v2\/posts\/6541\/revisions\/6922"}],"wp:attachment":[{"href":"https:\/\/www.uzulmez.site\/index.php?rest_route=%2Fwp%2Fv2%2Fmedia&parent=6541"}],"wp:term":[{"taxonomy":"category","embeddable":true,"href":"https:\/\/www.uzulmez.site\/index.php?rest_route=%2Fwp%2Fv2%2Fcategories&post=6541"},{"taxonomy":"post_tag","embeddable":true,"href":"https:\/\/www.uzulmez.site\/index.php?rest_route=%2Fwp%2Fv2%2Ftags&post=6541"}],"curies":[{"name":"wp","href":"https:\/\/api.w.org\/{rel}","templated":true}]}}