{"id":6218,"date":"2009-12-31T10:15:00","date_gmt":"2009-12-31T10:15:00","guid":{"rendered":"https:\/\/www.uzulmez.site\/?p=6218"},"modified":"2023-06-23T10:21:28","modified_gmt":"2023-06-23T10:21:28","slug":"iyi-ve-kotu-isik-ve-karanlik-yasam-ve-olum","status":"publish","type":"post","link":"https:\/\/www.uzulmez.site\/?p=6218","title":{"rendered":"\u0130yi ve K\u00f6t\u00fc, I\u015f\u0131k ve Karanl\u0131k, Ya\u015fam ve \u00d6l\u00fcm"},"content":{"rendered":"\n<p>Bizleri y\u0131lan ve akreple dolu karanl\u0131k odalarda terbiye etmek istiyorlar. Plan \u00fcst\u00fcne planlar yap\u0131l\u0131p ya\u015fam\u0131m\u0131zda \u0131\u015f\u0131k ve g\u00fcl olmas\u0131n\u0131 istemiyorlar. Kafeslenip mahk\u00fbm edilerek, d\u00fcnyam\u0131z karart\u0131larak, zindanda ya\u015famam\u0131z\u0131 istiyorlar. I\u015f\u0131\u011f\u0131n \u00f6zg\u00fcrl\u00fck, g\u00fcl\u00fcn bar\u0131\u015f olmas\u0131ndan dolay\u0131 \u0131\u015f\u0131ktan korkuyorlar, g\u00fclden nefret ediyorlar. Kana ekmek do\u011fruyorlar. Kan\u0131 kanla y\u0131kamaya \u00e7al\u0131\u015f\u0131yorlar. \u0130nsanlar\u0131 kafeslerde ya\u015fatmak istiyorlar.<\/p>\n\n\n\n<p>Bir avu\u00e7 elit \u00fclke nimetlerinden sadece kendileri nasiplenmek istiyor. \u00dcretmeden, t\u00fcketmek; asalak\u00e7a, \u00fcretenlerin kazanc\u0131na ortak olmak istiyorlar. Ve mal \u00fcreteni, hizmet \u00fcreteni, bilgi \u00fcreteni de k\u00fc\u00e7\u00fcms\u00fcyorlar. Her \u015feyin eskisi gibi s\u00fcrmesini istiyorlar. De\u011fi\u015fime kar\u015f\u0131 direnerek, hem kurumlar\u0131, hem toplumu \u00e7\u00fcr\u00fct\u00fcyorlar. Bunun i\u00e7in entrikaya, yalana dolana sar\u0131l\u0131yor; kar\u015f\u0131s\u0131ndakini karal\u0131yor ve zehir sa\u00e7\u0131yorlar. Utanmadan yalan\u0131n do\u011fru, \u00e7irkinin g\u00fczel, k\u00f6t\u00fcn\u00fcn iyi oldu\u011funu s\u00f6yl\u00fcyorlar. Ama unutuyorlar: D\u00fcnya de\u011fi\u015fti, T\u00fcrkiye de\u011fi\u015fti. Az\u0131msanmayacak \u00e7o\u011funlukta art\u0131k iyilikten, g\u00fczellikten, \u00f6zg\u00fcrl\u00fckten, adaletten ve geli\u015fmeden yana olanlar var. Bunlar bilgiyle beslenip evrensel yasalar\u0131 i\u00e7selle\u015ftirerek ya\u015fam\u0131n g\u00fczelliklerini, zevk ve renklerini \u0131\u015f\u0131k gibi etrafa sa\u00e7\u0131yorlar.<\/p>\n\n\n\n<p>\u00c7\u00fcr\u00fcmeden, karanl\u0131ktan yana saf tutanlar, ruhunu \u015feytana satan ifrit yarat\u0131l\u0131\u015fl\u0131 olanlar, &#8220;<em>Garnizon K\u00fclt\u00fcr\u00fc<\/em>&#8220;nden beslenenler ise olabilecek g\u00fczel \u015feylere iftira ediyor, kirletiyorlar. G\u00fczellikleri k\u00f6t\u00fcl\u00fcklere kurban ediyorlar. I\u015f\u0131\u011fa d\u00fc\u015fmanl\u0131klar\u0131ndan, ger\u00e7eklerin g\u00fcn y\u00fcz\u00fcne \u00e7\u0131kmas\u0131na kar\u015f\u0131 \u00e7\u0131k\u0131yorlar. G\u00f6zlerine &#8220;<em>perde<\/em>&#8221; inmi\u015f, \u0131\u015f\u0131ktan korkuyorlar. Ama g\u00fcnah, \u015feytan\u0131n sofras\u0131ndan nas\u0131l beslenirse, iyili\u011fin de k\u00f6t\u00fcl\u00fc\u011f\u00fcn koynunda beslendi\u011fini unutuyorlar.<\/p>\n\n\n\n<p>I\u015f\u0131k yol g\u00f6stericidir, \u0131\u015f\u0131k harekettir, \u0131\u015f\u0131k ayd\u0131nl\u0131kt\u0131r. I\u015f\u0131k ya\u015fam\u0131n, karanl\u0131k \u00f6l\u00fcm\u00fcn simgesidir. G\u00fcne\u015f, \u0131\u015f\u0131\u011f\u0131n ve hareketin kayna\u011f\u0131d\u0131r. Kutsald\u0131r. Bitkiler, hayvanlar, insanlar, t\u00fcm canl\u0131lar ya\u015famlar\u0131n\u0131 \u0131\u015f\u0131\u011fa bor\u00e7ludurlar. I\u015f\u0131k ve hareketin olmad\u0131\u011f\u0131 yerde karanl\u0131k; karanl\u0131\u011f\u0131n oldu\u011fu yerde de cans\u0131zl\u0131k, \u00f6l\u00fc bir ya\u015fam vard\u0131r. Karanl\u0131\u011f\u0131n oldu\u011fu yerde y\u0131lan, akrep, \u00e7\u0131yan, bayku\u015f; \u0131\u015f\u0131\u011f\u0131n oldu\u011fu yerde g\u00fcl, karanfil, nergis ve bunlara \u00e2\u015f\u0131k b\u00fclb\u00fcller vard\u0131r. G\u00fczel olan, iyi olan \u0131\u015f\u0131kt\u0131r. I\u015f\u0131k, ya\u015fama renk katmakla kalmaz, ya\u015fam\u0131 kal\u0131c\u0131 ve s\u00fcrekli k\u0131lar.<\/p>\n\n\n\n<p>Karanl\u0131\u011fa ve k\u00f6t\u00fcl\u00fc\u011fe kar\u015f\u0131 m\u00fccadele edenlerde peygamber sabr\u0131 olmal\u0131. Sa\u011flam bir irade olmal\u0131. Kartal olmayanlar\u0131n da\u011flar\u0131n doruklar\u0131nda yuva yapmas\u0131 do\u011fru de\u011fildir. Yarasa yol g\u00f6sterici oldu\u011funda bilinmelidir ki gidilecek yer karanl\u0131k bir zindand\u0131r. K\u00f6t\u00fcl\u00fck erdem say\u0131l\u0131rsa \u00e7\u00fcr\u00fcm\u00fc\u015fl\u00fck sistemle\u015fir, zul\u00fcm egemen olur. Halk k\u00f6t\u00fclerin i\u00e7inde, k\u00f6t\u00fclerden birini se\u00e7meyle kar\u015f\u0131 kar\u015f\u0131ya kal\u0131r. Fazla \u0131\u015f\u0131ktan g\u00f6zleri kararanlar da olur. \u00d6nlerini g\u00f6remez, \u0131\u015f\u0131ktan korkar olurlar. Ak\u0131llar\u0131 k\u00f6rle\u015fir, karanl\u0131kta ya\u015famay\u0131 tercih ederler. \u0130yiyi k\u00f6t\u00fc, k\u00f6t\u00fcy\u00fc iyi g\u00f6sterirler. Dilbaz olduklar\u0131 i\u00e7inde bunda ba\u015far\u0131l\u0131 olurlar. K\u00f6t\u00fcl\u00fckte kendi aralar\u0131nda yar\u0131\u015f\u0131rlar.<\/p>\n\n\n\n<p>Adalet, ya\u015fam\u0131 bir birine ba\u011flayan yap\u0131 ta\u015f\u0131d\u0131r, ama ayn\u0131 zamanda toplumun &#8220;<em>zay\u0131f halkas\u0131<\/em>&#8220;d\u0131r. Ya\u015fam\u0131n yap\u0131 ta\u015f\u0131n\u0131 yerinden oynat\u0131yorlar, terazisine tanklar\u0131 koyuyorlar. E\u011fer bir toplumda adalet duygusu zedelenirse, adli kurumlar kirlenirse ya\u015fam\u0131n ba\u011flar\u0131 \u00e7\u00f6z\u00fclmeye ba\u015flar. \u00c7\u00f6z\u00fclmenin panzehiri adalet duygusunu geli\u015ftirmektir. Vicdan\u0131 nas\u0131r ba\u011flam\u0131\u015f, tanka selam durmu\u015f, resmi ideolojinin esiri olmu\u015f yarg\u0131\u00e7lar\u0131n adil olmas\u0131 m\u00fcmk\u00fcn m\u00fc? H\u00e2\u015f\u00e2. Kadim bir bilge; &#8220;<em>Karanl\u0131\u011f\u0131n yolunda gidenlerin g\u00f6zleri k\u00f6r, y\u00fcrekleri kabuk ba\u011flam\u0131\u015ft\u0131r<\/em>&#8221; bo\u015funa m\u0131 demekte. B\u00f6ylesi durumlarda yenilik ve g\u00fczellikten, bar\u0131\u015f ve karde\u015flikten yana olanlar\u0131n kaderleri yaln\u0131zl\u0131k; ac\u0131, elem ya\u015famlar\u0131n\u0131n par\u00e7as\u0131 olur. A\u011f\u0131r bedel \u00f6derler. Karanl\u0131k t\u00fcm \u00e7irkinliklere \u015fal olur. Yasak her \u015feyin ilac\u0131 olur.<\/p>\n\n\n\n<p>\u0130nsan, \u0131\u015f\u0131k ve karanl\u0131k e\u011filimi i\u00e7inde birlikte ta\u015f\u0131r. Bir yan\u0131nda karanl\u0131k (k\u00f6t\u00fcl\u00fck), bir yan\u0131nda \u0131\u015f\u0131k (iyilik) vard\u0131r. Kiminin y\u00fcre\u011finde \u0131\u015f\u0131k, kiminin akl\u0131nda \u015feytanl\u0131k (karanl\u0131k) vard\u0131r. I\u015f\u0131\u011f\u0131 rehber edinenler, kendi \u015feytanlar\u0131yla birlikte t\u00fcm \u015feytanlar\u0131 kovar: Mina&#8217;da \u015feytan\u0131 ta\u015flar gibi de\u011fil ama, \u015feytan\u0131 akl\u0131ndan ve y\u00fcre\u011finden s\u00f6k\u00fcp atar.<\/p>\n\n\n\n<p>Ya\u015fam bize iki t\u00fcr insan oldu\u011funu kan\u0131tlam\u0131\u015ft\u0131r. Et y\u0131\u011f\u0131n\u0131 olanlar -ki bunlar salt t\u00fcketenlerdir. De\u011fi\u015fime direnenlerdir. Ta\u015f \u00fcst\u00fcne ta\u015f koymazlar. Birde su kayna\u011f\u0131 olanlar vard\u0131r. Bunlar su gibi ya\u015fad\u0131\u011f\u0131 topluma hayat verir, hem kendilerinin, hem ba\u015fkalar\u0131n\u0131n beslenmesi, bar\u0131nmas\u0131, neslini devam ettirebilmesi i\u00e7in mal \u00fcretir, hizmet \u00fcretir, bilgi \u00fcretir. Akan su gibi canl\u0131ya can, topra\u011fa kan olur. \u00dcreten insan elmas gibi par\u0131ldar, salt t\u00fcketen ise ceset gibi kokar. Biri insanl\u0131\u011f\u0131n geli\u015fimine ve insan\u0131n y\u00fcceli\u015fine katk\u0131 sunar, di\u011feri pranga\/zincir vurar.<\/p>\n\n\n\n<p>\u0130nsanl\u0131\u011fa yap\u0131lacak en b\u00fcy\u00fck k\u00f6t\u00fcl\u00fck toplumsal geli\u015fmenin \u00f6n\u00fcne set \u00e7ekmektir, bent kurmakt\u0131r. Akmayan su \u00e7\u00fcr\u00fcr. Kokar. Toplumun \u00f6n\u00fcne, \u00fcretici g\u00fc\u00e7lerin \u00f6n\u00fcne set \u00e7ekilirse \u00e7\u00fcr\u00fcme ba\u015flar, koku her taraf\u0131 sarar. Toplumun \u00f6zg\u00fcr ve gani bir ya\u015fam s\u00fcrmesine, geli\u015fmesine destek vermeyenler, hi\u00e7 de\u011filse k\u00f6stek olmamal\u0131. Vicdanlar\u0131n\u0131n sesine kulak vermelidirler.<\/p>\n\n\n\n<p>\u0130ki yol var: Ya iyilerin bar\u0131\u015f ve karde\u015flik yolundan gidece\u011fiz ya da k\u00f6t\u00fclerin sava\u015f ve zul\u00fcm yolundan. Ha, birde yolunu kaybedenlerin yolu var.<\/p>\n\n\n\n<p>Siz hangi yolun yolcususunuz?<\/p>\n\n\n\n<p class=\"has-small-font-size\"><em>31 Aral\u0131k 2009 tarihinde http:\/\/www.kuyerel.com sitesinde,<br>04 Ocak 2010 tarihinde http:\/\/www.kritize.net sitesinde,<br>04 Ocak 2010 tarihinde http:\/\/www.erganisoz.com sitesinde yay\u0131mland\u0131.<\/em><\/p>\n\n\n\n<p><\/p>\n\n\n<div class=\"taxonomy-post_tag wp-block-post-terms\"><a href=\"https:\/\/www.uzulmez.site\/?tag=adalet\" rel=\"tag\">adalet<\/a><span class=\"wp-block-post-terms__separator\">, <\/span><a href=\"https:\/\/www.uzulmez.site\/?tag=garnizon-kulturu\" rel=\"tag\">garnizon k\u00fclt\u00fcr\u00fc<\/a><span class=\"wp-block-post-terms__separator\">, <\/span><a href=\"https:\/\/www.uzulmez.site\/?tag=isik-ve-karanlik\" rel=\"tag\">\u0131\u015f\u0131k ve karanl\u0131k<\/a><span class=\"wp-block-post-terms__separator\">, <\/span><a href=\"https:\/\/www.uzulmez.site\/?tag=iyi-ve-kotu\" rel=\"tag\">iyi ve k\u00f6t\u00fc<\/a><span class=\"wp-block-post-terms__separator\">, <\/span><a href=\"https:\/\/www.uzulmez.site\/?tag=yasam-ve-olum\" rel=\"tag\">ya\u015fam ve \u00f6l\u00fcm<\/a><span class=\"wp-block-post-terms__separator\">, <\/span><a href=\"https:\/\/www.uzulmez.site\/?tag=yasami\" rel=\"tag\">ya\u015fam\u0131<\/a><\/div>","protected":false},"excerpt":{"rendered":"<p>Bizleri y\u0131lan ve akreple dolu karanl\u0131k odalarda terbiye etmek istiyorlar. Plan \u00fcst\u00fcne planlar yap\u0131l\u0131p ya\u015fam\u0131m\u0131zda \u0131\u015f\u0131k ve g\u00fcl olmas\u0131n\u0131 istemiyorlar. Kafeslenip mahk\u00fbm edilerek, d\u00fcnyam\u0131z karart\u0131larak, zindanda ya\u015famam\u0131z\u0131 istiyorlar. I\u015f\u0131\u011f\u0131n \u00f6zg\u00fcrl\u00fck, g\u00fcl\u00fcn bar\u0131\u015f olmas\u0131ndan dolay\u0131 \u0131\u015f\u0131ktan korkuyorlar, g\u00fclden nefret ediyorlar. Kana ekmek do\u011fruyorlar. Kan\u0131 kanla y\u0131kamaya \u00e7al\u0131\u015f\u0131yorlar. \u0130nsanlar\u0131 kafeslerde ya\u015fatmak istiyorlar. Bir avu\u00e7 elit \u00fclke nimetlerinden sadece kendileri nasiplenmek istiyor. \u00dcretmeden, t\u00fcketmek; asalak\u00e7a, \u00fcretenlerin kazanc\u0131na ortak olmak istiyorlar. Ve mal \u00fcreteni, hizmet \u00fcreteni, bilgi \u00fcreteni de k\u00fc\u00e7\u00fcms\u00fcyorlar. Her \u015feyin eskisi gibi s\u00fcrmesini istiyorlar. De\u011fi\u015fime kar\u015f\u0131 direnerek, hem kurumlar\u0131, hem toplumu \u00e7\u00fcr\u00fct\u00fcyorlar. Bunun i\u00e7in entrikaya, yalana dolana sar\u0131l\u0131yor; kar\u015f\u0131s\u0131ndakini karal\u0131yor ve zehir<\/p>\n","protected":false},"author":2,"featured_media":0,"comment_status":"open","ping_status":"open","sticky":false,"template":"","format":"standard","meta":{"footnotes":""},"categories":[1197,97],"tags":[3728,1738,4264,4267,4265,4266],"class_list":["post-6218","post","type-post","status-publish","format-standard","hentry","category-kultur","category-politika","tag-adalet","tag-garnizon-kulturu","tag-isik-ve-karanlik","tag-iyi-ve-kotu","tag-yasam-ve-olum","tag-yasami"],"_links":{"self":[{"href":"https:\/\/www.uzulmez.site\/index.php?rest_route=\/wp\/v2\/posts\/6218","targetHints":{"allow":["GET"]}}],"collection":[{"href":"https:\/\/www.uzulmez.site\/index.php?rest_route=\/wp\/v2\/posts"}],"about":[{"href":"https:\/\/www.uzulmez.site\/index.php?rest_route=\/wp\/v2\/types\/post"}],"author":[{"embeddable":true,"href":"https:\/\/www.uzulmez.site\/index.php?rest_route=\/wp\/v2\/users\/2"}],"replies":[{"embeddable":true,"href":"https:\/\/www.uzulmez.site\/index.php?rest_route=%2Fwp%2Fv2%2Fcomments&post=6218"}],"version-history":[{"count":1,"href":"https:\/\/www.uzulmez.site\/index.php?rest_route=\/wp\/v2\/posts\/6218\/revisions"}],"predecessor-version":[{"id":6219,"href":"https:\/\/www.uzulmez.site\/index.php?rest_route=\/wp\/v2\/posts\/6218\/revisions\/6219"}],"wp:attachment":[{"href":"https:\/\/www.uzulmez.site\/index.php?rest_route=%2Fwp%2Fv2%2Fmedia&parent=6218"}],"wp:term":[{"taxonomy":"category","embeddable":true,"href":"https:\/\/www.uzulmez.site\/index.php?rest_route=%2Fwp%2Fv2%2Fcategories&post=6218"},{"taxonomy":"post_tag","embeddable":true,"href":"https:\/\/www.uzulmez.site\/index.php?rest_route=%2Fwp%2Fv2%2Ftags&post=6218"}],"curies":[{"name":"wp","href":"https:\/\/api.w.org\/{rel}","templated":true}]}}