{"id":6126,"date":"2006-06-15T17:55:00","date_gmt":"2006-06-15T17:55:00","guid":{"rendered":"https:\/\/www.uzulmez.site\/?p=6126"},"modified":"2023-06-21T18:02:16","modified_gmt":"2023-06-21T18:02:16","slug":"iki-kongre-ve-bazi-gozlemlerim","status":"publish","type":"post","link":"https:\/\/www.uzulmez.site\/?p=6126","title":{"rendered":"\u0130ki Kongre ve Baz\u0131 G\u00f6zlemlerim"},"content":{"rendered":"\n<p>Ge\u00e7ti\u011fimiz g\u00fcnlerde iki kongreye kat\u0131ld\u0131m.<\/p>\n\n\n\n<p>Birincisi, Kimya M\u00fchendisleri Odas\u0131 \u0130stanbul \u015eubesi taraf\u0131ndan L\u00fctfi K\u0131rdar Kongre ve Sergi Saray\u0131&#8217;nda 17-19 May\u0131s 2006 tarihleri aras\u0131nda d\u00fczenlenen &#8220;6. Uluslararas\u0131 Boya, Vernik, M\u00fcrekkep ve Yard\u0131mc\u0131 Maddeler Sanayi Kongresi ve Fuar\u0131 (Boya 2006)&#8221;.<\/p>\n\n\n\n<p>\u0130kincisi, 25-28 May\u0131s tarihleri aras\u0131nda yap\u0131lan T\u00fcrk M\u00fchendis ve Mimar Odalar\u0131 Birli\u011fi&#8217;nin 39. Ola\u011fan Genel Kurulu.<br>Bu kongrelere ili\u015fkin baz\u0131 g\u00f6zlemlerim oldu, bunlar\u0131 sizlerle payla\u015fmak istiyorum.<\/p>\n\n\n\n<p>&#8220;Boya 2006&#8221; kongre ve fuar\u0131n\u0131 T\u00dcB\u0130TAK dahil 31 firma ve kurulu\u015f destekledi. A\u00e7\u0131\u015f konu\u015fmas\u0131n\u0131 Sanayi ve Ticaret Bakan\u0131 Sn. Ali \u00c7o\u015fkun yapt\u0131. Kongre s\u00fcresince ana temas\u0131 &#8220;Ak\u0131ll\u0131 Boyalar ve Yeni Teknolojiler&#8221; toplant\u0131lar\u0131 yap\u0131ld\u0131. Bu toplant\u0131larda, yerli ve yabanc\u0131, konuya vak\u0131f uzman ve bilim insanlar\u0131nca bilimsel teknik bildiriler sunuldu, tart\u0131\u015f\u0131ld\u0131. Avrupa Boya Sanayicileri Derne\u011fi (CEPE) Ba\u015fkan\u0131 Sn. Jean-Pierre Monteny de bir bildiri sundu.<\/p>\n\n\n\n<p>Kongrenin en renkli yan\u0131, Bayer firmas\u0131n\u0131n katk\u0131lar\u0131yla 18 May\u0131s 2006 g\u00fcn\u00fc saat 20.30\u2019da L\u00fctfi K\u0131rdar Anadolu Oditoryumu&#8217;nda Candan Er\u00e7etin&#8217;in verdi\u011fi konser oldu.<\/p>\n\n\n\n<p>Konser ba\u015flamadan \u00f6nce, KMO \u0130stanbul \u015eube Ba\u015fkan\u0131 Sn. Prof. Dr. Ne\u015fet Kad\u0131rgan \u00e7ok k\u0131sa bir konu\u015fma yapt\u0131. &#8220;Boya d\u00fcnyas\u0131n\u0131n g\u00fczel insanlar\u0131\u2026 ho\u015f geldiniz&#8221; diye ba\u015flayan konu\u015fmas\u0131nda, kongrenin bilim ve pirim (para) y\u00f6n\u00fcnden iyi ge\u00e7ti\u011fini, Avrupa&#8217;n\u0131n ikinci b\u00fcy\u00fck boya kongresinin d\u00fczenlenmi\u015f olmas\u0131n\u0131 bilim y\u00f6n\u00fcn\u00fcn iyi ge\u00e7ti\u011finin kan\u0131t\u0131 oldu\u011funu, para konusundan anlamad\u0131\u011f\u0131n\u0131, ama kat\u0131l\u0131mc\u0131 firmalar\u0131n kongrede y\u00fczlerinin g\u00fclmesinden para konusunun da iyi ge\u00e7ti\u011fini g\u00f6sterdi\u011fini a\u00e7\u0131klad\u0131. Sonra da, &#8220;bu gece e\u011flenmek i\u00e7in bir araya geldik&#8221; diyerek konu\u015fmas\u0131n\u0131 tamamlad\u0131.<\/p>\n\n\n\n<p>Ba\u015fkan\u0131n konu\u015fmas\u0131n\u0131n ard\u0131ndan, KMO \u0130stanbul \u015eubesi&#8217;nce &#8220;Boya 2006&#8243;ya destek veren kurulu\u015flara \u00f6d\u00fcl ve pl\u00e2ketler verildi.<\/p>\n\n\n\n<p>\u00d6d\u00fcl t\u00f6reninin ard\u0131ndan Candan Er\u00e7etin konserine ba\u015flad\u0131.<\/p>\n\n\n\n<p>Konser tam bir \u015f\u00f6len havas\u0131nda ge\u00e7ti.<\/p>\n\n\n\n<p>Candan Er\u00e7etin, harika sesi, k\u0131vrak danslar\u0131, g\u00fczel fizi\u011fi, sempatik hareketleri ve repertuar\u0131ndaki \u015fark\u0131larla boya sekt\u00f6r\u00fc i\u00e7inde olanlara, kimya m\u00fchendislerine, \u00e7e\u015fitli \u00fcniversitelerin kimya m\u00fchendisli\u011fi b\u00f6l\u00fcm\u00fc \u00f6\u011frencilerine iyi bir ziyafet \u00e7ekti. Adeta salonu b\u00fcy\u00fcledi. Sanat\u00e7\u0131 d\u00fczg\u00fcn ve ger\u00e7ek bir sanat\u00e7\u0131 oldu\u011funda sanat\u0131n kendisine de nas\u0131l kalite geldi\u011fini g\u00f6sterdi.<\/p>\n\n\n\n<p>Candan Er\u00e7etin, konserinde okudu\u011fu T\u00fcrk\u00e7e, Frans\u0131zca, \u0130ngilizce, \u0130talyanca, Rumca\u2026 par\u00e7alarla dinleyicileri 60&#8217;l\u0131, 70&#8217;li y\u0131llara g\u00f6t\u00fcrd\u00fc veya 60&#8217;l\u0131, 70&#8217;li y\u0131llar\u0131 salona ta\u015f\u0131d\u0131. &#8220;Co\u011frafi s\u0131n\u0131rlar\u0131 sevmedi\u011fini&#8221; belirtip repertuar\u0131n\u0131 zengin tutmas\u0131yla, orijinal par\u00e7alar\u0131 s\u00f6ylendi\u011fi dilde s\u00f6ylemesiyle, y\u00fcksek bir performans sergileyip iki saat aral\u0131ks\u0131z sanat\u0131n\u0131 co\u015fkuyla icra etmesiyle boyac\u0131 ve kimyac\u0131lar\u0131n ya\u015fam\u0131na renk katt\u0131. Seslerin ve dillerin renkleriyle sanat\u0131n evrenselli\u011fini boyac\u0131lara ve kimyac\u0131lara ya\u015fatt\u0131.<\/p>\n\n\n\n<p>Ya\u015fama renk ve zevk katan sanat\u00e7\u0131lard\u0131r. Bu sanat\u00e7\u0131lardan biri de Candan Er\u00e7etin&#8217;dir bence. Sesler say\u0131larla, yani notas\u0131na g\u00f6re icra edildi\u011fi zaman, ayr\u0131ca sanat\u00e7\u0131n\u0131n kendi yorumu da buna eklenince insan ruhunun derinli\u011findeki duygular nicel ve nitel de\u011fi\u015fime u\u011fray\u0131p insan\u0131n kimyas\u0131 de\u011fi\u015fiyor, insan bir ho\u015f oluyor.<\/p>\n\n\n\n<p>Salondakiler konser bitiminde salondan bir &#8220;ho\u015f&#8221; ayr\u0131ld\u0131lar.<\/p>\n\n\n\n<p>&#8220;Boya 2006&#8221; kongre ve fuar\u0131, KMO a\u00e7\u0131s\u0131ndan, boya firmalar\u0131 a\u00e7\u0131s\u0131ndan ve de kimya m\u00fchendisleri a\u00e7\u0131s\u0131ndan ba\u015far\u0131l\u0131 ge\u00e7ti diyebilirim.<\/p>\n\n\n\n<p>TMMOB Genel Kurulu&#8217;na gelince\u2026<\/p>\n\n\n\n<p>TMMOB 39. Genel Kurulu, 25-28 May\u0131s tarihleri aras\u0131nda Ankara&#8217;da yap\u0131ld\u0131.<\/p>\n\n\n\n<p>Genel Kurul d\u00f6rt g\u00fcn s\u00fcrd\u00fc. \u0130lk iki g\u00fcn, \u0130stanbul&#8217;da ikamet etmem ve kamuda \u00e7al\u0131\u015fan biri olmam nedeniyle kongrede bulunamad\u0131m. Ancak Cuma g\u00fcn\u00fc ak\u015fam\u0131 otob\u00fcsle Ankara&#8217;ya hareket ederek, Cumartesi sabah\u0131 Devlet Su \u0130\u015fleri Genel M\u00fcd\u00fcrl\u00fc\u011f\u00fc Toplant\u0131 Salonu&#8217;nda devam eden kongreye kat\u0131labildim.<\/p>\n\n\n\n<p>\u0130lk g\u00fcn adet oldu\u011fu \u00fczere a\u00e7\u0131\u015f konu\u015fmalar\u0131 yap\u0131lm\u0131\u015f. \u0130kinci g\u00fcn s\u00f6z alan delegeler \u00e7e\u015fitli konulara da ele\u015ftiri ve \u00f6nerilerde bulunmu\u015flar.<\/p>\n\n\n\n<p>Benim kongreye kat\u0131ld\u0131\u011f\u0131m \u00fc\u00e7\u00fcnc\u00fc g\u00fcn ise, TMMOB Y\u00f6netim Kurulu&#8217;nda yer alan oda temsilcileri bir g\u00fcn \u00f6nce yap\u0131lan ele\u015ftirileri yan\u0131tlad\u0131; \u00e7al\u0131\u015fmalar\u0131n\u0131 ve \u00e7e\u015fitli konularda d\u00fc\u015f\u00fcncelerini anlatt\u0131lar.<\/p>\n\n\n\n<p>Kongre ile ilgili g\u00f6zlemlerim:<br>*Kongreye kat\u0131l\u0131m yo\u011fundu.<br>*Salon yetersizdi, \u00e7ok delege ayakta kongreyi izlemek zorunda kald\u0131.<br>*S\u00f6z alan konu\u015fmac\u0131lar konu\u015fmalar\u0131n\u0131 \u00f6l\u00e7\u00fcl\u00fc ve \u00f6zg\u00fcrce yapt\u0131. Ele\u015ftirilere verilen yan\u0131tlar da yine \u00f6l\u00e7\u00fcl\u00fcyd\u00fc.<br>*Kat\u0131lan delegeler ya\u015f olarak orta ya\u015f\u0131n \u00fcst\u00fcndeydi, gen\u00e7 m\u00fchendisler say\u0131sal olarak az\u0131nl\u0131ktayd\u0131.<br>*Kongrede hi\u00e7bir olumsuz, naho\u015f bir geli\u015fme olmad\u0131. Yaln\u0131z bir ara a\u011f\u0131zlar\u0131 siyah bantl\u0131 &#8220;Gen\u00e7 TMMOB&#8217;liler&#8221; diye bir grup kongre salonuna girip, salonun arkas\u0131nda dizilerek ellerinde yaz\u0131l\u0131 &#8220;S\u00f6z \u0130stiyoruz&#8221; d\u00f6vizini a\u00e7t\u0131; sonra da, bildiri da\u011f\u0131tmaya \u00e7al\u0131\u015ft\u0131. Divan ba\u015fkan\u0131n\u0131n araya girmesiyle sorun \u00e7\u00f6z\u00fcld\u00fc.<br>*Kongre ge\u00e7mi\u015f y\u0131llarla k\u0131yasland\u0131\u011f\u0131nda, kongrede &#8220;heyecan&#8221; yoktu diyebilirim.<\/p>\n\n\n\n<p>D\u00f6rd\u00fcnc\u00fc g\u00fcn se\u00e7imler yap\u0131ld\u0131.<\/p>\n\n\n\n<p>Se\u00e7imlere iki liste kat\u0131ld\u0131: &#8220;Devrimci Demokrat Platform&#8221; ve &#8220;\u00c7a\u011fda\u015f M\u00fchendis, Mimar, \u015eehir Planlamac\u0131lar\u0131&#8221;.<\/p>\n\n\n\n<p>Se\u00e7imleri -edindi\u011fim bilgilere g\u00f6re- &#8220;Devrimci Demokrat Platform&#8221; listesi kazand\u0131.<\/p>\n\n\n\n<p>Kazanan y\u00f6netici arkada\u015flara ba\u015far\u0131lar dilerken, bir delege olarak yeni y\u00f6netimden;<br>-TMMOB&#8217;nin \u00f6rg\u00fctsel ba\u011f\u0131ms\u0131zl\u0131\u011f\u0131n\u0131n korunmas\u0131,<br>-TMMOB&#8217;nin daha g\u00fc\u00e7l\u00fc, daha demokratik ve daha ileri konuma ta\u015f\u0131nmas\u0131,<br>-TMMOB&#8217;nin, demokratik bir yakla\u015f\u0131mla, odalar aras\u0131nda d\u00fczenleyici bir kurul olmas\u0131,<br>-TMMOB&#8217;nin odalar aras\u0131nda demokratik bir ili\u015fki ve k\u00fclt\u00fcr\u00fcn geli\u015fmesi,<br>-TMMOB olarak, m\u00fchendislerin ekonomik, demokratik ve \u00f6zl\u00fck haklar\u0131n\u0131 korunmas\u0131 ve iyile\u015ftirilmesi; m\u00fchendislik alan\u0131ndaki geli\u015fmeleri takip ederek, teknolojik seviyenin geli\u015fmesi ve uluslararas\u0131 standartlar\u0131n uygulanmas\u0131; m\u00fchendislik hizmetlerinde &#8220;etik&#8221; de\u011ferlerin \u00f6nem kazanmas\u0131,<br>-AB kat\u0131l\u0131m s\u00fcrecinde, s\u00fcrecin d\u0131\u015f\u0131nda kal\u0131nmamas\u0131. M\u00fchendislik hizmetleri alan\u0131nda oldu\u011fu gibi, demokratik normlar\u0131n yerle\u015fmesinde de katk\u0131 sunmas\u0131,<br>-K\u00fcreselle\u015fme olgusunu iyi analiz edip, do\u011fru \u00e7\u00f6z\u00fcmler \u00fcretilmesi konular\u0131nda politikalar geli\u015ftirilmesi ve &#8220;yerel&#8221; kal\u0131nmamas\u0131,<br>-Ve, TMMOB&#8217;nin toplumsal bilincin toplumsal uyan\u0131\u015fa d\u00f6n\u00fc\u015fmesinde iyi bir kataliz\u00f6r g\u00f6revi g\u00f6rmesi\u2026 i\u00e7in \u00e7al\u0131\u015fmalar yapmas\u0131n\u0131 arzu etmekteyim.<\/p>\n\n\n\n<p>Selam olsun TMMOB&#8217;nin onurlu y\u00fcr\u00fcy\u00fc\u015f\u00fcn\u00fc ve dik duru\u015funu s\u00fcrd\u00fcrenlere ve s\u00fcrd\u00fcreceklere!<\/p>\n\n\n\n<p class=\"has-small-font-size\"><em>15 Haziran 2006<br>www.uzulmez.info\/muslum<\/em><\/p>\n\n\n\n<p><\/p>\n\n\n<div class=\"taxonomy-post_tag wp-block-post-terms\"><a href=\"https:\/\/www.uzulmez.site\/?tag=ali-coskun-2\" rel=\"tag\">ali \u00e7o\u015fkun<\/a><span class=\"wp-block-post-terms__separator\">, <\/span><a href=\"https:\/\/www.uzulmez.site\/?tag=boya-2006\" rel=\"tag\">boya 2006<\/a><span class=\"wp-block-post-terms__separator\">, <\/span><a href=\"https:\/\/www.uzulmez.site\/?tag=candan-ercetin-konseri\" rel=\"tag\">candan er\u00e7etin konseri<\/a><span class=\"wp-block-post-terms__separator\">, <\/span><a href=\"https:\/\/www.uzulmez.site\/?tag=iki-kongre\" rel=\"tag\">iki kongre<\/a><span class=\"wp-block-post-terms__separator\">, <\/span><a href=\"https:\/\/www.uzulmez.site\/?tag=jean-pierre-monteny\" rel=\"tag\">Jean-Pierre Monteny<\/a><span class=\"wp-block-post-terms__separator\">, <\/span><a href=\"https:\/\/www.uzulmez.site\/?tag=kmo-ist-sb\" rel=\"tag\">kmo ist. \u015fb.<\/a><span class=\"wp-block-post-terms__separator\">, <\/span><a href=\"https:\/\/www.uzulmez.site\/?tag=prof-dr-neset-kadirgan\" rel=\"tag\">Prof. Dr. Ne\u015fet Kad\u0131rgan<\/a><span class=\"wp-block-post-terms__separator\">, <\/span><a href=\"https:\/\/www.uzulmez.site\/?tag=tmmob-39-genel-kurulu\" rel=\"tag\">tmmob 39. genel kurulu<\/a><\/div>","protected":false},"excerpt":{"rendered":"<p>Ge\u00e7ti\u011fimiz g\u00fcnlerde iki kongreye kat\u0131ld\u0131m. Birincisi, Kimya M\u00fchendisleri Odas\u0131 \u0130stanbul \u015eubesi taraf\u0131ndan L\u00fctfi K\u0131rdar Kongre ve Sergi Saray\u0131&#8217;nda 17-19 May\u0131s 2006 tarihleri aras\u0131nda d\u00fczenlenen &#8220;6. Uluslararas\u0131 Boya, Vernik, M\u00fcrekkep ve Yard\u0131mc\u0131 Maddeler Sanayi Kongresi ve Fuar\u0131 (Boya 2006)&#8221;. \u0130kincisi, 25-28 May\u0131s tarihleri aras\u0131nda yap\u0131lan T\u00fcrk M\u00fchendis ve Mimar Odalar\u0131 Birli\u011fi&#8217;nin 39. Ola\u011fan Genel Kurulu.Bu kongrelere ili\u015fkin baz\u0131 g\u00f6zlemlerim oldu, bunlar\u0131 sizlerle payla\u015fmak istiyorum. &#8220;Boya 2006&#8221; kongre ve fuar\u0131n\u0131 T\u00dcB\u0130TAK dahil 31 firma ve kurulu\u015f destekledi. A\u00e7\u0131\u015f konu\u015fmas\u0131n\u0131 Sanayi ve Ticaret Bakan\u0131 Sn. Ali \u00c7o\u015fkun yapt\u0131. Kongre s\u00fcresince ana temas\u0131 &#8220;Ak\u0131ll\u0131 Boyalar ve Yeni Teknolojiler&#8221; toplant\u0131lar\u0131 yap\u0131ld\u0131. Bu toplant\u0131larda, yerli ve<\/p>\n","protected":false},"author":2,"featured_media":0,"comment_status":"open","ping_status":"open","sticky":false,"template":"","format":"standard","meta":{"footnotes":""},"categories":[3403],"tags":[4121,4122,4125,4120,2785,4124,2777,4123],"class_list":["post-6126","post","type-post","status-publish","format-standard","hentry","category-plus","tag-ali-coskun-2","tag-boya-2006","tag-candan-ercetin-konseri","tag-iki-kongre","tag-jean-pierre-monteny","tag-kmo-ist-sb","tag-prof-dr-neset-kadirgan","tag-tmmob-39-genel-kurulu"],"_links":{"self":[{"href":"https:\/\/www.uzulmez.site\/index.php?rest_route=\/wp\/v2\/posts\/6126","targetHints":{"allow":["GET"]}}],"collection":[{"href":"https:\/\/www.uzulmez.site\/index.php?rest_route=\/wp\/v2\/posts"}],"about":[{"href":"https:\/\/www.uzulmez.site\/index.php?rest_route=\/wp\/v2\/types\/post"}],"author":[{"embeddable":true,"href":"https:\/\/www.uzulmez.site\/index.php?rest_route=\/wp\/v2\/users\/2"}],"replies":[{"embeddable":true,"href":"https:\/\/www.uzulmez.site\/index.php?rest_route=%2Fwp%2Fv2%2Fcomments&post=6126"}],"version-history":[{"count":1,"href":"https:\/\/www.uzulmez.site\/index.php?rest_route=\/wp\/v2\/posts\/6126\/revisions"}],"predecessor-version":[{"id":6127,"href":"https:\/\/www.uzulmez.site\/index.php?rest_route=\/wp\/v2\/posts\/6126\/revisions\/6127"}],"wp:attachment":[{"href":"https:\/\/www.uzulmez.site\/index.php?rest_route=%2Fwp%2Fv2%2Fmedia&parent=6126"}],"wp:term":[{"taxonomy":"category","embeddable":true,"href":"https:\/\/www.uzulmez.site\/index.php?rest_route=%2Fwp%2Fv2%2Fcategories&post=6126"},{"taxonomy":"post_tag","embeddable":true,"href":"https:\/\/www.uzulmez.site\/index.php?rest_route=%2Fwp%2Fv2%2Ftags&post=6126"}],"curies":[{"name":"wp","href":"https:\/\/api.w.org\/{rel}","templated":true}]}}