{"id":6055,"date":"2006-12-06T19:57:00","date_gmt":"2006-12-06T19:57:00","guid":{"rendered":"https:\/\/www.uzulmez.site\/?p=6055"},"modified":"2023-06-19T20:07:07","modified_gmt":"2023-06-19T20:07:07","slug":"ataturkun-silah-arkadasi-mehmet-lutfi-beyin-ilginc-yasam-oykusu","status":"publish","type":"post","link":"https:\/\/www.uzulmez.site\/?p=6055","title":{"rendered":"Atat\u00fcrk&#8217;\u00fcn Silah Arkada\u015f\u0131 Mehmet L\u00fctfi Bey&#8217;in \u0130lgin\u00e7 Ya\u015fam \u00d6yk\u00fcs\u00fc"},"content":{"rendered":"\n<p>Emekli Kurmay Yarbay Mehmet L\u00fctfi Rifai (Y\u00fccel)&#8217;in kaleme ald\u0131\u011f\u0131 \u00e7ocukluk, okul, askeri okul, Balkan Harbi, \u00c7anakkale Sava\u015flar\u0131, Filistin, Gazze \u00c7arp\u0131\u015fmalar\u0131na ili\u015fkin an\u0131lar\u0131, torunu arkada\u015f\u0131m Arif Suavi Okay taraf\u0131ndan yay\u0131na haz\u0131rlan\u0131p Eyl\u00fcl 2006&#8217;da <strong>HATIRALARIM<\/strong> (G\u00fcnayd\u0131n Ofset, 2006) ad\u0131 alt\u0131nda kitap olarak yay\u0131nland\u0131.<\/p>\n\n\n\n<p><strong>Hat\u0131ralar\u0131m<\/strong>, b\u00fcy\u00fck boy, karton kapak, 216 sayfa. Bol foto\u011fraf, eski yaz\u0131, belge, harita, madalya ve berat resimlerle zenginle\u015ftirilmi\u015f belgesel nitelikteki kitab\u0131n kapa\u011f\u0131nda 14 Mart 1917 tarihinde Diyarbak\u0131r&#8217;da Mustafa Kemal Pa\u015fa (Atat\u00fcrk) ve silah arkada\u015flar\u0131n\u0131n birlikte \u00e7ektirdikleri bir foto\u011fraf var. Foto\u011frafta, 19. T\u00fcmen Kumandan\u0131 Yarbay Mustafa Kemal Pa\u015fa&#8217;n\u0131n hemen arkas\u0131nda Erk\u00e2n-\u0131 Harbi Binba\u015f\u0131 Mehmet L\u00fctfi Bey yer almaktad\u0131r.<\/p>\n\n\n\n<p>Mehmet L\u00fctfi Rufai Bey&#8217;in ya\u015fam ser\u00fcveni \u00e7ok ilgin\u00e7 ve \u00f6\u011fretici.<\/p>\n\n\n\n<p>Kitaptan ya\u015fam \u00f6yk\u00fcs\u00fcn\u00fc \u00f6zetlemek istiyorum:<\/p>\n\n\n\n<p>Mehmet L\u00fctfi Rufai Bey;<\/p>\n\n\n\n<p>1881 y\u0131l\u0131nda Lazkiye&#8217;de (bug\u00fcn Suriye s\u0131n\u0131rlar\u0131 i\u00e7inde yer almakta) do\u011fdu. S\u00fcnni Arap k\u00f6kenlidir. \u00c7ocukluk ve okul y\u0131llar\u0131 Seyda, Sur, Humus, Beyrut ve \u015eam&#8217;da ge\u00e7ti.<\/p>\n\n\n\n<p>1900 y\u0131l\u0131nda \u015eam askeri r\u00fc\u015ftiye ve \u0130dadisini bitirdi. Sonra \u0130stanbul Hal\u0131c\u0131o\u011flu&#8217;nda bulunan Harbiye Mektebi&#8217;ne girdi. 1903&#8217;te okulu bitirdi. 1908 ihtilali s\u0131ras\u0131nda Balkanlarda g\u00f6rev yapt\u0131.<\/p>\n\n\n\n<p>1912 y\u0131l\u0131nda 100.000 kadar asker terhis edilmi\u015fken Osmanl\u0131 \u0130mparatorlu\u011fu yeni bir maceraya girdi\u011finde, Yenipazar (Novibazar) birliklerinde subay olarak Yunanlara kar\u015f\u0131 sava\u015ft\u0131. T\u00fcmen Kumandan\u0131 Esat Pa\u015fa ile birlikte esir d\u00fc\u015ft\u00fc. Spetses adas\u0131nda 10 ay s\u00fcrg\u00fcn kald\u0131, anla\u015fma sonunda \u0130stanbul&#8217;a g\u00f6nderildi.<\/p>\n\n\n\n<p>\u0130stanbul&#8217;da Enver Pa\u015fa&#8217;n\u0131n h\u0131\u015fm\u0131na u\u011frad\u0131, g\u00f6revden uzak kald\u0131. Osmanl\u0131 \u0130mparatorlu\u011fu s\u0131n\u0131rlar\u0131 i\u00e7erisinde etnik ve milliyet\u00e7i hareketler ba\u015flay\u0131nca, Arap k\u00f6kenli subaylar Suriye ve di\u011fer Arap \u00fclkelerinden uzakla\u015ft\u0131r\u0131ld\u0131lar. 1914&#8217;te binba\u015f\u0131 oldu ve Suriye&#8217;deki 6. Kolorduya kurmay ba\u015fkan\u0131 g\u00f6reviyle g\u00f6nderildi.<\/p>\n\n\n\n<p>I. D\u00fcnya Sava\u015f\u0131 ba\u015flay\u0131nca 6. Kolordu \u00f6nce \u0130stanbul&#8217;a, sonra da M\u00fcttefiklerin sald\u0131r\u0131ya ge\u00e7ti\u011fi \u00c7anakkale&#8217;ye g\u00f6nderildi. \u00c7anakkale Sava\u015f\u0131&#8217;na 19. T\u00fcmende Mustafa Kemal Pa\u015fa ve 16. Kolorduda Fevzi Pa\u015fa ve Kuzey Grubu Komutan\u0131 Esat Pa\u015fa komutas\u0131nda kat\u0131ld\u0131. Buradan 19. T\u00fcmen Kurmay ba\u015fkan\u0131 olarak Gali\u00e7ya&#8217;ya, sonra da Gazze&#8217;ye gitti. 1917&#8217;de yarbay oldu. Asir ve Filistin&#8217;de \u00e7e\u015fitli birliklerde g\u00f6rev yapt\u0131.<\/p>\n\n\n\n<p>1918&#8217;de Mondros M\u00fctarekesi sonucu Suriye Osmanl\u0131 \u0130mparatorlu\u011fu&#8217;ndan ayr\u0131ld\u0131. Antakya ve \u00e7evresi de Osmanl\u0131 \u0130mparatorlu\u011fu s\u0131n\u0131rlar\u0131n\u0131n d\u0131\u015f\u0131nda kald\u0131. Bu durumda, Mehmet L\u00fctfi Bey Osmanl\u0131 subay\u0131 olmas\u0131na kar\u015f\u0131n art\u0131k do\u011frudan Osmanl\u0131 \u0130mparatorlu\u011fu ile ba\u011flar\u0131 kalmam\u0131\u015f oldu.<\/p>\n\n\n\n<p>1919&#8217;da Suriye Genel Kongresi&#8217;ne Antakya&#8217;dan delege olarak \u00e7a\u011fr\u0131ld\u0131. Kongrede ge\u00e7ici ba\u015fkanl\u0131k yapt\u0131. Bu kongrenin en \u00f6nemli maddesi: &#8220;Suriye&#8217;nin kesin ba\u011f\u0131ms\u0131zl\u0131\u011f\u0131&#8221; maddesidir. Kongrenin kararlar\u0131 Frans\u0131zlar\u0131 k\u0131zd\u0131rd\u0131. 24 Temmuz 1920 tarihinde Frans\u0131z kuvvetleri Suriye\u2019deki ba\u011f\u0131ms\u0131zl\u0131k isteklerini sindirmek ve Arap milliyet\u00e7i hareketlerini \u00f6nlemek i\u00e7in askeri \u00f6nlemlere ba\u015fvurdu ve Meysalun denilen yerde Suriye milli ordusunu yenerek ba\u011f\u0131ms\u0131zl\u0131k hareketlerini \u00f6nledi. Faysal Suriye&#8217;yi terk etti.<\/p>\n\n\n\n<p>Meysalun Sava\u015f\u0131&#8217;nda Suriye ordusunu y\u00f6netenler El Ahad \u00f6rg\u00fct\u00fcne ba\u011fl\u0131 Osmanl\u0131 subaylar\u0131ndan olu\u015fmaktayd\u0131. Anlat\u0131lanlara g\u00f6re Mehmet L\u00fctfi Bey albay r\u00fctbesinde bu sava\u015flara kat\u0131lm\u0131\u015ft\u0131r.<\/p>\n\n\n\n<p>1921&#8217;de Osmanl\u0131 Ordusu&#8217;ndaki g\u00f6revi sona erdi. \u0130ki y\u0131l Suriye Ordusu&#8217;nda g\u00f6rev yapt\u0131. Daha sonra buradan ayr\u0131larak Antakya&#8217;ya yerle\u015fti ve \u00e7e\u015fitli e\u011fitim kurumlar\u0131nda \u00e7al\u0131\u015fmaya ba\u015flad\u0131. Bu arada F\u00fcnun-u Cemile adl\u0131 bir cemiyet kurdu. Cumhuriyet Halk F\u0131rkas\u0131&#8217;na girdi. Eski Muharipler Derne\u011fi&#8217;nde hem \u00fcye, hem y\u00f6netici olarak \u00e7al\u0131\u015ft\u0131. Ayr\u0131ca yerel bir\u00e7ok gazetede yaz\u0131lar yazd\u0131. Yenig\u00fcn gazetesinde 1935-36 y\u0131llar\u0131nda makaleleri, \u00c7anakkale Sava\u015flar\u0131na ait an\u0131lar\u0131n\u0131n bir b\u00f6l\u00fcm\u00fc yay\u0131nland\u0131.<\/p>\n\n\n\n<p>T\u00fcrk askerlerinin Hatay&#8217;a girmesinden sonra Orta Kuseyr kazas\u0131n\u0131n Nahiye M\u00fcd\u00fcrl\u00fc\u011f\u00fc&#8217;ne getirildi.<\/p>\n\n\n\n<p>1938 y\u0131l\u0131nda soyad\u0131n\u0131 &#8220;Y\u00fccel&#8221; olarak de\u011fi\u015ftirmek zorunda kald\u0131.<\/p>\n\n\n\n<p>1941 y\u0131l\u0131nda Cumhurba\u015fkan\u0131 \u0130smet \u0130n\u00f6n\u00fc ile Hatay&#8217;da kar\u015f\u0131la\u015ft\u0131klar\u0131nda; &#8220;T\u00fcrkiye harbe girdi\u011fi takdirde hemen orduya geri d\u00f6ner ve verece\u011finiz her g\u00f6reve can-u g\u00f6n\u00fclden ko\u015far\u0131m&#8221; dedi\u011fi anlat\u0131r.<\/p>\n\n\n\n<p>II. D\u00fcnya Sava\u015f\u0131 s\u0131ras\u0131nda Hatay&#8217;da yay\u0131nlanan Atayolu gazetesinde &#8220;S\u00fcelyaz\u0131c\u0131&#8221; takma isimle ba\u015fyazar olarak sava\u015f\u0131 irdeleyen yaz\u0131lar yazd\u0131. Bu yaz\u0131larda Almanlar\u0131n etkisinde kald\u0131\u011f\u0131 g\u00f6r\u00fcl\u00fcr.<\/p>\n\n\n\n<p>D\u00fcnyay\u0131 sarsan Balkan Sava\u015f\u0131, \u00c7anakkale Sava\u015f\u0131, Hicaz sava\u015flar\u0131nda \u00e7arp\u0131\u015fan; zorunlu olarak Osmanl\u0131 \u0130mparatorlu\u011fu, Suriye Arap Cumhuriyeti, Hatay Cumhuriyeti ve T\u00fcrkiye Cumhuriyeti vatanda\u015f\u0131 olan, be\u015f madalya sahibi Mehmet L\u00fctfi Rufai Bey 4 Ekim 1956 tarihinde Antakya&#8217;da ya\u015fama veda etti.<\/p>\n\n\n\n<p><strong>Hat\u0131ralar\u0131m<\/strong> kitab\u0131 ibret dolu. \u0130bret dolu bu ya\u015fam \u00f6yk\u00fcs\u00fcn\u00fc okuman\u0131z\u0131 \u00f6neririm.<\/p>\n\n\n\n<p class=\"has-small-font-size\"><em>06.12.2006 Ergani Haber Gazetesi<br>06.12.2006 tarihinde http:\/\/www.gunlukhaberler.com ve<br>http:\/\/www.mkemalataturk.com sitelerinde yay\u0131mland\u0131.<\/em><\/p>\n\n\n\n<p><\/p>\n\n\n<div class=\"taxonomy-post_tag wp-block-post-terms\"><a href=\"https:\/\/www.uzulmez.site\/?tag=antakya\" rel=\"tag\">antakya<\/a><span class=\"wp-block-post-terms__separator\">, <\/span><a href=\"https:\/\/www.uzulmez.site\/?tag=arif-okay\" rel=\"tag\">Arif Okay<\/a><span class=\"wp-block-post-terms__separator\">, <\/span><a href=\"https:\/\/www.uzulmez.site\/?tag=ataturk\" rel=\"tag\">Atat\u00fcrk<\/a><span class=\"wp-block-post-terms__separator\">, <\/span><a href=\"https:\/\/www.uzulmez.site\/?tag=hatiralarim\" rel=\"tag\">hat\u0131ralar\u0131m<\/a><span class=\"wp-block-post-terms__separator\">, <\/span><a href=\"https:\/\/www.uzulmez.site\/?tag=lazkiy\" rel=\"tag\">lazkiy<\/a><span class=\"wp-block-post-terms__separator\">, <\/span><a href=\"https:\/\/www.uzulmez.site\/?tag=mehmet-lutfi-bey\" rel=\"tag\">mehmet l\u00fctfi bey<\/a><span class=\"wp-block-post-terms__separator\">, <\/span><a href=\"https:\/\/www.uzulmez.site\/?tag=osmanli\" rel=\"tag\">osmanl\u0131<\/a><span class=\"wp-block-post-terms__separator\">, <\/span><a href=\"https:\/\/www.uzulmez.site\/?tag=silah-arkadasi\" rel=\"tag\">silah arkada\u015f\u0131<\/a><span class=\"wp-block-post-terms__separator\">, <\/span><a href=\"https:\/\/www.uzulmez.site\/?tag=sunni-arap-kokenli\" rel=\"tag\">s\u00fcnni arap k\u00f6kenli<\/a><span class=\"wp-block-post-terms__separator\">, <\/span><a href=\"https:\/\/www.uzulmez.site\/?tag=suriye-genel-kongresi\" rel=\"tag\">suriye genel kongresi<\/a><span class=\"wp-block-post-terms__separator\">, <\/span><a href=\"https:\/\/www.uzulmez.site\/?tag=yasam-oykusu\" rel=\"tag\">ya\u015fam \u00f6yk\u00fcs\u00fc<\/a><\/div>","protected":false},"excerpt":{"rendered":"<p>Emekli Kurmay Yarbay Mehmet L\u00fctfi Rifai (Y\u00fccel)&#8217;in kaleme ald\u0131\u011f\u0131 \u00e7ocukluk, okul, askeri okul, Balkan Harbi, \u00c7anakkale Sava\u015flar\u0131, Filistin, Gazze \u00c7arp\u0131\u015fmalar\u0131na ili\u015fkin an\u0131lar\u0131, torunu arkada\u015f\u0131m Arif Suavi Okay taraf\u0131ndan yay\u0131na haz\u0131rlan\u0131p Eyl\u00fcl 2006&#8217;da HATIRALARIM (G\u00fcnayd\u0131n Ofset, 2006) ad\u0131 alt\u0131nda kitap olarak yay\u0131nland\u0131. Hat\u0131ralar\u0131m, b\u00fcy\u00fck boy, karton kapak, 216 sayfa. Bol foto\u011fraf, eski yaz\u0131, belge, harita, madalya ve berat resimlerle zenginle\u015ftirilmi\u015f belgesel nitelikteki kitab\u0131n kapa\u011f\u0131nda 14 Mart 1917 tarihinde Diyarbak\u0131r&#8217;da Mustafa Kemal Pa\u015fa (Atat\u00fcrk) ve silah arkada\u015flar\u0131n\u0131n birlikte \u00e7ektirdikleri bir foto\u011fraf var. Foto\u011frafta, 19. T\u00fcmen Kumandan\u0131 Yarbay Mustafa Kemal Pa\u015fa&#8217;n\u0131n hemen arkas\u0131nda Erk\u00e2n-\u0131 Harbi Binba\u015f\u0131 Mehmet L\u00fctfi Bey yer almaktad\u0131r. Mehmet L\u00fctfi<\/p>\n","protected":false},"author":2,"featured_media":0,"comment_status":"open","ping_status":"open","sticky":false,"template":"","format":"standard","meta":{"footnotes":""},"categories":[1064],"tags":[3971,2432,1795,3968,3974,3970,156,3972,3975,3973,3969],"class_list":["post-6055","post","type-post","status-publish","format-standard","hentry","category-tarih","tag-antakya","tag-arif-okay","tag-ataturk","tag-hatiralarim","tag-lazkiy","tag-mehmet-lutfi-bey","tag-osmanli","tag-silah-arkadasi","tag-sunni-arap-kokenli","tag-suriye-genel-kongresi","tag-yasam-oykusu"],"_links":{"self":[{"href":"https:\/\/www.uzulmez.site\/index.php?rest_route=\/wp\/v2\/posts\/6055","targetHints":{"allow":["GET"]}}],"collection":[{"href":"https:\/\/www.uzulmez.site\/index.php?rest_route=\/wp\/v2\/posts"}],"about":[{"href":"https:\/\/www.uzulmez.site\/index.php?rest_route=\/wp\/v2\/types\/post"}],"author":[{"embeddable":true,"href":"https:\/\/www.uzulmez.site\/index.php?rest_route=\/wp\/v2\/users\/2"}],"replies":[{"embeddable":true,"href":"https:\/\/www.uzulmez.site\/index.php?rest_route=%2Fwp%2Fv2%2Fcomments&post=6055"}],"version-history":[{"count":1,"href":"https:\/\/www.uzulmez.site\/index.php?rest_route=\/wp\/v2\/posts\/6055\/revisions"}],"predecessor-version":[{"id":6056,"href":"https:\/\/www.uzulmez.site\/index.php?rest_route=\/wp\/v2\/posts\/6055\/revisions\/6056"}],"wp:attachment":[{"href":"https:\/\/www.uzulmez.site\/index.php?rest_route=%2Fwp%2Fv2%2Fmedia&parent=6055"}],"wp:term":[{"taxonomy":"category","embeddable":true,"href":"https:\/\/www.uzulmez.site\/index.php?rest_route=%2Fwp%2Fv2%2Fcategories&post=6055"},{"taxonomy":"post_tag","embeddable":true,"href":"https:\/\/www.uzulmez.site\/index.php?rest_route=%2Fwp%2Fv2%2Ftags&post=6055"}],"curies":[{"name":"wp","href":"https:\/\/api.w.org\/{rel}","templated":true}]}}