{"id":6038,"date":"2005-06-10T15:32:00","date_gmt":"2005-06-10T15:32:00","guid":{"rendered":"https:\/\/www.uzulmez.site\/?p=6038"},"modified":"2023-06-19T15:35:39","modified_gmt":"2023-06-19T15:35:39","slug":"surdurulebilir-kalkinmada-yerel-yonetimlerin-rolu","status":"publish","type":"post","link":"https:\/\/www.uzulmez.site\/?p=6038","title":{"rendered":"S\u00fcrd\u00fcr\u00fclebilir Kalk\u0131nmada Yerel Y\u00f6netimlerin Rol\u00fc"},"content":{"rendered":"\n<p>Yerel y\u00f6netimler ile insan onurunun temelini olu\u015fturan insan haklar\u0131 aras\u0131nda \u00f6nemli ba\u011flar bulunmaktad\u0131r. Farkl\u0131 etnik, toplumsal ve ekonomik k\u00f6ken ve geleneklerden insanlar\u0131n her g\u00fcn birlikte ya\u015fad\u0131klar\u0131, \u00e7e\u015fitli ihtiya\u00e7 ve beklentileri farkl\u0131 olan insanlar\u0131n kar\u015f\u0131l\u0131kl\u0131 yerel d\u00fczeydeki haklar\u0131n\u0131 koruyacak ve geli\u015ftirecek olan yerel y\u00f6netimlerdir. Yani daha a\u00e7\u0131k bir deyimle belediyelerdir.<\/p>\n\n\n\n<p>Kentle\u015fme ekonomik kalk\u0131nman\u0131n temel \u015fartlar\u0131ndan biridir. Bu nedenle, kentle\u015fme hi\u00e7bir zaman sak\u0131ncal\u0131 g\u00f6r\u00fclmemeli, ancak \u00e7arp\u0131k kentle\u015fmenin b\u00fcy\u00fck sosyal sorunlarla, ekonomik ve \u00e7evre sorunlar\u0131 yaratt\u0131\u011f\u0131n\u0131 da unutmamal\u0131y\u0131z. Do\u011fru d\u00fcr\u00fcst ve insanca bir ya\u015fam sa\u011flamaya yetecek temiz suyu, sa\u011fl\u0131k hizmetlerini, okullar\u0131 ve ula\u015f\u0131m\u0131 sa\u011flayacak g\u00fc\u00e7, kaynaklar ve e\u011fitilmi\u015f personel temininde b\u00fcy\u00fck zorluklar yaratmaktad\u0131r. B\u00f6ylesi kentlerde sonu\u00e7 olarak ortaya mantar gibi illegal isk\u00e2n (gecekondu, varo\u015f&#8230;) b\u00f6lgeleri ve ilkel ya\u015fam bi\u00e7imleri ortaya \u00e7\u0131kmakta, sa\u011fl\u0131ks\u0131z \u00e7evre sebebiyle hastal\u0131klar yay\u0131lmakta, kentsel krizle ve \u00e7evre sorunlar\u0131yla kar\u015f\u0131 kar\u015f\u0131ya kal\u0131nmaktad\u0131r. \u00d6yleyse \u00e7\u00f6z\u00fcmlerimiz sorunun \u00e7ap\u0131yla ba\u011fda\u015f\u0131r olmal\u0131, yoksa do\u011fa insanlardan korkun\u00e7 bir intikam al\u0131r!<\/p>\n\n\n\n<p>Bu bak\u0131\u015f a\u00e7\u0131s\u0131yla, yerel y\u00f6netimler, merkezi y\u00f6netimden baz\u0131 hizmet ve kazan\u00e7lar\u0131 devralarak kent ya\u015fam\u0131n\u0131n kalitesini y\u00fckseltebilir. K\u0131rsal alandaki g\u00f6\u00e7 ve istihdam sorunlar\u0131n\u0131 yerinde \u00e7\u00f6zmek, k\u00f6y\u00fc ya\u015fanabilir k\u0131lmak i\u00e7in, tar\u0131ma dayal\u0131 (teknolojik destekli) ve tar\u0131m d\u0131\u015f\u0131 faaliyetleri yayg\u0131nla\u015ft\u0131rmak, b\u00fct\u00fcnle\u015ftirmek ve giri\u015fimcili\u011fi desteklemek yoluna gidilmeli, k\u0131rsal kesimdeki hazine arazileri bu ama\u00e7la de\u011ferlendirilmeli; kentlerdeki kamu arazileri ise sa\u011fl\u0131kl\u0131 bir kent olu\u015fumu i\u00e7in planlanmal\u0131 ve sat\u0131lmal\u0131d\u0131r. B\u00f6lgemizde &#8216;k\u00f6ye d\u00f6n\u00fc\u015fler&#8217; i\u00e7in ger\u00e7ek\u00e7i, somut projeler geli\u015ftirilmeli ve bu projeler te\u015fvik edilmelidir.<\/p>\n\n\n\n<p>Habitat kararlar\u0131 ya\u015fama ge\u00e7irilmeli; kalk\u0131nman\u0131n sa\u011flanmas\u0131, \u00e7evrenin korunmas\u0131 ve geli\u015ftirilmesi, sa\u011fl\u0131kl\u0131 ve g\u00fcvenli bir kentte insanlar\u0131n daha rahat ya\u015famalar\u0131 i\u00e7in Yerel G\u00fcndem 21&#8217;ler ile Yerel Habitat&#8217;lar olu\u015fturulmal\u0131 ve bunlar i\u015fbirli\u011fi i\u00e7inde \u00e7al\u0131\u015fmal\u0131d\u0131rlar.<\/p>\n\n\n\n<p>Yerel d\u00fczeyde &#8216;toplumsal i\u015fbirli\u011finin nimetlerini ve k\u00fclfetini&#8217; adilce da\u011f\u0131t\u0131lmas\u0131n\u0131 sa\u011flayacak olan yerel y\u00f6netimlerin g\u00fc\u00e7lendirilmesi, \u00fclkede demokrasinin g\u00fc\u00e7lenmesine katk\u0131 sa\u011flayacakt\u0131r. Eli kolu ba\u011fl\u0131, yetkileri k\u0131s\u0131tlanm\u0131\u015f yerel y\u00f6netimlerin oldu\u011fu yerde ne demokrasiden, ne de s\u00fcrd\u00fcr\u00fclebilir kalk\u0131nma ve \u00e7evreden s\u00f6z edilebilir. \u0130yi bir kent y\u00f6netiminin ademi merkeziyete ihtiyac\u0131 vard\u0131r. Gerek fonlar konusunda, gerek siyasal g\u00fc\u00e7te, gerekse personel konusunda yetkilerin mahalli idarelere verilmesi gerekmektedir. \u00c7\u00fcnk\u00fc mahalli y\u00f6netimler y\u00f6resel ihtiya\u00e7lar\u0131 g\u00f6zlemleyebilecek, y\u00f6netebilecek en uygun yerlerde bulunmaktad\u0131rlar.<\/p>\n\n\n\n<p>Yerel y\u00f6netimlerin demokrasinin anaokulu oldu\u011funu unutmayal\u0131m!<\/p>\n\n\n\n<p><strong>10 Haziran 2005<br>Ergani Haber Gazetesi<\/strong><\/p>\n\n\n\n<p><\/p>\n\n\n<div class=\"taxonomy-post_tag wp-block-post-terms\"><a href=\"https:\/\/www.uzulmez.site\/?tag=cevre\" rel=\"tag\">\u00e7evre<\/a><span class=\"wp-block-post-terms__separator\">, <\/span><a href=\"https:\/\/www.uzulmez.site\/?tag=degisim\" rel=\"tag\">de\u011fi\u015fim<\/a><span class=\"wp-block-post-terms__separator\">, <\/span><a href=\"https:\/\/www.uzulmez.site\/?tag=habitat\" rel=\"tag\">habitat<\/a><span class=\"wp-block-post-terms__separator\">, <\/span><a href=\"https:\/\/www.uzulmez.site\/?tag=politika\" rel=\"tag\">politika<\/a><span class=\"wp-block-post-terms__separator\">, <\/span><a href=\"https:\/\/www.uzulmez.site\/?tag=surdurulebilir-kalkinma\" rel=\"tag\">S\u00fcrd\u00fcr\u00fclebilir Kalk\u0131nma<\/a><span class=\"wp-block-post-terms__separator\">, <\/span><a href=\"https:\/\/www.uzulmez.site\/?tag=toplumsal-isbirligi\" rel=\"tag\">toplumsal i\u015fbirli\u011fi<\/a><span class=\"wp-block-post-terms__separator\">, <\/span><a href=\"https:\/\/www.uzulmez.site\/?tag=tuketim\" rel=\"tag\">t\u00fcketim<\/a><span class=\"wp-block-post-terms__separator\">, <\/span><a href=\"https:\/\/www.uzulmez.site\/?tag=uretim\" rel=\"tag\">\u00fcretim<\/a><span class=\"wp-block-post-terms__separator\">, <\/span><a href=\"https:\/\/www.uzulmez.site\/?tag=yerel-yonetim\" rel=\"tag\">yerel y\u00f6netim<\/a><\/div>","protected":false},"excerpt":{"rendered":"<p>Yerel y\u00f6netimler ile insan onurunun temelini olu\u015fturan insan haklar\u0131 aras\u0131nda \u00f6nemli ba\u011flar bulunmaktad\u0131r. Farkl\u0131 etnik, toplumsal ve ekonomik k\u00f6ken ve geleneklerden insanlar\u0131n her g\u00fcn birlikte ya\u015fad\u0131klar\u0131, \u00e7e\u015fitli ihtiya\u00e7 ve beklentileri farkl\u0131 olan insanlar\u0131n kar\u015f\u0131l\u0131kl\u0131 yerel d\u00fczeydeki haklar\u0131n\u0131 koruyacak ve geli\u015ftirecek olan yerel y\u00f6netimlerdir. Yani daha a\u00e7\u0131k bir deyimle belediyelerdir. Kentle\u015fme ekonomik kalk\u0131nman\u0131n temel \u015fartlar\u0131ndan biridir. Bu nedenle, kentle\u015fme hi\u00e7bir zaman sak\u0131ncal\u0131 g\u00f6r\u00fclmemeli, ancak \u00e7arp\u0131k kentle\u015fmenin b\u00fcy\u00fck sosyal sorunlarla, ekonomik ve \u00e7evre sorunlar\u0131 yaratt\u0131\u011f\u0131n\u0131 da unutmamal\u0131y\u0131z. Do\u011fru d\u00fcr\u00fcst ve insanca bir ya\u015fam sa\u011flamaya yetecek temiz suyu, sa\u011fl\u0131k hizmetlerini, okullar\u0131 ve ula\u015f\u0131m\u0131 sa\u011flayacak g\u00fc\u00e7, kaynaklar ve e\u011fitilmi\u015f personel temininde b\u00fcy\u00fck zorluklar yaratmaktad\u0131r.<\/p>\n","protected":false},"author":2,"featured_media":0,"comment_status":"open","ping_status":"open","sticky":false,"template":"","format":"standard","meta":{"footnotes":""},"categories":[928,97],"tags":[1498,3930,3940,193,2572,3938,3931,1621,3939],"class_list":["post-6038","post","type-post","status-publish","format-standard","hentry","category-cevre","category-politika","tag-cevre","tag-degisim","tag-habitat","tag-politika","tag-surdurulebilir-kalkinma","tag-toplumsal-isbirligi","tag-tuketim","tag-uretim","tag-yerel-yonetim"],"_links":{"self":[{"href":"https:\/\/www.uzulmez.site\/index.php?rest_route=\/wp\/v2\/posts\/6038","targetHints":{"allow":["GET"]}}],"collection":[{"href":"https:\/\/www.uzulmez.site\/index.php?rest_route=\/wp\/v2\/posts"}],"about":[{"href":"https:\/\/www.uzulmez.site\/index.php?rest_route=\/wp\/v2\/types\/post"}],"author":[{"embeddable":true,"href":"https:\/\/www.uzulmez.site\/index.php?rest_route=\/wp\/v2\/users\/2"}],"replies":[{"embeddable":true,"href":"https:\/\/www.uzulmez.site\/index.php?rest_route=%2Fwp%2Fv2%2Fcomments&post=6038"}],"version-history":[{"count":1,"href":"https:\/\/www.uzulmez.site\/index.php?rest_route=\/wp\/v2\/posts\/6038\/revisions"}],"predecessor-version":[{"id":6039,"href":"https:\/\/www.uzulmez.site\/index.php?rest_route=\/wp\/v2\/posts\/6038\/revisions\/6039"}],"wp:attachment":[{"href":"https:\/\/www.uzulmez.site\/index.php?rest_route=%2Fwp%2Fv2%2Fmedia&parent=6038"}],"wp:term":[{"taxonomy":"category","embeddable":true,"href":"https:\/\/www.uzulmez.site\/index.php?rest_route=%2Fwp%2Fv2%2Fcategories&post=6038"},{"taxonomy":"post_tag","embeddable":true,"href":"https:\/\/www.uzulmez.site\/index.php?rest_route=%2Fwp%2Fv2%2Ftags&post=6038"}],"curies":[{"name":"wp","href":"https:\/\/api.w.org\/{rel}","templated":true}]}}