{"id":6034,"date":"2005-06-25T15:17:00","date_gmt":"2005-06-25T15:17:00","guid":{"rendered":"https:\/\/www.uzulmez.site\/?p=6034"},"modified":"2023-06-19T15:30:16","modified_gmt":"2023-06-19T15:30:16","slug":"surdurulebilir-kalkinma-ve-yoksullukla-mucadele","status":"publish","type":"post","link":"https:\/\/www.uzulmez.site\/?p=6034","title":{"rendered":"S\u00fcrd\u00fcr\u00fclebilir Kalk\u0131nma ve Yoksullukla M\u00fccadele"},"content":{"rendered":"\n<p>Hz. Muhammed; &#8220;<em>Az kald\u0131 yoksulluk k\u00fcf\u00fcr oluyordu<\/em>&#8221; diyor. Neden acaba?<\/p>\n\n\n\n<p>Yoksulluk, \u00fclkelerin en \u00f6nemli toplumsal sorunlar\u0131ndan biridir. \u00c7ok hakl\u0131 olarak, Konf\u00fc\u00e7y\u00fcs; &#8220;<em>\u0130yi y\u00f6netilen bir \u00fclkede, fakirlik utan\u0131lacak bir \u015feydir. K\u00f6t\u00fc y\u00f6netilen bir toplumda, utan\u00e7 verici olan zenginliktir<\/em>&#8221; demektedir.<\/p>\n\n\n\n<p>Bug\u00fcn, a\u00e7l\u0131k genellikle yiyecek bulunmamas\u0131ndan de\u011fil, sat\u0131n alma g\u00fcc\u00fcn\u00fcn olmay\u0131\u015f\u0131ndan kaynaklanmaktad\u0131r. Ve yoksul ve a\u00e7 olanlar \u00e7o\u011fu zaman sa\u011f kalabilmek i\u00e7in, yak\u0131n \u00e7evrelerini mahveder; ormanlar\u0131 keser, hayvanlar\u0131, meralar\u0131 talan eder, topra\u011f\u0131 a\u015f\u0131r\u0131 kullan\u0131r, bo\u011fulma durumuna gelmi\u015f kentlere ak\u0131p oralar\u0131 daha kalabal\u0131kla\u015ft\u0131r\u0131rlar. Bu de\u011fi\u015fikliklerin k\u00fcm\u00fclatif etkisi \u00f6yle \u00e7ok \u015feyi de\u011fi\u015ftirir ki, yoksullu\u011fu ba\u015fta gelen global tehlikelerden biri haline getirir.<\/p>\n\n\n\n<p>\u0130nsan\u0131 insandan, insanl\u0131\u011f\u0131 do\u011fadan, bireyi toplumdan, kenti \u00fclkeden, zihinsel etkinli\u011fi fiziksel etkinlikten, akl\u0131 duygudan ve ku\u015faklar\u0131 ku\u015faklardan ay\u0131ran b\u00fcy\u00fck u\u00e7urumlar a\u015f\u0131lmal\u0131d\u0131r. Bir k\u0131tl\u0131k d\u00fcnyas\u0131nda s\u00fcren ya\u015fam ve maddi g\u00fcvenlik aray\u0131\u015f\u0131n\u0131n sona ermesi, \u00f6zg\u00fcrl\u00fc\u011f\u00fcn ve eksiksiz bir insan ya\u015fam\u0131n\u0131n \u00f6n ko\u015fulu olarak g\u00f6r\u00fclmelidir. &#8220;<em>\u00d6nce insanlar\u0131n karn\u0131 doymal\u0131, sonra ahlakl\u0131 olmalar\u0131 istenmeli<\/em>&#8220;dir. Yoksa Balzac&#8217;\u0131n dedi\u011fi gibi, &#8220;<em>Yoksullu\u011fun h\u00fck\u00fcm s\u00fcrd\u00fc\u011f\u00fc yerde, ne utanma kal\u0131r, ne su\u00e7, ne namus, ne de ruh.<\/em>&#8220;<\/p>\n\n\n\n<p>Acaba neden Hz. Muhammed; &#8220;<em>Az kald\u0131 yoksulluk k\u00fcf\u00fcr oluyordu<\/em>&#8221; diyor, hi\u00e7 d\u00fc\u015f\u00fcnd\u00fck m\u00fc?<\/p>\n\n\n\n<p>S\u00fcrd\u00fcr\u00fclebilir kalk\u0131nma herkesin temel ihtiya\u00e7lar\u0131n\u0131 kar\u015f\u0131lamay\u0131, herkesin daha iyi bir hayata ili\u015fkin beklentilerini ger\u00e7ekle\u015ftirme f\u0131rsat\u0131na kavu\u015fturulmas\u0131n\u0131 gerektirmektedir. Yoksullu\u011fun i\u00e7ine i\u015fledi\u011fi bir d\u00fcnya; ter\u00f6r, ekolojik ve di\u011fer t\u00fcm facialara her zaman e\u011filimli olacakt\u0131r. Yoksulla\u015fan \u00e7evre ise onlar\u0131 daha yoksulla\u015ft\u0131racakt\u0131r, geleceklerini daha g\u00fc\u00e7 ve daha ku\u015fkulu hale getirecektir.<\/p>\n\n\n\n<p>DPT&#8217;n\u0131n verilerine g\u00f6re, T\u00fcrkiye&#8217;de olduk\u00e7a e\u015fitsiz bir gelir da\u011f\u0131l\u0131m\u0131 var. Bu konuda Tanzanya&#8217;dan bile gerideyiz. Bug\u00fcn n\u00fcfusun en varl\u0131kl\u0131 be\u015fte birlik kesimi ulusal gelirin yar\u0131s\u0131n\u0131 al\u0131rken, en yoksul be\u015fte birlik kesimin ulusal gelirden ald\u0131\u011f\u0131 pay %5&#8217;te kalmaktad\u0131r. (<em>T\u00fcrkiye Ulusal \u00c7evre Stratejisi ve Eylem Plan\u0131, DPT, \u015eubat-1999, s:7.<\/em>) Olaya hane ya da ki\u015fi ba\u015f\u0131na d\u00fc\u015fen mutlak gelirler a\u00e7\u0131s\u0131ndan bak\u0131ld\u0131\u011f\u0131nda gerek kent, gerek k\u0131r kesiminde \u00f6nemli bir yoksulluk d\u00fczeyinin varl\u0131\u011f\u0131 g\u00f6zlenmektedir. Sava\u015f ve &#8220;<em>d\u00fc\u015f\u00fck yo\u011funluklu sava\u015f<\/em>&#8220;lar\u0131 saymasak, gelir da\u011f\u0131l\u0131m\u0131ndaki adil olmayan yap\u0131 \u00fcretim yetersizli\u011fi ve d\u00fc\u015f\u00fck verimlilik yoksullu\u011fun nedenlerini olu\u015fturmaktad\u0131r. <em>5 Y\u0131ll\u0131k Plan<\/em>&#8216;larda, yap\u0131lan b\u00fct\u00e7elerde, gelmi\u015f-ge\u00e7mi\u015f h\u00fck\u00fcmet programlar\u0131nda ki\u015fi ba\u015f\u0131na gelirin artmas\u0131, istihdam\u0131n y\u00fckseltilmesi, gelir da\u011f\u0131l\u0131m\u0131n\u0131n y\u00fckseltilmesi, gelir da\u011f\u0131l\u0131m\u0131n\u0131n d\u00fczeltilmesi yer almas\u0131na kar\u015f\u0131n yoksulluk ortadan kald\u0131r\u0131lamam\u0131\u015ft\u0131r. Yoksullukla m\u00fccadelenin, ya\u015fama hakk\u0131, sosyal adalet, adil gelir da\u011f\u0131l\u0131m\u0131, f\u0131rsat e\u015fitli\u011fi, etkin bir sosyal g\u00fcvenlik sistemi ve g\u00fc\u00e7s\u00fczlerin korunmas\u0131 kavramlar\u0131ndan olu\u015ftu\u011fu kabul edilmeli, bu bak\u0131\u015fla toplumsal ya\u015fam yeniden yap\u0131land\u0131r\u0131lmal\u0131d\u0131r.<\/p>\n\n\n\n<p>B\u00fcy\u00fck veya k\u00fc\u00e7\u00fck kentlerin k\u0131y\u0131s\u0131nda ve \u00e7evresinde gecekondu b\u00f6lgeleri olarak adland\u0131r\u0131lan alanlarda, d\u00fczensiz yerle\u015fim b\u00f6lgelerinde yo\u011funla\u015fan, kentin sa\u011flad\u0131\u011f\u0131 hizmet ve olanaklardan yararlanma paylar\u0131 d\u00fc\u015f\u00fck olan bu geni\u015f kitlenin ya\u015fama standartlar\u0131n\u0131n yukar\u0131ya \u00e7ekilerek y\u00fckseltilmesi i\u00e7in ulusal, b\u00f6lgesel ve yerel d\u00fczeylerde projeler geli\u015ftirilmelidir. (B\u00f6lgesel ve kentsel kalk\u0131nma projeleri, beceri ve meslek edindirme kurslar\u0131 gibi&#8230;) Daha a\u00e7\u0131k bir ifadeyle, kentsel yoksulluk ve yoksullu\u011fun ortaya \u00e7\u0131kard\u0131\u011f\u0131 olumsuzluklarla m\u00fccadelenin ba\u015far\u0131ya ula\u015fmas\u0131 i\u00e7in, merkezi y\u00f6netim finans ve olu\u015fturulacak plan ve projelere katk\u0131lar\u0131yla bu m\u00fccadeleye destek olmal\u0131d\u0131r.<\/p>\n\n\n\n<p>Devlet, ekonomik a\u00e7\u0131dan g\u00fc\u00e7s\u00fcz olan yurtta\u015flar\u0131 destekleyecek \u00f6nlemleri almal\u0131, bu ba\u011flamda <em>Ye\u015fil Kart <\/em>uygulamas\u0131 geni\u015fletilip <em>i\u015fsizlik sigortas\u0131<\/em> olu\u015fturmal\u0131, emeklilerin g\u00fcvenlik kurumlar\u0131ndan elde etti\u011fi gelirin ge\u00e7inmeyi sa\u011flayacak bir miktarda olmas\u0131 esas al\u0131nmal\u0131d\u0131r. Kad\u0131n ve \u00f6z\u00fcrl\u00fclerin toplumsal ve ekonomik hayata kazand\u0131r\u0131lmas\u0131 i\u00e7in gerekli yasal ve idari d\u00fczenlemeler yap\u0131lmal\u0131d\u0131r.<\/p>\n\n\n\n<p>Gelir da\u011f\u0131l\u0131m\u0131nda adaletin sa\u011flanmas\u0131 esas olarak serbest pazarl\u0131k ortam\u0131n\u0131n olu\u015fturulmas\u0131na ve insanlar\u0131m\u0131z\u0131n bilgi ve beceri d\u00fczeylerinin y\u00fckselmesine ba\u011fl\u0131d\u0131r. Bu, \u00e7al\u0131\u015fmayanlara a\u015f ve i\u015fin sa\u011flanmas\u0131, \u00e7al\u0131\u015fanlar\u0131n mesleki ve demokratik \u00f6rg\u00fctlenmelerinin \u00f6n\u00fcndeki engellerin kald\u0131r\u0131lmas\u0131yla m\u00fcmk\u00fcnd\u00fcr. Bunun i\u00e7in de \u00f6rg\u00fctlenme, d\u00fc\u015f\u00fcnce \u00f6zg\u00fcrl\u00fc\u011f\u00fc ve anadilde e\u011fitimin \u00f6n\u00fcndeki engellerin kald\u0131r\u0131lmal\u0131d\u0131r. \u0130nsanlar\u0131n bir k\u0131sm\u0131 a\u00e7ken, karn\u0131 toklar\u0131n tatl\u0131 uykular\u0131 her an yar\u0131da kalabilir.<\/p>\n\n\n\n<p>Yukar\u0131da a\u00e7\u0131klanan hedeflerin ger\u00e7ekle\u015fmesi ve s\u00fcrd\u00fcr\u00fclebilir kalk\u0131nman\u0131n sa\u011flanmas\u0131 i\u00e7in <em>Ulusal <\/em><\/p>\n\n\n\n<p>Hz. Muhammed; &#8220;<em>Az kald\u0131 yoksulluk k\u00fcf\u00fcr oluyordu<\/em>&#8221; diyor. Neden acaba?<\/p>\n\n\n\n<p>Yoksulluk, \u00fclkelerin en \u00f6nemli toplumsal sorunlar\u0131ndan biridir. \u00c7ok hakl\u0131 olarak, Konf\u00fc\u00e7y\u00fcs; &#8220;<em>\u0130yi y\u00f6netilen bir \u00fclkede, fakirlik utan\u0131lacak bir \u015feydir. K\u00f6t\u00fc y\u00f6netilen bir toplumda, utan\u00e7 verici olan zenginliktir<\/em>&#8221; demektedir.<\/p>\n\n\n\n<p>Bug\u00fcn, a\u00e7l\u0131k genellikle yiyecek bulunmamas\u0131ndan de\u011fil, sat\u0131n alma g\u00fcc\u00fcn\u00fcn olmay\u0131\u015f\u0131ndan kaynaklanmaktad\u0131r. Ve yoksul ve a\u00e7 olanlar \u00e7o\u011fu zaman sa\u011f kalabilmek i\u00e7in, yak\u0131n \u00e7evrelerini mahveder; ormanlar\u0131 keser, hayvanlar\u0131, meralar\u0131 talan eder, topra\u011f\u0131 a\u015f\u0131r\u0131 kullan\u0131r, bo\u011fulma durumuna gelmi\u015f kentlere ak\u0131p oralar\u0131 daha kalabal\u0131kla\u015ft\u0131r\u0131rlar. Bu de\u011fi\u015fikliklerin k\u00fcm\u00fclatif etkisi \u00f6yle \u00e7ok \u015feyi de\u011fi\u015ftirir ki, yoksullu\u011fu ba\u015fta gelen global tehlikelerden biri haline getirir.<\/p>\n\n\n\n<p>\u0130nsan\u0131 insandan, insanl\u0131\u011f\u0131 do\u011fadan, bireyi toplumdan, kenti \u00fclkeden, zihinsel etkinli\u011fi fiziksel etkinlikten, akl\u0131 duygudan ve ku\u015faklar\u0131 ku\u015faklardan ay\u0131ran b\u00fcy\u00fck u\u00e7urumlar a\u015f\u0131lmal\u0131d\u0131r. Bir k\u0131tl\u0131k d\u00fcnyas\u0131nda s\u00fcren ya\u015fam ve maddi g\u00fcvenlik aray\u0131\u015f\u0131n\u0131n sona ermesi, \u00f6zg\u00fcrl\u00fc\u011f\u00fcn ve eksiksiz bir insan ya\u015fam\u0131n\u0131n \u00f6n ko\u015fulu olarak g\u00f6r\u00fclmelidir. &#8220;<em>\u00d6nce insanlar\u0131n karn\u0131 doymal\u0131, sonra ahlakl\u0131 olmalar\u0131 istenmeli<\/em>&#8220;dir. Yoksa Balzac&#8217;\u0131n dedi\u011fi gibi, &#8220;<em>Yoksullu\u011fun h\u00fck\u00fcm s\u00fcrd\u00fc\u011f\u00fc yerde, ne utanma kal\u0131r, ne su\u00e7, ne namus, ne de ruh.<\/em>&#8220;<\/p>\n\n\n\n<p>Acaba neden Hz. Muhammed; &#8220;<em>Az kald\u0131 yoksulluk k\u00fcf\u00fcr oluyordu<\/em>&#8221; diyor, hi\u00e7 d\u00fc\u015f\u00fcnd\u00fck m\u00fc?<\/p>\n\n\n\n<p>S\u00fcrd\u00fcr\u00fclebilir kalk\u0131nma herkesin temel ihtiya\u00e7lar\u0131n\u0131 kar\u015f\u0131lamay\u0131, herkesin daha iyi bir hayata ili\u015fkin beklentilerini ger\u00e7ekle\u015ftirme f\u0131rsat\u0131na kavu\u015fturulmas\u0131n\u0131 gerektirmektedir. Yoksullu\u011fun i\u00e7ine i\u015fledi\u011fi bir d\u00fcnya; ter\u00f6r, ekolojik ve di\u011fer t\u00fcm facialara her zaman e\u011filimli olacakt\u0131r. Yoksulla\u015fan \u00e7evre ise onlar\u0131 daha yoksulla\u015ft\u0131racakt\u0131r, geleceklerini daha g\u00fc\u00e7 ve daha ku\u015fkulu hale getirecektir.<\/p>\n\n\n\n<p>DPT&#8217;n\u0131n verilerine g\u00f6re, T\u00fcrkiye&#8217;de olduk\u00e7a e\u015fitsiz bir gelir da\u011f\u0131l\u0131m\u0131 var. Bu konuda Tanzanya&#8217;dan bile gerideyiz. Bug\u00fcn n\u00fcfusun en varl\u0131kl\u0131 be\u015fte birlik kesimi ulusal gelirin yar\u0131s\u0131n\u0131 al\u0131rken, en yoksul be\u015fte birlik kesimin ulusal gelirden ald\u0131\u011f\u0131 pay %5&#8217;te kalmaktad\u0131r. (<em>T\u00fcrkiye Ulusal \u00c7evre Stratejisi ve Eylem Plan\u0131, DPT, \u015eubat-1999, s:7.<\/em>) Olaya hane ya da ki\u015fi ba\u015f\u0131na d\u00fc\u015fen mutlak gelirler a\u00e7\u0131s\u0131ndan bak\u0131ld\u0131\u011f\u0131nda gerek kent, gerek k\u0131r kesiminde \u00f6nemli bir yoksulluk d\u00fczeyinin varl\u0131\u011f\u0131 g\u00f6zlenmektedir. Sava\u015f ve &#8220;<em>d\u00fc\u015f\u00fck yo\u011funluklu sava\u015f<\/em>&#8220;lar\u0131 saymasak, gelir da\u011f\u0131l\u0131m\u0131ndaki adil olmayan yap\u0131 \u00fcretim yetersizli\u011fi ve d\u00fc\u015f\u00fck verimlilik yoksullu\u011fun nedenlerini olu\u015fturmaktad\u0131r. <em>5 Y\u0131ll\u0131k Plan<\/em>&#8216;larda, yap\u0131lan b\u00fct\u00e7elerde, gelmi\u015f-ge\u00e7mi\u015f h\u00fck\u00fcmet programlar\u0131nda ki\u015fi ba\u015f\u0131na gelirin artmas\u0131, istihdam\u0131n y\u00fckseltilmesi, gelir da\u011f\u0131l\u0131m\u0131n\u0131n y\u00fckseltilmesi, gelir da\u011f\u0131l\u0131m\u0131n\u0131n d\u00fczeltilmesi yer almas\u0131na kar\u015f\u0131n yoksulluk ortadan kald\u0131r\u0131lamam\u0131\u015ft\u0131r. Yoksullukla m\u00fccadelenin, ya\u015fama hakk\u0131, sosyal adalet, adil gelir da\u011f\u0131l\u0131m\u0131, f\u0131rsat e\u015fitli\u011fi, etkin bir sosyal g\u00fcvenlik sistemi ve g\u00fc\u00e7s\u00fczlerin korunmas\u0131 kavramlar\u0131ndan olu\u015ftu\u011fu kabul edilmeli, bu bak\u0131\u015fla toplumsal ya\u015fam yeniden yap\u0131land\u0131r\u0131lmal\u0131d\u0131r.<\/p>\n\n\n\n<p>B\u00fcy\u00fck veya k\u00fc\u00e7\u00fck kentlerin k\u0131y\u0131s\u0131nda ve \u00e7evresinde gecekondu b\u00f6lgeleri olarak adland\u0131r\u0131lan alanlarda, d\u00fczensiz yerle\u015fim b\u00f6lgelerinde yo\u011funla\u015fan, kentin sa\u011flad\u0131\u011f\u0131 hizmet ve olanaklardan yararlanma paylar\u0131 d\u00fc\u015f\u00fck olan bu geni\u015f kitlenin ya\u015fama standartlar\u0131n\u0131n yukar\u0131ya \u00e7ekilerek y\u00fckseltilmesi i\u00e7in ulusal, b\u00f6lgesel ve yerel d\u00fczeylerde projeler geli\u015ftirilmelidir. (B\u00f6lgesel ve kentsel kalk\u0131nma projeleri, beceri ve meslek edindirme kurslar\u0131 gibi&#8230;) Daha a\u00e7\u0131k bir ifadeyle, kentsel yoksulluk ve yoksullu\u011fun ortaya \u00e7\u0131kard\u0131\u011f\u0131 olumsuzluklarla m\u00fccadelenin ba\u015far\u0131ya ula\u015fmas\u0131 i\u00e7in, merkezi y\u00f6netim finans ve olu\u015fturulacak plan ve projelere katk\u0131lar\u0131yla bu m\u00fccadeleye destek olmal\u0131d\u0131r.<\/p>\n\n\n\n<p>Devlet, ekonomik a\u00e7\u0131dan g\u00fc\u00e7s\u00fcz olan yurtta\u015flar\u0131 destekleyecek \u00f6nlemleri almal\u0131, bu ba\u011flamda <em>Ye\u015fil Kart <\/em>uygulamas\u0131 geni\u015fletilip <em>i\u015fsizlik sigortas\u0131<\/em> olu\u015fturmal\u0131, emeklilerin g\u00fcvenlik kurumlar\u0131ndan elde etti\u011fi gelirin ge\u00e7inmeyi sa\u011flayacak bir miktarda olmas\u0131 esas al\u0131nmal\u0131d\u0131r. Kad\u0131n ve \u00f6z\u00fcrl\u00fclerin toplumsal ve ekonomik hayata kazand\u0131r\u0131lmas\u0131 i\u00e7in gerekli yasal ve idari d\u00fczenlemeler yap\u0131lmal\u0131d\u0131r.<\/p>\n\n\n\n<p>Gelir da\u011f\u0131l\u0131m\u0131nda adaletin sa\u011flanmas\u0131 esas olarak serbest pazarl\u0131k ortam\u0131n\u0131n olu\u015fturulmas\u0131na ve insanlar\u0131m\u0131z\u0131n bilgi ve beceri d\u00fczeylerinin y\u00fckselmesine ba\u011fl\u0131d\u0131r. Bu, \u00e7al\u0131\u015fmayanlara a\u015f ve i\u015fin sa\u011flanmas\u0131, \u00e7al\u0131\u015fanlar\u0131n mesleki ve demokratik \u00f6rg\u00fctlenmelerinin \u00f6n\u00fcndeki engellerin kald\u0131r\u0131lmas\u0131yla m\u00fcmk\u00fcnd\u00fcr. Bunun i\u00e7in de \u00f6rg\u00fctlenme, d\u00fc\u015f\u00fcnce \u00f6zg\u00fcrl\u00fc\u011f\u00fc ve anadilde e\u011fitimin \u00f6n\u00fcndeki engellerin kald\u0131r\u0131lmal\u0131d\u0131r. \u0130nsanlar\u0131n bir k\u0131sm\u0131 a\u00e7ken, karn\u0131 toklar\u0131n tatl\u0131 uykular\u0131 her an yar\u0131da kalabilir.<\/p>\n\n\n\n<p>Yukar\u0131da a\u00e7\u0131klanan hedeflerin ger\u00e7ekle\u015fmesi ve s\u00fcrd\u00fcr\u00fclebilir kalk\u0131nman\u0131n sa\u011flanmas\u0131 i\u00e7in <em>Ulusal G\u00fcndem 21 Program\u0131<\/em>; yerel y\u00f6netimlerin idari, mali, personel ve ara\u00e7-gere\u00e7 y\u00f6n\u00fcnden desteklenmesi, yetkilerin kademeli olarak yerel y\u00f6netimlere devrini m\u00fcmk\u00fcn k\u0131lacak \u015fekilde olu\u015fturulmal\u0131d\u0131r.<\/p>\n\n\n\n<p>Do\u011fru her zaman bir ama\u00e7 olacaksa, yan\u0131t da yeterince a\u00e7\u0131k olmal\u0131d\u0131r. Kentlerde yo\u011funla\u015fan n\u00fcfusun, bu arada geni\u015f kitlesel fakir kitlenin \u00fcretim ve t\u00fcketim s\u00fcre\u00e7lerinin d\u00fczenlenmesi, bir yandan kent olarak ihtiya\u00e7lar\u0131n d\u00fczenlenmesi, bir yandan da fakir kitlelerin kendine \u00f6zg\u00fc gereksinimlerinin kar\u015f\u0131lanmas\u0131, kentin temel i\u015flevidir. Kent y\u00f6netimi, bu i\u015fleri kent y\u00f6netimi, yani Belediye arac\u0131l\u0131\u011f\u0131 ile yerine getirir. Ancak, belediyelere ulusal gelirden ayr\u0131lan pay, g\u00f6revleri ile orant\u0131l\u0131 olmamaktad\u0131r. Siyasal rejim demokratikle\u015ftik\u00e7e, yerel y\u00f6netimler daha \u00e7ok \u00f6nem kazanmakta ve geleneksel i\u015flevlerinin yan\u0131 s\u0131ra sosyal iyile\u015fmenin ve demokratikle\u015fmenin bir arac\u0131 olarak da g\u00f6r\u00fclmektedir.<\/p>\n\n\n\n<p>Uygarl\u0131k d\u00fczeyimizi, kolektif bilin\u00e7 d\u00fczeyinin, kat\u0131l\u0131mc\u0131l\u0131\u011f\u0131m\u0131z\u0131n yo\u011funlu\u011funun ve sorumluluk anlay\u0131\u015f\u0131m\u0131z\u0131n niteli\u011finin belirledi\u011fini unutmayal\u0131m!<\/p>\n\n\n\n<p><em>25 Haziran 2005 tarihli Ergani Haber gazetesinde ve 10 Aral\u0131k 2005tarihinde de <\/em><em><a href=\"http:\/\/www.hurriyetim.com.tr\/agora\" target=\"_blank\" rel=\"noopener\"><strong><em>H\u00fcrriyetim \/Agora<\/em><\/strong><\/a>&#8216;da yay\u0131mlanm\u0131\u015ft\u0131r.<\/em><\/p>\n\n\n\n<p><em>ogram\u0131<\/em>; yerel y\u00f6netimlerin idari, mali, personel ve ara\u00e7-gere\u00e7 y\u00f6n\u00fcnden desteklenmesi, yetkilerin kademeli olarak yerel y\u00f6netimlere devrini m\u00fcmk\u00fcn k\u0131lacak \u015fekilde olu\u015fturulmal\u0131d\u0131r.<\/p>\n\n\n\n<p>Do\u011fru her zaman bir ama\u00e7 olacaksa, yan\u0131t da yeterince a\u00e7\u0131k olmal\u0131d\u0131r. Kentlerde yo\u011funla\u015fan n\u00fcfusun, bu arada geni\u015f kitlesel fakir kitlenin \u00fcretim ve t\u00fcketim s\u00fcre\u00e7lerinin d\u00fczenlenmesi, bir yandan kent olarak ihtiya\u00e7lar\u0131n d\u00fczenlenmesi, bir yandan da fakir kitlelerin kendine \u00f6zg\u00fc gereksinimlerinin kar\u015f\u0131lanmas\u0131, kentin temel i\u015flevidir. Kent y\u00f6netimi, bu i\u015fleri kent y\u00f6netimi, yani Belediye arac\u0131l\u0131\u011f\u0131 ile yerine getirir. Ancak, belediyelere ulusal gelirden ayr\u0131lan pay, g\u00f6revleri ile orant\u0131l\u0131 olmamaktad\u0131r. Siyasal rejim demokratikle\u015ftik\u00e7e, yerel y\u00f6netimler daha \u00e7ok \u00f6nem kazanmakta ve geleneksel i\u015flevlerinin yan\u0131 s\u0131ra sosyal iyile\u015fmenin ve demokratikle\u015fmenin bir arac\u0131 olarak da g\u00f6r\u00fclmektedir.<\/p>\n\n\n\n<p>Uygarl\u0131k d\u00fczeyimizi, kolektif bilin\u00e7 d\u00fczeyinin, kat\u0131l\u0131mc\u0131l\u0131\u011f\u0131m\u0131z\u0131n yo\u011funlu\u011funun ve sorumluluk anlay\u0131\u015f\u0131m\u0131z\u0131n niteli\u011finin belirledi\u011fini unutmayal\u0131m!<\/p>\n\n\n\n<p><em>25 Haziran 2005 tarihli <strong>Ergani Haber<\/strong> gazetesinde ve 10 Aral\u0131k 2005tarihinde de <a href=\"http:\/\/www.hurriyetim.com.tr\/agora\" target=\"_blank\" rel=\"noopener\"><strong><em>H\u00fcrriyetim \/Agora<\/em><\/strong><\/a>&#8216;da yay\u0131mlanm\u0131\u015ft\u0131r.<\/em><\/p>\n\n\n\n<p><\/p>\n\n\n<div class=\"taxonomy-post_tag wp-block-post-terms\"><a href=\"https:\/\/www.uzulmez.site\/?tag=cevre\" rel=\"tag\">\u00e7evre<\/a><span class=\"wp-block-post-terms__separator\">, <\/span><a href=\"https:\/\/www.uzulmez.site\/?tag=degisim\" rel=\"tag\">de\u011fi\u015fim<\/a><span class=\"wp-block-post-terms__separator\">, <\/span><a href=\"https:\/\/www.uzulmez.site\/?tag=issizlik-sigortasi\" rel=\"tag\">i\u015fsizlik sigortas\u0131<\/a><span class=\"wp-block-post-terms__separator\">, <\/span><a href=\"https:\/\/www.uzulmez.site\/?tag=politika\" rel=\"tag\">politika<\/a><span class=\"wp-block-post-terms__separator\">, <\/span><a href=\"https:\/\/www.uzulmez.site\/?tag=surdurulebilir-kalkinma\" rel=\"tag\">S\u00fcrd\u00fcr\u00fclebilir Kalk\u0131nma<\/a><span class=\"wp-block-post-terms__separator\">, <\/span><a href=\"https:\/\/www.uzulmez.site\/?tag=tuketim\" rel=\"tag\">t\u00fcketim<\/a><span class=\"wp-block-post-terms__separator\">, <\/span><a href=\"https:\/\/www.uzulmez.site\/?tag=ulusal-gundem-21\" rel=\"tag\">Ulusal G\u00fcndem 21<\/a><span class=\"wp-block-post-terms__separator\">, <\/span><a href=\"https:\/\/www.uzulmez.site\/?tag=uretim\" rel=\"tag\">\u00fcretim<\/a><span class=\"wp-block-post-terms__separator\">, <\/span><a href=\"https:\/\/www.uzulmez.site\/?tag=yesil-kart-uygulamasi\" rel=\"tag\">ye\u015fil kart uygulamas\u0131<\/a><\/div>","protected":false},"excerpt":{"rendered":"<p>Hz. Muhammed; &#8220;Az kald\u0131 yoksulluk k\u00fcf\u00fcr oluyordu&#8221; diyor. Neden acaba? Yoksulluk, \u00fclkelerin en \u00f6nemli toplumsal sorunlar\u0131ndan biridir. \u00c7ok hakl\u0131 olarak, Konf\u00fc\u00e7y\u00fcs; &#8220;\u0130yi y\u00f6netilen bir \u00fclkede, fakirlik utan\u0131lacak bir \u015feydir. K\u00f6t\u00fc y\u00f6netilen bir toplumda, utan\u00e7 verici olan zenginliktir&#8221; demektedir. Bug\u00fcn, a\u00e7l\u0131k genellikle yiyecek bulunmamas\u0131ndan de\u011fil, sat\u0131n alma g\u00fcc\u00fcn\u00fcn olmay\u0131\u015f\u0131ndan kaynaklanmaktad\u0131r. Ve yoksul ve a\u00e7 olanlar \u00e7o\u011fu zaman sa\u011f kalabilmek i\u00e7in, yak\u0131n \u00e7evrelerini mahveder; ormanlar\u0131 keser, hayvanlar\u0131, meralar\u0131 talan eder, topra\u011f\u0131 a\u015f\u0131r\u0131 kullan\u0131r, bo\u011fulma durumuna gelmi\u015f kentlere ak\u0131p oralar\u0131 daha kalabal\u0131kla\u015ft\u0131r\u0131rlar. Bu de\u011fi\u015fikliklerin k\u00fcm\u00fclatif etkisi \u00f6yle \u00e7ok \u015feyi de\u011fi\u015ftirir ki, yoksullu\u011fu ba\u015fta gelen global tehlikelerden biri haline getirir. \u0130nsan\u0131 insandan, insanl\u0131\u011f\u0131 do\u011fadan,<\/p>\n","protected":false},"author":2,"featured_media":0,"comment_status":"open","ping_status":"open","sticky":false,"template":"","format":"standard","meta":{"footnotes":""},"categories":[928,97],"tags":[1498,3930,3934,193,2572,3931,2575,1621,3935],"class_list":["post-6034","post","type-post","status-publish","format-standard","hentry","category-cevre","category-politika","tag-cevre","tag-degisim","tag-issizlik-sigortasi","tag-politika","tag-surdurulebilir-kalkinma","tag-tuketim","tag-ulusal-gundem-21","tag-uretim","tag-yesil-kart-uygulamasi"],"_links":{"self":[{"href":"https:\/\/www.uzulmez.site\/index.php?rest_route=\/wp\/v2\/posts\/6034","targetHints":{"allow":["GET"]}}],"collection":[{"href":"https:\/\/www.uzulmez.site\/index.php?rest_route=\/wp\/v2\/posts"}],"about":[{"href":"https:\/\/www.uzulmez.site\/index.php?rest_route=\/wp\/v2\/types\/post"}],"author":[{"embeddable":true,"href":"https:\/\/www.uzulmez.site\/index.php?rest_route=\/wp\/v2\/users\/2"}],"replies":[{"embeddable":true,"href":"https:\/\/www.uzulmez.site\/index.php?rest_route=%2Fwp%2Fv2%2Fcomments&post=6034"}],"version-history":[{"count":1,"href":"https:\/\/www.uzulmez.site\/index.php?rest_route=\/wp\/v2\/posts\/6034\/revisions"}],"predecessor-version":[{"id":6035,"href":"https:\/\/www.uzulmez.site\/index.php?rest_route=\/wp\/v2\/posts\/6034\/revisions\/6035"}],"wp:attachment":[{"href":"https:\/\/www.uzulmez.site\/index.php?rest_route=%2Fwp%2Fv2%2Fmedia&parent=6034"}],"wp:term":[{"taxonomy":"category","embeddable":true,"href":"https:\/\/www.uzulmez.site\/index.php?rest_route=%2Fwp%2Fv2%2Fcategories&post=6034"},{"taxonomy":"post_tag","embeddable":true,"href":"https:\/\/www.uzulmez.site\/index.php?rest_route=%2Fwp%2Fv2%2Ftags&post=6034"}],"curies":[{"name":"wp","href":"https:\/\/api.w.org\/{rel}","templated":true}]}}