{"id":6023,"date":"2005-07-01T14:37:00","date_gmt":"2005-07-01T14:37:00","guid":{"rendered":"https:\/\/www.uzulmez.site\/?p=6023"},"modified":"2023-07-02T14:57:46","modified_gmt":"2023-07-02T14:57:46","slug":"ocaklar-sonmesin","status":"publish","type":"post","link":"https:\/\/www.uzulmez.site\/?p=6023","title":{"rendered":"Ocaklar S\u00f6nmesin!"},"content":{"rendered":"\n<p>Eskiden yemeklerimiz k\u0131\u015f\u0131n <em>aral\u0131k<\/em>\u2019ta bulunan kara <em>ocak<\/em>\u2019ta pi\u015firilirdi. K\u00f6ylerde ve baz\u0131 evlerde halen de pi\u015firilmektedir. Yaz\u0131n da, evimizin \u00f6n\u00fcnde <em>kozik<\/em> dedi\u011fimiz y\u0131\u011fma ta\u015flardan veya kerpi\u00e7ten etraf\u0131 \u00e7evrili ocakta pi\u015firilirdi. Ve en \u00f6nemlisi, ekmeklerimiz ocak \u00fczerinde <em>sac<\/em>\u2019da pi\u015firilirdi. En \u00e7ok yedi\u011fimiz ekmek oldu\u011fundan, Anam, her daim bizlere ocakta <em>ek\u015fili sac ekme\u011fi, fetir<\/em> dedi\u011fimiz yufka ekmek ve <em>fetir<\/em>\u2019in biraz daha kal\u0131ncas\u0131 olan <em>taplama ekmek<\/em> pi\u015firirdi. Biz sekiz \u00e7ocuk, anam babam ve gelen giden de cabas\u0131. Anam, bol bol ekmek pi\u015firmeyip de ne yaps\u0131n? Ekmek olmay\u0131nca, karn\u0131m\u0131z doymazd\u0131 ki\u2026<\/p>\n\n\n\n<p>Ocak, a\u015f ve ekme\u011fin d\u0131\u015f\u0131nda bula\u015f\u0131k, \u00e7ama\u015f\u0131r, \u0131s\u0131nma ve banyo i\u00e7in gerekli olan s\u0131cak su temininde de kullan\u0131l\u0131rd\u0131.<\/p>\n\n\n\n<p>K\u0131sacas\u0131; ocak, bir ailenin her \u015feyiydi, her evde mutlaka bulunurdu; t\u00fctmedikleri zamanlar \u00e7ok azd\u0131. \u00c7al\u0131 \u00e7\u0131rp\u0131yla ha bire tutu\u015fturulurdu, yanard\u0131. Oca\u011f\u0131n t\u00fctmesi, ya\u015fam belirtisiydi.<\/p>\n\n\n\n<p>\u00d6l\u00fclerimizin y\u0131kanmas\u0131 i\u00e7in de ocaklar yak\u0131l\u0131rd\u0131.<\/p>\n\n\n\n<p>Oca\u011f\u0131n, ya\u015fant\u0131m\u0131zda ve k\u00fclt\u00fcr\u00fcm\u00fczde b\u00f6ylesine \u00f6nemli bir yeri olmas\u0131 nedeniyledir ki; insanlar\u0131m\u0131z dualar\u0131nda, &#8216;<em>Oca\u011f\u0131 \u015fenlensin<\/em>!&#8217;, beddualar\u0131nda ise &#8216;<em>Oca\u011f\u0131n s\u00f6ns\u00fcn<\/em>!&#8217; der. Birine s\u0131\u011f\u0131n\u0131ld\u0131\u011f\u0131nda ise, &#8216;<em>oca\u011f\u0131na d\u00fc\u015ft\u00fcm<\/em>!&#8217; diye yard\u0131m istenir.<\/p>\n\n\n\n<p>Bir ki\u015finin veya ailenin oca\u011f\u0131n\u0131n s\u00f6nmesi demek, evlerinin y\u0131k\u0131lmas\u0131, soyca ortadan kalkmas\u0131 veya yok olmalar\u0131, t\u00fckenmeleri anlam\u0131na gelir.<\/p>\n\n\n\n<p>Anadolu&#8217;nun en eski dinlerinden biri olan Zerd\u00fc\u015ft inanc\u0131na g\u00f6re; ocak, tanr\u0131sal bir nitelik ta\u015f\u0131d\u0131\u011f\u0131ndan kutsald\u0131r.<\/p>\n\n\n\n<p>G\u00f6ky\u00fcz\u00fcn\u00fc \u0131\u015f\u0131kland\u0131ran, karanl\u0131\u011f\u0131 evrenden kovan g\u00fcne\u015fin yery\u00fcz\u00fcndeki \u00f6\u011fesi <em>Ate\u015f<\/em>&#8216;tir, ate\u015fin bulundu\u011fu <em>Ocak<\/em>&#8216;t\u0131r. Yanan ocak, \u00e7evreyi ayd\u0131nlatt\u0131\u011f\u0131ndan, karanl\u0131\u011fa s\u0131\u011f\u0131nan k\u00f6t\u00fcl\u00fck onun yan\u0131na sokulamaz. \u0130nsan\u0131n ya\u015fad\u0131\u011f\u0131 s\u00fcrece s\u00f6nmemesi; yanmas\u0131, \u00e7evresini ayd\u0131nlatmas\u0131 gerekir.<\/p>\n\n\n\n<p>Ocak, g\u00fcne\u015fin simgesidir; \u00f6l\u00fcms\u00fczl\u00fc\u011f\u00fcn, evrensel bir varl\u0131k olman\u0131n kayna\u011f\u0131d\u0131r.<\/p>\n\n\n\n<p>Oca\u011f\u0131n t\u00fctmesi, ya\u015fam\u0131n belirtisidir. Karanl\u0131k ise, \u00f6l\u00fcm\u00fcn simgesidir.<br>***<br>B\u00f6lgemizde ya\u015fanan <em>olaylar<\/em>&#8216;dan can\u0131m\u0131z \u00e7ok yand\u0131; \u00e7ok ac\u0131lar \u00e7ektik, \u00e7ok \u00e7ok <em>&#8216;ocaklar s\u00f6nd\u00fc&#8217;.<\/em><\/p>\n\n\n\n<p>Yang\u0131n\u0131n b\u00fcy\u00fcmesini istemiyorsak e\u011fer, &#8216;silahlar veda&#8217; etmeliyiz: <em>&#8220;Silahlar k\u00f6t\u00fc kehanetin ara\u00e7lar\u0131d\u0131r&#8221;<\/em>.<\/p>\n\n\n\n<p><em>&#8216;Oca\u011f\u0131n\u0131za d\u00fc\u015ft\u00fcm&#8217;<\/em>; ne olur, art\u0131k daha fazla ocaklar s\u00f6nmesin!<\/p>\n\n\n\n<p><strong>1 Temmuz 2005<br>Ergani Haber Gazetesi<\/strong><\/p>\n\n\n<div class=\"taxonomy-post_tag wp-block-post-terms\"><a href=\"https:\/\/www.uzulmez.site\/?tag=ekmek\" rel=\"tag\">Ekmek<\/a><span class=\"wp-block-post-terms__separator\">, <\/span><a href=\"https:\/\/www.uzulmez.site\/?tag=fetir\" rel=\"tag\">fetir<\/a><span class=\"wp-block-post-terms__separator\">, <\/span><a href=\"https:\/\/www.uzulmez.site\/?tag=gunes\" rel=\"tag\">g\u00fcne\u015f<\/a><span class=\"wp-block-post-terms__separator\">, <\/span><a href=\"https:\/\/www.uzulmez.site\/?tag=kozik\" rel=\"tag\">kozik<\/a><span class=\"wp-block-post-terms__separator\">, <\/span><a href=\"https:\/\/www.uzulmez.site\/?tag=ocak\" rel=\"tag\">ocak<\/a><span class=\"wp-block-post-terms__separator\">, <\/span><a href=\"https:\/\/www.uzulmez.site\/?tag=ocaklar-sonmesin\" rel=\"tag\">ocaklar s\u00f6nmesin<\/a><span class=\"wp-block-post-terms__separator\">, <\/span><a href=\"https:\/\/www.uzulmez.site\/?tag=zerdust-inanci\" rel=\"tag\">zerd\u00fc\u015ft inanc\u0131<\/a><\/div>","protected":false},"excerpt":{"rendered":"<p>Eskiden yemeklerimiz k\u0131\u015f\u0131n aral\u0131k\u2019ta bulunan kara ocak\u2019ta pi\u015firilirdi. K\u00f6ylerde ve baz\u0131 evlerde halen de pi\u015firilmektedir. Yaz\u0131n da, evimizin \u00f6n\u00fcnde kozik dedi\u011fimiz y\u0131\u011fma ta\u015flardan veya kerpi\u00e7ten etraf\u0131 \u00e7evrili ocakta pi\u015firilirdi. Ve en \u00f6nemlisi, ekmeklerimiz ocak \u00fczerinde sac\u2019da pi\u015firilirdi. En \u00e7ok yedi\u011fimiz ekmek oldu\u011fundan, Anam, her daim bizlere ocakta ek\u015fili sac ekme\u011fi, fetir dedi\u011fimiz yufka ekmek ve fetir\u2019in biraz daha kal\u0131ncas\u0131 olan taplama ekmek pi\u015firirdi. Biz sekiz \u00e7ocuk, anam babam ve gelen giden de cabas\u0131. Anam, bol bol ekmek pi\u015firmeyip de ne yaps\u0131n? Ekmek olmay\u0131nca, karn\u0131m\u0131z doymazd\u0131 ki\u2026 Ocak, a\u015f ve ekme\u011fin d\u0131\u015f\u0131nda bula\u015f\u0131k, \u00e7ama\u015f\u0131r, \u0131s\u0131nma ve banyo i\u00e7in gerekli olan s\u0131cak<\/p>\n","protected":false},"author":2,"featured_media":0,"comment_status":"open","ping_status":"open","sticky":false,"template":"","format":"standard","meta":{"footnotes":""},"categories":[1197,97],"tags":[2809,2811,3917,2806,3916,3914,3915],"class_list":["post-6023","post","type-post","status-publish","format-standard","hentry","category-kultur","category-politika","tag-ekmek","tag-fetir","tag-gunes","tag-kozik","tag-ocak","tag-ocaklar-sonmesin","tag-zerdust-inanci"],"_links":{"self":[{"href":"https:\/\/www.uzulmez.site\/index.php?rest_route=\/wp\/v2\/posts\/6023","targetHints":{"allow":["GET"]}}],"collection":[{"href":"https:\/\/www.uzulmez.site\/index.php?rest_route=\/wp\/v2\/posts"}],"about":[{"href":"https:\/\/www.uzulmez.site\/index.php?rest_route=\/wp\/v2\/types\/post"}],"author":[{"embeddable":true,"href":"https:\/\/www.uzulmez.site\/index.php?rest_route=\/wp\/v2\/users\/2"}],"replies":[{"embeddable":true,"href":"https:\/\/www.uzulmez.site\/index.php?rest_route=%2Fwp%2Fv2%2Fcomments&post=6023"}],"version-history":[{"count":2,"href":"https:\/\/www.uzulmez.site\/index.php?rest_route=\/wp\/v2\/posts\/6023\/revisions"}],"predecessor-version":[{"id":6025,"href":"https:\/\/www.uzulmez.site\/index.php?rest_route=\/wp\/v2\/posts\/6023\/revisions\/6025"}],"wp:attachment":[{"href":"https:\/\/www.uzulmez.site\/index.php?rest_route=%2Fwp%2Fv2%2Fmedia&parent=6023"}],"wp:term":[{"taxonomy":"category","embeddable":true,"href":"https:\/\/www.uzulmez.site\/index.php?rest_route=%2Fwp%2Fv2%2Fcategories&post=6023"},{"taxonomy":"post_tag","embeddable":true,"href":"https:\/\/www.uzulmez.site\/index.php?rest_route=%2Fwp%2Fv2%2Ftags&post=6023"}],"curies":[{"name":"wp","href":"https:\/\/api.w.org\/{rel}","templated":true}]}}