{"id":5897,"date":"2009-12-11T15:31:00","date_gmt":"2009-12-11T15:31:00","guid":{"rendered":"https:\/\/www.uzulmez.site\/?p=5897"},"modified":"2023-06-15T18:24:22","modified_gmt":"2023-06-15T18:24:22","slug":"muslum-uzulmezin-cemekli-abbas-ile-ilgili-yazisi-uzerine","status":"publish","type":"post","link":"https:\/\/www.uzulmez.site\/?p=5897","title":{"rendered":"M\u00fcsl\u00fcm \u00dcz\u00fclmez&#8217;in Cemekli Abbas \u0130le \u0130lgili Yaz\u0131s\u0131 \u00dczerine"},"content":{"rendered":"\n<p class=\"has-large-font-size\"><strong>Nurettin De\u011firmenci<\/strong><\/p>\n\n\n\n<p>Ger\u00e7ekler \u00e7o\u011funlukla kuyunun dibindeki karanl\u0131klarda sakl\u0131d\u0131r, ama ara s\u0131ra yan\u0131 ba\u015f\u0131m\u0131zda durur; onu g\u00f6remeyiz.<\/p>\n\n\n\n<p>1987 y\u0131l\u0131nda Cemekli Abbas ile Ankara&#8217;da bir kahvede oturup \u00e7ay i\u00e7tim. O s\u0131rada Ya\u015far Kemal&#8217;in <strong>Bu Diyar Ba\u015ftanba\u015fa<\/strong> isimli kitab\u0131n\u0131 okumu\u015f ve baz\u0131 b\u00f6l\u00fcmlerinden etkilenmi\u015ftim. Etkilendi\u011fim b\u00f6l\u00fcm Rufai Tarikat\u0131 ile ilgili k\u0131s\u0131md\u0131.<br>Abbas, &#8220;Nurettin k\u00f6t\u00fc olaylar meydana geliyor. Sen \u00e7ok kitap okuyorsun; neler olacak T\u00fcrkiye&#8217;de? Diyarbak\u0131r&#8217;da a\u015f\u0131r\u0131 bask\u0131 var\u2026&#8221; diye, sordu. Sonra, &#8220;T\u00fcrkiye&#8217;de dinciler b\u00fcy\u00fck tehlike midir?&#8221; dedi.<\/p>\n\n\n\n<p>Ona, &#8220;Dinciler tehlike de\u011fildir. H\u00fck\u00fcmetler ekonomiyi denetimleri alt\u0131na al\u0131rlarsa askerler devre d\u0131\u015f\u0131 b\u0131rak\u0131l\u0131r. Aksi durumda, bask\u0131lar artar. Dinciler de\u011fil, baz\u0131 tarikatlar zararl\u0131d\u0131r. \u00d6rne\u011fin, Rufai denilen tarikat\u0131n kendi \u00fcyelerine yapt\u0131\u011f\u0131 k\u00f6t\u00fcl\u00fckler anlat\u0131lamaz\u2026&#8221; dedim. Bu konu\u015fmamdan sonra aram\u0131zda bir so\u011fukluk olu\u015ftu. Ben so\u011fuklu\u011fu anlayamad\u0131m.<\/p>\n\n\n\n<p>2003 y\u0131l\u0131nda Ergani&#8217;de Cemekli Abbas ile tekrar \u00e7ay i\u00e7tim. Bana d\u00f6nerek, &#8220;Ben sizleri anlayam\u0131yorum. R\u00fc\u015fvet vermedi\u011fin i\u00e7in T\u00fcrkmenistan&#8217;da b\u00fcy\u00fck zarar etmi\u015fsin. Buna \u00e7ok \u00fcz\u00fcld\u00fcm. Verseydin bir miktar\u2026 De\u011fer miydi bu kadar zarar etmene!&#8221; diye, devam etti.<\/p>\n\n\n\n<p>G\u00fcld\u00fcm. &#8220;\u0130nsanlar\u0131n sahip olduklar\u0131 ki\u015fisel adalet duygular\u0131na vicdanlar\u0131 denir. Ben T\u00fcrkiye&#8217;de adaleti temin edemem ama kendim de adaletsiz (Vicdans\u0131z) olamam. Vicdans\u0131z bir zengin olaca\u011f\u0131ma, vicdanl\u0131 s\u0131radan insan olmay\u0131 tercih ederim\u2026&#8221; dedim. Konu\u015famam kendisini \u00e7ok etkiledi. &#8220;Sizlerin bu \u00fclkede h\u00e2kim, savc\u0131, y\u00f6netici olman\u0131z gerekirdi\u2026&#8221; dedi. Tekrar g\u00fcl\u00fcmsedim, &#8220;12 Mart, 12 Eyl\u00fcl vicdan\u0131 \u00f6zg\u00fcr insanlar\u0131 g\u00f6revden uzakla\u015ft\u0131rmak i\u00e7in yap\u0131ld\u0131. Neden 12 Eyl\u00fcl sonras\u0131 \u00e7o\u011funlukla vicdans\u0131z y\u00f6neticiler ba\u015fa geldi?&#8221; diye sordum.<\/p>\n\n\n\n<p>&#8220;Karde\u015fim sizin dini duygular\u0131n\u0131z zay\u0131f ama adalet anlay\u0131\u015f\u0131n\u0131z g\u00f6klere ula\u015f\u0131yor! Bu nas\u0131l oluyor! Vallahi anlayam\u0131yorum\u2026&#8221; deyip, birer \u00e7ay daha i\u00e7tik. Ona, &#8220;Biz bu d\u00fcnyada adalet istiyoruz. \u0130yi ya da k\u00f6t\u00fc bu d\u00fcnyada miras b\u0131rak\u0131l\u0131r. Gelecek nesillere iyi \u00f6rnek olmaya \u00e7al\u0131\u015f\u0131yoruz. Bizler sadece kendimizi de\u011fil, g\u00fcc\u00fcm\u00fcz oran\u0131nda di\u011fer insanlar\u0131 d\u00fc\u015f\u00fcn\u00fcyoruz\u2026&#8221; diye ekledim. \u00c7aydan sonra, &#8220;Ablam\u0131n yan\u0131na gidiyorum; bu gece onunla sohbet edece\u011fim.&#8221; deyip aya\u011fa kalkt\u0131m. &#8220;Ablana selamlar\u0131m\u0131 ilet&#8221; dedi.<\/p>\n\n\n\n<p>Bu kar\u015f\u0131la\u015fmam\u0131zda dini konulardan s\u00f6z etmedik.<br>***<br>Sevgili M\u00fcsl\u00fcm \u00dcz\u00fclmez,<br>Cemekli Abbas&#8217;\u0131n Rufai Tarikat\u0131 \u00fcyesi oldu\u011funu ilk defa senden \u00f6\u011frendim. B\u00f6ylece, 1987 y\u0131l\u0131nda aram\u0131zda olu\u015fan so\u011fuklu\u011fu ge\u00e7 de olsa anlad\u0131m.<br>+Yarat\u0131c\u0131 insanlar ger\u00e7ekleri an\u0131nda yakalar.<br>+S\u0131radan insanlar ger\u00e7eklere yakla\u015famaz bile.<br>+Sorgulay\u0131c\u0131 insanlar ge\u00e7 de olsa baz\u0131 ger\u00e7ekleri \u00f6\u011frenir.<\/p>\n\n\n\n<p>Cemekli Abbas kibar, kimseyi incitmek istemeyen, hatta tarikat\u0131n\u0131 k\u00f6t\u00fcleyen birine bile k\u00f6t\u00fc s\u00f6z etmeyen bir insand\u0131. Tarikat \u00fcyesi oldu\u011funu biliyordum ama Rufai Tarikat\u0131 \u00fcyesi olaca\u011f\u0131 akl\u0131m\u0131n ucuna bile gelmezdi.<\/p>\n\n\n\n<p>G\u00f6r\u00fcn\u00fc\u015fler bizleri yan\u0131lt\u0131r.<\/p>\n\n\n\n<p>Evreni sevk ve idare eden yasalara, &#8220;Evrenin Ruhu&#8221; denir. \u0130nsan\u0131 sevk ve idare eden yasalar, Evrenin Ruhunun ayr\u0131lmaz par\u00e7as\u0131d\u0131r. Dolay\u0131s\u0131yla, her insan, k\u00fc\u00e7\u00fck bir evrendir.<\/p>\n\n\n\n<p>Ho\u015fg\u00f6r\u00fcl\u00fc Cemekli Abbas&#8217;\u0131n ruhu g\u00f6klere yerle\u015fsin; oradan \u00e7ocuklar\u0131, gen\u00e7leri, insanlar\u0131 g\u00fcl\u00fcmseyerek izlesin! (11\/12\/2009)<\/p>\n\n\n\n<p><strong>Ergani Haber Gazetesi<\/strong><br>(Tarihi kaydetmeyi unutmu\u015fum)<\/p>\n\n\n\n<p><em><strong>A\u00e7\u0131klama:<\/strong> Cemekli Abbas ile ilgili yaz\u0131m, &#8220;<strong>Bir G\u00fczel \u0130nsan Daha Bizleri B\u0131rak\u0131p Gitti<\/strong>&#8221; ba\u015fl\u0131\u011f\u0131yla 27 Kas\u0131m 2009 tarihinde yay\u0131mland\u0131. <\/em><\/p>\n\n\n<div class=\"taxonomy-post_tag wp-block-post-terms\"><a href=\"https:\/\/www.uzulmez.site\/?tag=bu-diyar-bastanbasa\" rel=\"tag\">bu diyar ba\u015ftanba\u015fa<\/a><span class=\"wp-block-post-terms__separator\">, <\/span><a href=\"https:\/\/www.uzulmez.site\/?tag=cemekli-abbas\" rel=\"tag\">Cemekli Abbas<\/a><span class=\"wp-block-post-terms__separator\">, <\/span><a href=\"https:\/\/www.uzulmez.site\/?tag=cemekli-abbas-ile-ilgili-yazi\" rel=\"tag\">cemekli abbas ile ilgili yaz\u0131<\/a><span class=\"wp-block-post-terms__separator\">, <\/span><a href=\"https:\/\/www.uzulmez.site\/?tag=ergani-haber-gazetesi\" rel=\"tag\">Ergani Haber Gazetesi<\/a><span class=\"wp-block-post-terms__separator\">, <\/span><a href=\"https:\/\/www.uzulmez.site\/?tag=nurettin-degirmenci\" rel=\"tag\">nurettin de\u011firmenci<\/a><span class=\"wp-block-post-terms__separator\">, <\/span><a href=\"https:\/\/www.uzulmez.site\/?tag=rufai-tarikati-2\" rel=\"tag\">rufai tarikat\u0131<\/a><span class=\"wp-block-post-terms__separator\">, <\/span><a href=\"https:\/\/www.uzulmez.site\/?tag=rusvet\" rel=\"tag\">r\u00fc\u015fvet<\/a><span class=\"wp-block-post-terms__separator\">, <\/span><a href=\"https:\/\/www.uzulmez.site\/?tag=turkmenistan\" rel=\"tag\">t\u00fcrkmenistan<\/a><span class=\"wp-block-post-terms__separator\">, <\/span><a href=\"https:\/\/www.uzulmez.site\/?tag=yasar-kemal\" rel=\"tag\">ya\u015far kemal<\/a><\/div>","protected":false},"excerpt":{"rendered":"<p>Nurettin De\u011firmenci Ger\u00e7ekler \u00e7o\u011funlukla kuyunun dibindeki karanl\u0131klarda sakl\u0131d\u0131r, ama ara s\u0131ra yan\u0131 ba\u015f\u0131m\u0131zda durur; onu g\u00f6remeyiz. 1987 y\u0131l\u0131nda Cemekli Abbas ile Ankara&#8217;da bir kahvede oturup \u00e7ay i\u00e7tim. O s\u0131rada Ya\u015far Kemal&#8217;in Bu Diyar Ba\u015ftanba\u015fa isimli kitab\u0131n\u0131 okumu\u015f ve baz\u0131 b\u00f6l\u00fcmlerinden etkilenmi\u015ftim. Etkilendi\u011fim b\u00f6l\u00fcm Rufai Tarikat\u0131 ile ilgili k\u0131s\u0131md\u0131.Abbas, &#8220;Nurettin k\u00f6t\u00fc olaylar meydana geliyor. Sen \u00e7ok kitap okuyorsun; neler olacak T\u00fcrkiye&#8217;de? Diyarbak\u0131r&#8217;da a\u015f\u0131r\u0131 bask\u0131 var\u2026&#8221; diye, sordu. Sonra, &#8220;T\u00fcrkiye&#8217;de dinciler b\u00fcy\u00fck tehlike midir?&#8221; dedi. Ona, &#8220;Dinciler tehlike de\u011fildir. H\u00fck\u00fcmetler ekonomiyi denetimleri alt\u0131na al\u0131rlarsa askerler devre d\u0131\u015f\u0131 b\u0131rak\u0131l\u0131r. Aksi durumda, bask\u0131lar artar. Dinciler de\u011fil, baz\u0131 tarikatlar zararl\u0131d\u0131r. \u00d6rne\u011fin, Rufai denilen tarikat\u0131n kendi<\/p>\n","protected":false},"author":2,"featured_media":0,"comment_status":"open","ping_status":"open","sticky":false,"template":"","format":"standard","meta":{"footnotes":""},"categories":[1321],"tags":[3683,2910,3681,1322,298,3684,3682,855,476],"class_list":["post-5897","post","type-post","status-publish","format-standard","hentry","category-basinda","tag-bu-diyar-bastanbasa","tag-cemekli-abbas","tag-cemekli-abbas-ile-ilgili-yazi","tag-ergani-haber-gazetesi","tag-nurettin-degirmenci","tag-rufai-tarikati-2","tag-rusvet","tag-turkmenistan","tag-yasar-kemal"],"_links":{"self":[{"href":"https:\/\/www.uzulmez.site\/index.php?rest_route=\/wp\/v2\/posts\/5897","targetHints":{"allow":["GET"]}}],"collection":[{"href":"https:\/\/www.uzulmez.site\/index.php?rest_route=\/wp\/v2\/posts"}],"about":[{"href":"https:\/\/www.uzulmez.site\/index.php?rest_route=\/wp\/v2\/types\/post"}],"author":[{"embeddable":true,"href":"https:\/\/www.uzulmez.site\/index.php?rest_route=\/wp\/v2\/users\/2"}],"replies":[{"embeddable":true,"href":"https:\/\/www.uzulmez.site\/index.php?rest_route=%2Fwp%2Fv2%2Fcomments&post=5897"}],"version-history":[{"count":3,"href":"https:\/\/www.uzulmez.site\/index.php?rest_route=\/wp\/v2\/posts\/5897\/revisions"}],"predecessor-version":[{"id":5918,"href":"https:\/\/www.uzulmez.site\/index.php?rest_route=\/wp\/v2\/posts\/5897\/revisions\/5918"}],"wp:attachment":[{"href":"https:\/\/www.uzulmez.site\/index.php?rest_route=%2Fwp%2Fv2%2Fmedia&parent=5897"}],"wp:term":[{"taxonomy":"category","embeddable":true,"href":"https:\/\/www.uzulmez.site\/index.php?rest_route=%2Fwp%2Fv2%2Fcategories&post=5897"},{"taxonomy":"post_tag","embeddable":true,"href":"https:\/\/www.uzulmez.site\/index.php?rest_route=%2Fwp%2Fv2%2Ftags&post=5897"}],"curies":[{"name":"wp","href":"https:\/\/api.w.org\/{rel}","templated":true}]}}