{"id":5892,"date":"2020-05-11T15:02:00","date_gmt":"2020-05-11T15:02:00","guid":{"rendered":"https:\/\/www.uzulmez.site\/?p=5892"},"modified":"2023-07-02T09:25:03","modified_gmt":"2023-07-02T09:25:03","slug":"sosyal-mesafe-yanlis-anlasilmasin","status":"publish","type":"post","link":"https:\/\/www.uzulmez.site\/?p=5892","title":{"rendered":"Sosyal Mesafe Yanl\u0131\u015f Anla\u015f\u0131lmas\u0131n!"},"content":{"rendered":"\n<p class=\"has-large-font-size\"><strong>Orhan YAZGAN<\/strong><\/p>\n\n\n\n<p>Korona vir\u00fcs hayat\u0131m\u0131zda var olan bir\u00e7ok kavram\u0131, ya\u015fam al\u0131\u015fkanl\u0131klar\u0131m\u0131z\u0131 ve en \u00e7okta sosyal ili\u015fkilerimizi etkiledi.<br>Hastal\u0131\u011f\u0131n yay\u0131lmas\u0131 ve \u00fclkemizde g\u00f6r\u00fclmesinin ard\u0131ndan, hayat\u0131m\u0131za farkl\u0131 ve yeni olan bir kavram dahil oldu.<\/p>\n\n\n\n<p><strong>\u2018SOSYAL MESAFE\u2019<\/strong><br>T\u00fcm haber programlar\u0131nda, uyar\u0131larda, afi\u015flerde, reklamlarda, cami hoparl\u00f6rlerinde, polis otosu anonsunda s\u00fcrekli kar\u015f\u0131m\u0131za hayat\u0131m\u0131za yeni giren bu tan\u0131mlama \u00e7\u0131kmaya ba\u015flad\u0131.<br>Korona Vir\u00fcsten korunmak i\u00e7in devleti y\u00f6netenler, bakanlar, bilim kurulu \u00fcyeleri, siyasi liderler, valiler, belediyeler, doktorlar, gazeteciler, haber sunucular\u0131 yapt\u0131klar\u0131 a\u00e7\u0131klamalarda mutlaka \u201csosyal mesafe\u201d kural\u0131na uyulmas\u0131 gerekti\u011fini dillendirdiler.<br>\u2018Sosyal Mesafe\u2019 hayat\u0131m\u0131za damdan d\u00fc\u015fer gibi girince, baz\u0131lar\u0131m\u0131z alg\u0131lamakta zorland\u0131.<br>Ne olacakt\u0131 bundan sonra?<br>Sosyalle\u015fmeyi bir kenara m\u0131 b\u0131rakacakt\u0131k, yoksa aram\u0131za insanlarla fiziksel bir mesafemi koyacakt\u0131k.<br>\u2018Sosyal Mesafe\u2019 tan\u0131mlamas\u0131, asl\u0131nda vir\u00fcs\u00fcn bula\u015f riskini azaltmak i\u00e7in insanlar\u0131n aras\u0131nda fiziksel mesafe b\u0131rakarak g\u00fcnl\u00fck hayatlar\u0131n\u0131 s\u00fcrd\u00fcrmelerini \u00f6\u011f\u00fctlese de ad\u0131 \u2018sosyal\u2019 olunca kafalar kar\u0131\u015ft\u0131.<br>\u2018Sosyal mesafe\u2019 tan\u0131m\u0131 insanlar\u0131n di\u011fer insanlarla aras\u0131na mesafe koymas\u0131n\u0131, sosyal ili\u015fkilerini durdurmas\u0131, bitirmesi gibi alg\u0131land\u0131. Oysa biz insanlar sosyal varl\u0131klar\u0131z. Birbirimizle konu\u015fur, hal hat\u0131r sorar, merhabala\u015f\u0131r ve buna benzer bir\u00e7ok sosyal diyalog i\u00e7erisinde oluruz.<br>Bu kavram karga\u015fas\u0131n\u0131n \u00f6n\u00fcne ge\u00e7mek ad\u0131na, bende bu kural\u0131n ad\u0131n\u0131n \u2018fiziksel mesafe\u2019 olarak an\u0131lmas\u0131n\u0131 isteyenlerdenim.<br>Bu konuda benim gibi d\u00fc\u015f\u00fcnenler oldu\u011funu, bu yaz\u0131y\u0131 kaleme almaya ba\u015flad\u0131\u011f\u0131mda yaln\u0131z olmad\u0131\u011f\u0131m\u0131 \u00f6\u011frendim.<\/p>\n\n\n\n<p>Yak\u0131n dostum, Diyarbak\u0131r Tigris Gazetesi K\u00f6\u015fe Yazar\u0131-\u015eair Makine M\u00fchendisi M\u00fcsl\u00fcm \u00dcz\u00fclmez de benzer fikirlerini gazetesinde;<br>\u201cKoronovir\u00fcsle m\u00fccadelede yap\u0131lmak istenen \u201csosyal mesafeye\u201d ara konulmas\u0131 de\u011fil, \u201cfiziksel mesafeye\u201d dikkat edilmesidir. Yani yollarda, caddelerde, pazarlarda, marketlerde, mek\u00e2nlarda, daha do\u011frusu insanlar\u0131n bulundu\u011fu her yerde insanlarla aram\u0131zda en az 1,5-2 metre gibi bir bo\u015flu\u011fun, bir mesafenin olmas\u0131na dikkat etmemizdir. Bu nedenle do\u011fru tan\u0131mlaman\u0131n \u201cfiziksel mesafe kural\u0131na uyal\u0131m\u201d \u015feklinde olmas\u0131 gerekti\u011fini d\u00fc\u015f\u00fcn\u00fcyorum. Bug\u00fcne kadar bu yanl\u0131\u015fl\u0131\u011f\u0131n \u00fczerinde duran ya da bir a\u00e7\u0131klama yapan\u0131 duymad\u0131m. Olmu\u015fsa da ben rastlamad\u0131m. \u0130nsan sosyal bir varl\u0131kt\u0131r. Tek ba\u015f\u0131na ya\u015famas\u0131 s\u00f6z konusu olamaz. Birlikte oldu\u011fumuz zaman bizler var\u0131z. Sosyal s\u00f6zc\u00fc\u011f\u00fcn\u00fcn s\u00f6zl\u00fck anlam\u0131na bakt\u0131\u011f\u0131m\u0131zda; insan\u0131n toplum hayat\u0131ndaki yeri, rol\u00fc, ili\u015fkileri ile ilgili olan \u015feylerin toplam\u0131 oldu\u011funu g\u00f6r\u00fcr\u00fcz. Yine bir toplumda ya\u015fayan iki ya da daha fazla say\u0131da insan\u0131n birbirleriyle girdi\u011fi, kar\u015f\u0131l\u0131kl\u0131 olarak devam ettirdi\u011fi k\u0131sa veya uzun s\u00fcreli anlaml\u0131 etkile\u015fimlere sosyal ili\u015fki denildi\u011fini de az \u00e7ok biliyoruz. \u015eayet \u201csosyal mesafe\u201d tan\u0131mlamas\u0131 kullan\u0131l\u0131rsa, sanki bir insan\u0131n di\u011fer t\u00fcm insanlarla aras\u0131na mesafe koymas\u0131n\u0131, sosyal ili\u015fkilerini dondurmas\u0131n\u0131 ya da sonland\u0131rmas\u0131 istenmi\u015f gibi olur. B\u00f6yle bir durumda da \u00e7ocuklar\u0131 sevmeye, ya\u015fl\u0131lara sayg\u0131 duymaya, ihtiyac\u0131 olana yard\u0131m etmeye, uzaktan da olsa merhaba demeye, a\u015f\u0131k olmaya, hizmet ve \u00e7al\u0131\u015fmaya bir \u201cmesafe\u201d konulmu\u015f olunur; akraba ve tan\u0131d\u0131klar\u0131n telefonla da olsa bile hat\u0131rlar\u0131n\u0131 sormay\u0131 unutmam\u0131z gerekir. B\u00f6ylesi bir \u015feyi hi\u00e7 kimse ne ister, nede arzu eder. Bu nedenlerden dolay\u0131 \u201csosyal mesafe\u201d tan\u0131mlamas\u0131n\u0131n do\u011fru olmad\u0131\u011f\u0131n\u0131, say\u0131 ve kavramlara a\u015f\u0131na olan biri olarak, \u201cfiziksel mesafe\u201d tan\u0131mlamas\u0131n\u0131n daha do\u011fru olaca\u011f\u0131n\u0131 d\u00fc\u015f\u00fcn\u00fcyorum. Yanl\u0131\u015f m\u0131 d\u00fc\u015f\u00fcn\u00fcyorum?\u201d s\u00f6zleriyle \u00e7ok net bir \u015fekilde a\u00e7\u0131klam\u0131\u015f.<br>***<br>Korona Vir\u00fcs salg\u0131n\u0131nda verilen rakamlar ve tablolar olumlu seyrini s\u00fcrd\u00fcr\u00fcrken, h\u00fck\u00fcmet taraf\u0131ndan al\u0131nan gev\u015feme kararlar\u0131 halk\u0131m\u0131z taraf\u0131ndan yanl\u0131\u015f yorumlanmamal\u0131 ve rehavet ortam\u0131 yaratmamal\u0131d\u0131r.<br>\u00d6yle ki, ba\u015fta Sa\u011fl\u0131k Bakanl\u0131\u011f\u0131\u2019n\u0131n ba\u015far\u0131l\u0131 \u00e7al\u0131\u015fmalar\u0131 ba\u015fta olmak \u00fczere, kentimizde Edirne Valili\u011fi, Edirne Belediye Ba\u015fkanl\u0131\u011f\u0131, Edirne \u0130l Sa\u011fl\u0131k M\u00fcd\u00fcrl\u00fc\u011f\u00fc olmak \u00fczere t\u00fcm kurumlar\u0131n ve sa\u011fl\u0131k \u00e7al\u0131\u015fanlar\u0131n\u0131n canh\u0131ra\u015f \u00e7abalar\u0131n\u0131 heba ederiz.<\/p>\n\n\n\n<p><em><strong>11 May\u0131s 2020<\/strong><br>http:\/\/www.vatandasgazetesi.com.tr\/sosyal-mesafe-yanlis-anlasilmasin-makale,1901.html<\/em><\/p>\n\n\n<div class=\"taxonomy-post_tag wp-block-post-terms\"><a href=\"https:\/\/www.uzulmez.site\/?tag=diyarbakir-tigris-gazetesi\" rel=\"tag\">diyarbak\u0131r tigris gazetesi<\/a><span class=\"wp-block-post-terms__separator\">, <\/span><a href=\"https:\/\/www.uzulmez.site\/?tag=edirne\" rel=\"tag\">edirne<\/a><span class=\"wp-block-post-terms__separator\">, <\/span><a href=\"https:\/\/www.uzulmez.site\/?tag=korona-virus\" rel=\"tag\">korona vir\u00fcs<\/a><span class=\"wp-block-post-terms__separator\">, <\/span><a href=\"https:\/\/www.uzulmez.site\/?tag=kose-yazari\" rel=\"tag\">k\u00f6\u015fe yazar\u0131<\/a><span class=\"wp-block-post-terms__separator\">, <\/span><a href=\"https:\/\/www.uzulmez.site\/?tag=orhan-yazgan\" rel=\"tag\">orhan yazgan<\/a><span class=\"wp-block-post-terms__separator\">, <\/span><a href=\"https:\/\/www.uzulmez.site\/?tag=sosyal-mesafe\" rel=\"tag\">sosyal mesafe<\/a><span class=\"wp-block-post-terms__separator\">, <\/span><a href=\"https:\/\/www.uzulmez.site\/?tag=vatandasgazetesi\" rel=\"tag\">vatandasgazetesi<\/a><\/div>","protected":false},"excerpt":{"rendered":"<p>Orhan YAZGAN Korona vir\u00fcs hayat\u0131m\u0131zda var olan bir\u00e7ok kavram\u0131, ya\u015fam al\u0131\u015fkanl\u0131klar\u0131m\u0131z\u0131 ve en \u00e7okta sosyal ili\u015fkilerimizi etkiledi.Hastal\u0131\u011f\u0131n yay\u0131lmas\u0131 ve \u00fclkemizde g\u00f6r\u00fclmesinin ard\u0131ndan, hayat\u0131m\u0131za farkl\u0131 ve yeni olan bir kavram dahil oldu. \u2018SOSYAL MESAFE\u2019T\u00fcm haber programlar\u0131nda, uyar\u0131larda, afi\u015flerde, reklamlarda, cami hoparl\u00f6rlerinde, polis otosu anonsunda s\u00fcrekli kar\u015f\u0131m\u0131za hayat\u0131m\u0131za yeni giren bu tan\u0131mlama \u00e7\u0131kmaya ba\u015flad\u0131.Korona Vir\u00fcsten korunmak i\u00e7in devleti y\u00f6netenler, bakanlar, bilim kurulu \u00fcyeleri, siyasi liderler, valiler, belediyeler, doktorlar, gazeteciler, haber sunucular\u0131 yapt\u0131klar\u0131 a\u00e7\u0131klamalarda mutlaka \u201csosyal mesafe\u201d kural\u0131na uyulmas\u0131 gerekti\u011fini dillendirdiler.\u2018Sosyal Mesafe\u2019 hayat\u0131m\u0131za damdan d\u00fc\u015fer gibi girince, baz\u0131lar\u0131m\u0131z alg\u0131lamakta zorland\u0131.Ne olacakt\u0131 bundan sonra?Sosyalle\u015fmeyi bir kenara m\u0131 b\u0131rakacakt\u0131k, yoksa aram\u0131za insanlarla fiziksel bir mesafemi<\/p>\n","protected":false},"author":2,"featured_media":0,"comment_status":"open","ping_status":"open","sticky":false,"template":"","format":"standard","meta":{"footnotes":""},"categories":[1321],"tags":[3674,3672,3676,3671,3673,646,3675],"class_list":["post-5892","post","type-post","status-publish","format-standard","hentry","category-basinda","tag-diyarbakir-tigris-gazetesi","tag-edirne","tag-korona-virus","tag-kose-yazari","tag-orhan-yazgan","tag-sosyal-mesafe","tag-vatandasgazetesi"],"_links":{"self":[{"href":"https:\/\/www.uzulmez.site\/index.php?rest_route=\/wp\/v2\/posts\/5892","targetHints":{"allow":["GET"]}}],"collection":[{"href":"https:\/\/www.uzulmez.site\/index.php?rest_route=\/wp\/v2\/posts"}],"about":[{"href":"https:\/\/www.uzulmez.site\/index.php?rest_route=\/wp\/v2\/types\/post"}],"author":[{"embeddable":true,"href":"https:\/\/www.uzulmez.site\/index.php?rest_route=\/wp\/v2\/users\/2"}],"replies":[{"embeddable":true,"href":"https:\/\/www.uzulmez.site\/index.php?rest_route=%2Fwp%2Fv2%2Fcomments&post=5892"}],"version-history":[{"count":2,"href":"https:\/\/www.uzulmez.site\/index.php?rest_route=\/wp\/v2\/posts\/5892\/revisions"}],"predecessor-version":[{"id":6698,"href":"https:\/\/www.uzulmez.site\/index.php?rest_route=\/wp\/v2\/posts\/5892\/revisions\/6698"}],"wp:attachment":[{"href":"https:\/\/www.uzulmez.site\/index.php?rest_route=%2Fwp%2Fv2%2Fmedia&parent=5892"}],"wp:term":[{"taxonomy":"category","embeddable":true,"href":"https:\/\/www.uzulmez.site\/index.php?rest_route=%2Fwp%2Fv2%2Fcategories&post=5892"},{"taxonomy":"post_tag","embeddable":true,"href":"https:\/\/www.uzulmez.site\/index.php?rest_route=%2Fwp%2Fv2%2Ftags&post=5892"}],"curies":[{"name":"wp","href":"https:\/\/api.w.org\/{rel}","templated":true}]}}