{"id":5828,"date":"2012-09-20T18:36:00","date_gmt":"2012-09-20T18:36:00","guid":{"rendered":"https:\/\/www.uzulmez.site\/?p=5828"},"modified":"2023-07-02T10:33:01","modified_gmt":"2023-07-02T10:33:01","slug":"dalga-gecer-gibi","status":"publish","type":"post","link":"https:\/\/www.uzulmez.site\/?p=5828","title":{"rendered":"Dalga Ge\u00e7er Gibi&#8230;"},"content":{"rendered":"\n<p><em><strong>Ergani Kaymakaml\u0131\u011f\u0131 taraf\u0131ndan \u00f6zel bir ajansa yapt\u0131r\u0131lan Ergani\u2019nin tan\u0131t\u0131m\u0131 i\u00e7in yay\u0131mlanan kitab\u0131n i\u00e7eri\u011finde bulunan bir\u00e7ok bariz hata tepkilere neden oldu.<\/strong><\/em><\/p>\n\n\n\n<figure class=\"wp-block-image size-full is-resized\"><img fetchpriority=\"high\" decoding=\"async\" src=\"https:\/\/www.uzulmez.site\/wp-content\/uploads\/2023\/06\/erganihilar-kitap-kapagi.jpg\" alt=\"\" class=\"wp-image-5829\" width=\"824\" height=\"548\" srcset=\"https:\/\/www.uzulmez.site\/wp-content\/uploads\/2023\/06\/erganihilar-kitap-kapagi.jpg 490w, https:\/\/www.uzulmez.site\/wp-content\/uploads\/2023\/06\/erganihilar-kitap-kapagi-300x200.jpg 300w, https:\/\/www.uzulmez.site\/wp-content\/uploads\/2023\/06\/erganihilar-kitap-kapagi-480x319.jpg 480w\" sizes=\"(max-width: 824px) 100vw, 824px\" \/><\/figure>\n\n\n\n<p>\u201c<strong>On Bin Y\u0131ll\u0131k Tarihin Tan\u0131\u011f\u0131<\/strong>\u201d ba\u015fl\u0131\u011f\u0131yla, Erganili ara\u015ft\u0131rmac\u0131- yazar M\u00fcsl\u00fcm \u00dcz\u00fclmez\u2019in \u201c<strong>On Bin Y\u0131ll\u0131k Tarihin Tan\u0131\u011f\u0131 Hilar<\/strong>\u201d kitab\u0131n\u0131n ismiyle de bire bir benzerlik g\u00f6steren kitap, bir\u00e7ok eksik ve yanl\u0131\u015f bilgiyi i\u00e7inde bar\u0131nd\u0131r\u0131yor.<\/p>\n\n\n\n<p>\u00d6zel bir ajans taraf\u0131ndan haz\u0131rlanan Ergani tan\u0131t\u0131m kitab\u0131nda \u00f6zellikle Makam Da\u011f\u0131\u2019n\u0131n s\u00f6nm\u00fc\u015f bir volkanik da\u011f oldu\u011fu tespiti ile Makam Da\u011f\u0131 yerine ba\u015fka bir yerin foto\u011fraf\u0131n\u0131n kullan\u0131lmas\u0131 gibi bir\u00e7ok bariz hata, tepki \u00e7ekti. Vatanda\u015flar; il\u00e7enin tan\u0131t\u0131m\u0131 noktas\u0131nda haz\u0131rlanan, il\u00e7enin muhteviyat\u0131nda bulunan temel \u00f6\u011felerin iyi ara\u015ft\u0131r\u0131lmadan, tamamen internet d\u00f6k\u00fcm\u00fc ile \u00f6zensiz bir \u015fekilde haz\u0131rlanarak, yanl\u0131\u015f ve yan\u0131lt\u0131c\u0131 bilgi ve foto\u011fraflarla dolu bu yay\u0131n\u0131n ciddiyet ve \u00f6zenden uzak oldu\u011funu belirterek tepkilerini dile getirdiler.<\/p>\n\n\n\n<p class=\"has-small-font-size\"><strong>20.09.2012<br>Ergani Haber Gazetesi<\/strong><br><em>http:\/\/www.erganihaber.net\/haber-765-DALGA-GECER-GIBI.html<\/em><\/p>\n\n\n<div class=\"taxonomy-post_tag wp-block-post-terms\"><a href=\"https:\/\/www.uzulmez.site\/?tag=dalga-gecer-gibi\" rel=\"tag\">dalga ge\u00e7er gibi<\/a><span class=\"wp-block-post-terms__separator\">, <\/span><a href=\"https:\/\/www.uzulmez.site\/?tag=ergani-haber-gazetesi\" rel=\"tag\">Ergani Haber Gazetesi<\/a><span class=\"wp-block-post-terms__separator\">, <\/span><a href=\"https:\/\/www.uzulmez.site\/?tag=ergani-kaymakamligi\" rel=\"tag\">ergani kaymakaml\u0131\u011f\u0131<\/a><span class=\"wp-block-post-terms__separator\">, <\/span><a href=\"https:\/\/www.uzulmez.site\/?tag=on-bin-yillik-tarihin-tanigi-hilar-2\" rel=\"tag\">On Bin Y\u0131ll\u0131k Tarihin Tan\u0131\u011f\u0131 Hilar<\/a><\/div>","protected":false},"excerpt":{"rendered":"<p>Ergani Kaymakaml\u0131\u011f\u0131 taraf\u0131ndan \u00f6zel bir ajansa yapt\u0131r\u0131lan Ergani\u2019nin tan\u0131t\u0131m\u0131 i\u00e7in yay\u0131mlanan kitab\u0131n i\u00e7eri\u011finde bulunan bir\u00e7ok bariz hata tepkilere neden oldu. \u201cOn Bin Y\u0131ll\u0131k Tarihin Tan\u0131\u011f\u0131\u201d ba\u015fl\u0131\u011f\u0131yla, Erganili ara\u015ft\u0131rmac\u0131- yazar M\u00fcsl\u00fcm \u00dcz\u00fclmez\u2019in \u201cOn Bin Y\u0131ll\u0131k Tarihin Tan\u0131\u011f\u0131 Hilar\u201d kitab\u0131n\u0131n ismiyle de bire bir benzerlik g\u00f6steren kitap, bir\u00e7ok eksik ve yanl\u0131\u015f bilgiyi i\u00e7inde bar\u0131nd\u0131r\u0131yor. \u00d6zel bir ajans taraf\u0131ndan haz\u0131rlanan Ergani tan\u0131t\u0131m kitab\u0131nda \u00f6zellikle Makam Da\u011f\u0131\u2019n\u0131n s\u00f6nm\u00fc\u015f bir volkanik da\u011f oldu\u011fu tespiti ile Makam Da\u011f\u0131 yerine ba\u015fka bir yerin foto\u011fraf\u0131n\u0131n kullan\u0131lmas\u0131 gibi bir\u00e7ok bariz hata, tepki \u00e7ekti. Vatanda\u015flar; il\u00e7enin tan\u0131t\u0131m\u0131 noktas\u0131nda haz\u0131rlanan, il\u00e7enin muhteviyat\u0131nda bulunan temel \u00f6\u011felerin iyi ara\u015ft\u0131r\u0131lmadan, tamamen internet d\u00f6k\u00fcm\u00fc ile<\/p>\n","protected":false},"author":2,"featured_media":0,"comment_status":"open","ping_status":"open","sticky":false,"template":"","format":"standard","meta":{"footnotes":""},"categories":[1321],"tags":[3603,1322,1447,3288],"class_list":["post-5828","post","type-post","status-publish","format-standard","hentry","category-basinda","tag-dalga-gecer-gibi","tag-ergani-haber-gazetesi","tag-ergani-kaymakamligi","tag-on-bin-yillik-tarihin-tanigi-hilar-2"],"_links":{"self":[{"href":"https:\/\/www.uzulmez.site\/index.php?rest_route=\/wp\/v2\/posts\/5828","targetHints":{"allow":["GET"]}}],"collection":[{"href":"https:\/\/www.uzulmez.site\/index.php?rest_route=\/wp\/v2\/posts"}],"about":[{"href":"https:\/\/www.uzulmez.site\/index.php?rest_route=\/wp\/v2\/types\/post"}],"author":[{"embeddable":true,"href":"https:\/\/www.uzulmez.site\/index.php?rest_route=\/wp\/v2\/users\/2"}],"replies":[{"embeddable":true,"href":"https:\/\/www.uzulmez.site\/index.php?rest_route=%2Fwp%2Fv2%2Fcomments&post=5828"}],"version-history":[{"count":2,"href":"https:\/\/www.uzulmez.site\/index.php?rest_route=\/wp\/v2\/posts\/5828\/revisions"}],"predecessor-version":[{"id":6765,"href":"https:\/\/www.uzulmez.site\/index.php?rest_route=\/wp\/v2\/posts\/5828\/revisions\/6765"}],"wp:attachment":[{"href":"https:\/\/www.uzulmez.site\/index.php?rest_route=%2Fwp%2Fv2%2Fmedia&parent=5828"}],"wp:term":[{"taxonomy":"category","embeddable":true,"href":"https:\/\/www.uzulmez.site\/index.php?rest_route=%2Fwp%2Fv2%2Fcategories&post=5828"},{"taxonomy":"post_tag","embeddable":true,"href":"https:\/\/www.uzulmez.site\/index.php?rest_route=%2Fwp%2Fv2%2Ftags&post=5828"}],"curies":[{"name":"wp","href":"https:\/\/api.w.org\/{rel}","templated":true}]}}