{"id":5735,"date":"2008-07-25T21:06:00","date_gmt":"2008-07-25T21:06:00","guid":{"rendered":"https:\/\/www.uzulmez.site\/?p=5735"},"modified":"2023-06-09T21:12:34","modified_gmt":"2023-06-09T21:12:34","slug":"hocam-m-sehmus-guzelden-aldigim-bir-mektup","status":"publish","type":"post","link":"https:\/\/www.uzulmez.site\/?p=5735","title":{"rendered":"Hocam M. \u015eehmus G\u00fczel\u2019den Ald\u0131\u011f\u0131m Bir Mektup"},"content":{"rendered":"\n<p>De\u011ferli hem\u015ferim, merhaba. Ba\u015f\u0131n sa\u011folsun. Kenan Mendekli&#8217;ye ili\u015fkin makaleni okudum. Bu kadar gen\u00e7 ya\u015fta ayr\u0131lmas\u0131 son derece adaletsiz. Sayende kendisini tan\u0131mak olana\u011f\u0131n\u0131 buldum. Umar\u0131m siyaset ele\u015ftirileri kitab\u0131 yak\u0131nda yay\u0131nlan\u0131r ve okumak olana\u011f\u0131 bulabiliriz. Kitap tan\u0131t\u0131c\u0131 yaz\u0131lar\u0131n\u0131 da okumak isterim. Belki onlar da derlenip okuyucuya sunulabilirler. Erzincan Refahiye il merkezini arkada b\u0131rakan kasabalardan biridir. Ad\u0131n\u0131n il merkezininki kadar tan\u0131nmas\u0131nda Kenan gibi iyi yeti\u015fmi\u015f \u00e7ocuklar\u0131n\u0131n katk\u0131s\u0131 mutlaka belirleyici oluyor. Topra\u011f\u0131 bol olsun. G\u00f6ky\u00fcz\u00fcnden bizi ayd\u0131nlatmaya devam etsin. Elbette art\u0131k karpuz yerken Kenan\u2019\u0131 an\u0131msamak ve f\u0131rsat \u00e7\u0131karsa aram\u0131zda karpuz yeme yar\u0131\u015flar\u0131 yap\u0131p Kenan&#8217;\u0131 ve hikayelerini anlatmak m\u00fcmk\u00fcn olacak. Sana ve e\u015fine ve Kenan&#8217;\u0131n yak\u0131nlar\u0131na en derin ba\u015fsa\u011fl\u0131\u011f\u0131 dileklerimi iletmek isterim.<\/p>\n\n\n\n<p>Dostlar\u0131n\u0131n unutulmamas\u0131 i\u00e7in yazd\u0131\u011f\u0131n makaleler i\u00e7in de seni ayr\u0131ca kutluyorum karde\u015fim. Ellerine sa\u011fl\u0131k.<\/p>\n\n\n\n<p>Benim makale maalesef sadece pdf olarak var. Dolay\u0131s\u0131yla doc olarak g\u00f6nderemiyorum. O bi\u00e7imiyle yay\u0131nlanamazsa maalesef kalacak demektir. Ya da belli olmaz bir g\u00f6n\u00fcll\u00fc \u00e7\u0131kar metni bilgisayara yazarsa okuyup d\u00fczeltmek i\u015fini bizzat yapabilirim. Ama as\u0131l \u00f6nemlisi bu metnin sende ve ilgilenecek arkada\u015flarda bulunmas\u0131.<\/p>\n\n\n\n<p>Haberlerini almak umuduyla iyi \u00e7al\u0131\u015fmalar, huzurlu ve mutlu g\u00fcnler diliyorum. En i\u00e7ten selamlar\u0131mla.<\/p>\n\n\n\n<p><strong>M. \u015eehmus G\u00fczel<\/strong><br>25 07 2008<\/p>\n\n\n\n<p><\/p>\n\n\n<div class=\"taxonomy-post_tag wp-block-post-terms\"><a href=\"https:\/\/www.uzulmez.site\/?tag=dostlarinin-unutulmamasi\" rel=\"tag\">dostlar\u0131n\u0131n unutulmamas\u0131<\/a><span class=\"wp-block-post-terms__separator\">, <\/span><a href=\"https:\/\/www.uzulmez.site\/?tag=erzincan-refahiye\" rel=\"tag\">erzincan refahiye<\/a><span class=\"wp-block-post-terms__separator\">, <\/span><a href=\"https:\/\/www.uzulmez.site\/?tag=karpuz-yeme-yarislari\" rel=\"tag\">karpuz yeme yar\u0131\u015flar\u0131<\/a><span class=\"wp-block-post-terms__separator\">, <\/span><a href=\"https:\/\/www.uzulmez.site\/?tag=kenan-mendekli\" rel=\"tag\">Kenan Mendekli<\/a><span class=\"wp-block-post-terms__separator\">, <\/span><a href=\"https:\/\/www.uzulmez.site\/?tag=m-sehmus-guzel-2\" rel=\"tag\">m. \u015fehmus g\u00fczel<\/a><span class=\"wp-block-post-terms__separator\">, <\/span><a href=\"https:\/\/www.uzulmez.site\/?tag=mektup\" rel=\"tag\">mektup<\/a><\/div>","protected":false},"excerpt":{"rendered":"<p>De\u011ferli hem\u015ferim, merhaba. Ba\u015f\u0131n sa\u011folsun. Kenan Mendekli&#8217;ye ili\u015fkin makaleni okudum. Bu kadar gen\u00e7 ya\u015fta ayr\u0131lmas\u0131 son derece adaletsiz. Sayende kendisini tan\u0131mak olana\u011f\u0131n\u0131 buldum. Umar\u0131m siyaset ele\u015ftirileri kitab\u0131 yak\u0131nda yay\u0131nlan\u0131r ve okumak olana\u011f\u0131 bulabiliriz. Kitap tan\u0131t\u0131c\u0131 yaz\u0131lar\u0131n\u0131 da okumak isterim. Belki onlar da derlenip okuyucuya sunulabilirler. Erzincan Refahiye il merkezini arkada b\u0131rakan kasabalardan biridir. Ad\u0131n\u0131n il merkezininki kadar tan\u0131nmas\u0131nda Kenan gibi iyi yeti\u015fmi\u015f \u00e7ocuklar\u0131n\u0131n katk\u0131s\u0131 mutlaka belirleyici oluyor. Topra\u011f\u0131 bol olsun. G\u00f6ky\u00fcz\u00fcnden bizi ayd\u0131nlatmaya devam etsin. Elbette art\u0131k karpuz yerken Kenan\u2019\u0131 an\u0131msamak ve f\u0131rsat \u00e7\u0131karsa aram\u0131zda karpuz yeme yar\u0131\u015flar\u0131 yap\u0131p Kenan&#8217;\u0131 ve hikayelerini anlatmak m\u00fcmk\u00fcn olacak. Sana ve e\u015fine ve Kenan&#8217;\u0131n<\/p>\n","protected":false},"author":2,"featured_media":0,"comment_status":"open","ping_status":"open","sticky":false,"template":"","format":"standard","meta":{"footnotes":""},"categories":[3403],"tags":[3531,3532,3533,3018,1619,3427],"class_list":["post-5735","post","type-post","status-publish","format-standard","hentry","category-plus","tag-dostlarinin-unutulmamasi","tag-erzincan-refahiye","tag-karpuz-yeme-yarislari","tag-kenan-mendekli","tag-m-sehmus-guzel-2","tag-mektup"],"_links":{"self":[{"href":"https:\/\/www.uzulmez.site\/index.php?rest_route=\/wp\/v2\/posts\/5735","targetHints":{"allow":["GET"]}}],"collection":[{"href":"https:\/\/www.uzulmez.site\/index.php?rest_route=\/wp\/v2\/posts"}],"about":[{"href":"https:\/\/www.uzulmez.site\/index.php?rest_route=\/wp\/v2\/types\/post"}],"author":[{"embeddable":true,"href":"https:\/\/www.uzulmez.site\/index.php?rest_route=\/wp\/v2\/users\/2"}],"replies":[{"embeddable":true,"href":"https:\/\/www.uzulmez.site\/index.php?rest_route=%2Fwp%2Fv2%2Fcomments&post=5735"}],"version-history":[{"count":1,"href":"https:\/\/www.uzulmez.site\/index.php?rest_route=\/wp\/v2\/posts\/5735\/revisions"}],"predecessor-version":[{"id":5736,"href":"https:\/\/www.uzulmez.site\/index.php?rest_route=\/wp\/v2\/posts\/5735\/revisions\/5736"}],"wp:attachment":[{"href":"https:\/\/www.uzulmez.site\/index.php?rest_route=%2Fwp%2Fv2%2Fmedia&parent=5735"}],"wp:term":[{"taxonomy":"category","embeddable":true,"href":"https:\/\/www.uzulmez.site\/index.php?rest_route=%2Fwp%2Fv2%2Fcategories&post=5735"},{"taxonomy":"post_tag","embeddable":true,"href":"https:\/\/www.uzulmez.site\/index.php?rest_route=%2Fwp%2Fv2%2Ftags&post=5735"}],"curies":[{"name":"wp","href":"https:\/\/api.w.org\/{rel}","templated":true}]}}