{"id":5672,"date":"2023-04-08T19:42:00","date_gmt":"2023-04-08T19:42:00","guid":{"rendered":"https:\/\/www.uzulmez.site\/?p=5672"},"modified":"2023-07-02T09:33:22","modified_gmt":"2023-07-02T09:33:22","slug":"gun-zileliye-gonderdigim-mektup","status":"publish","type":"post","link":"https:\/\/www.uzulmez.site\/?p=5672","title":{"rendered":"G\u00fcn Zileli\u2019ye G\u00f6nderdi\u011fim Mektup"},"content":{"rendered":"\n<p>Sevgili G\u00fcn Zileli A\u011fabeyim,<\/p>\n\n\n\n<p>Merhaba. Size cevap vermede biraz gecikti\u011fim i\u00e7in l\u00fctfen kusuruma bakmay\u0131n. \u015eehirleraras\u0131 bir yolculuk, baz\u0131 yap\u0131lacak i\u015flerimin olmas\u0131, eski dostlar\u0131m\u0131 ziyaret etmem bu gecikmeye neden oldu. Ancak, az \u00f6nce bilgisayar\u0131m\u0131 a\u00e7ma f\u0131rsat\u0131m oldu ve a\u00e7ar a\u00e7maz da hemen size bu mektubumu yazmaya ba\u015flad\u0131m.<\/p>\n\n\n\n<p>\u00d6ncelikle \u201c<strong><em>Baz\u0131 \u015eeyler Maalesef Unutulmuyor<\/em><\/strong>\u201d ba\u015fl\u0131kl\u0131 yaz\u0131ma g\u00f6stermi\u015f oldu\u011funuz ilgi ve yaz\u0131m\u0131 \u015fahsi web sitenizde payla\u015fman\u0131z nedeniyle size en halisane duygular\u0131mla te\u015fekk\u00fcr ediyorum.<\/p>\n\n\n\n<p>Ge\u00e7mi\u015fte siz \u00c7in yanl\u0131s\u0131, ben Sovyet yanl\u0131s\u0131 biriydim. Y\u0131llar sonra hayat bizi ortak bir noktada bulu\u015fturdu. \u0130yi de oldu. Sizinle tan\u0131\u015fmam benim i\u00e7in bir zenginliktir, sevin\u00e7liyim.<\/p>\n\n\n\n<p>Yaz\u0131lar\u0131n\u0131z\u0131 <strong>Art\u0131ger\u00e7ek<\/strong> sitesinden takip ediyorum, ilgimi \u00e7ekenleri de okuyorum. Kitaplar\u0131n\u0131zdan <strong>Sovyetler Birli\u011fi\u2019nde Devlet Ter\u00f6r\u00fc<\/strong> <strong>ve Gulaglar<\/strong>\u2019\u0131n d\u0131\u015f\u0131nda <strong>Yar\u0131lma<\/strong> ve <strong>Havariler<\/strong>\u2019i okudum.<\/p>\n\n\n\n<p>\u201c<strong><em>Baz\u0131 \u015eeyler Maalesef Unutulmuyor<\/em><\/strong>\u201d ba\u015fl\u0131kl\u0131 yaz\u0131m kendi samimi duygular\u0131m\u0131 payla\u015ft\u0131\u011f\u0131m bir yaz\u0131d\u0131r; amas\u0131z, fakats\u0131z. Zaten yaz\u0131mda yer verdi\u011fim 2 Ekim 2021 tarihli karde\u015fim Ali Haydar\u2019a yazd\u0131\u011f\u0131m mektup bunu net olarak g\u00f6stermektedir.<\/p>\n\n\n\n<p>Ge\u00e7mi\u015fte, TKP\u2019nin orta d\u00fczeyde bir kadrosu olarak 12 Eyl\u00fcl 1980 \u00f6ncesinde Diyarbak\u0131r ve \u00e7evresine bakan bir sorumluydum. 7 Ekim 1982\u2019de yakaland\u0131m. En k\u00f6t\u00fc d\u00f6neminde 2 y\u0131la yak\u0131n Diyarbak\u0131r Askeri 5 Nolu Cezaevi\u2019nde kald\u0131m. 1982 Haziran\u2019da tahliye oldum. 5 y\u0131l ceza ald\u0131m. Yarg\u0131tay, 12 Eyl\u00fcl d\u00f6neminde de faaliyetimin oldu\u011funu belirterek cezam\u0131n 6 y\u0131l 8 aya \u00e7\u0131kar\u0131lmas\u0131n\u0131 istedi. Yeniden cezaevine girecekken 141-142 maddeleri Ceza Kanunu\u2019ndan \u00e7\u0131kart\u0131ld\u0131. Ceza almadan, sicili temiz(!) biri olarak yeniden ya\u015fama tutunmaya \u00e7al\u0131\u015ft\u0131m.<\/p>\n\n\n\n<p>Tahliyemden sonra, \u00f6rg\u00fctsel faaliyetlerime kald\u0131\u011f\u0131m yerden ba\u015flayarak TKP\u2019yi yeniden toparlamaya \u00e7al\u0131\u015ft\u0131m. 1988 sonlar\u0131nda ise \u00f6rg\u00fctsel \u00e7al\u0131\u015fmay\u0131 b\u0131rakt\u0131m. Ya\u015fad\u0131\u011f\u0131m bu s\u00fcreci <strong>Yolda\u015f Ko\u00e7ero<\/strong> (Ko\u00e7ero parti ad\u0131md\u0131r) adl\u0131 kitab\u0131mda yazd\u0131m: Kimseyi su\u00e7lamadan, olup bitenleri kendi zaviyemden anlatmaya \u00e7al\u0131\u015ft\u0131m (T\u00dcSTAV Sar\u0131 Defter, 2011).<\/p>\n\n\n\n<p>Bunlar\u0131 size anlatmam\u0131n nedeni, k\u0131saca, SSCB\u2019ne kar\u015f\u0131 nas\u0131l ku\u015fkular\u0131m\u0131n ba\u015flad\u0131\u011f\u0131n\u0131 belirtmek i\u00e7in. Cezaevi\u2019nden \u00e7\u0131kt\u0131ktan sonra \u00e7ok fazla okumaya ve kendi kendime bir\u00e7ok \u015feyi yeniden sorgulamaya ba\u015flad\u0131m. Bazen de karde\u015fim Ali Haydar\u2019la derin mevzular\u0131 konu\u015ftuk, tart\u0131\u015ft\u0131k. \u0130lk k\u0131r\u0131lmam SSCB\u2019nin, Lenin\u2019in, SBKP\u2019nin ve Komintern\u2019in Mustafa Suphi ve yolda\u015flar\u0131n\u0131n \u00f6ld\u00fcr\u00fclmesi olay\u0131nda sessiz kalmalar\u0131n\u0131 \u00f6\u011frenmemle oldu. \u0130kincisi, 12 Eyl\u00fcl\u2019den sonra partiyi yeniden toparlamaya \u00e7al\u0131\u015f\u0131rken baz\u0131 \u015feylerin iyi gitmedi\u011fini, bir yerlerde bir sorun oldu\u011funu ve sonras\u0131nda da bu sorunun TKP\u2019nin \u00f6zg\u00fcn bir parti olmad\u0131\u011f\u0131n\u0131, Komintern\/SBKP\u2019nin bir seksiyonu gibi \u00e7al\u0131\u015ft\u0131\u011f\u0131ndan kaynakland\u0131\u011f\u0131n\u0131 anlamam oldu. Ve sonras\u0131nda da arkas\u0131 geldi&#8230;<\/p>\n\n\n\n<p>SSCB\u2019de arzu etmedi\u011fimiz \u015feylerin, olup bitenlerin bence as\u0131l kayna\u011f\u0131, Rusya\u2019da yap\u0131lan \u015eubat Devrimi\u2019nin kazan\u0131mlar\u0131n\u0131n korunamamas\u0131. Lenin \u00f6nderli\u011finde ba\u015flayan Ekim Devrimi ile \u201c<strong><em>T\u00fcm \u0130ktidar Sovyetlere<\/em><\/strong>\u201d \u015fiar\u0131n\u0131n yerini \u201c<strong><em>T\u00fcm \u0130ktidar Bol\u015feviklere<\/em><\/strong>\u201d ald\u0131: Tek parti, tek lider, tek d\u00fc\u015f\u00fcnce SSCB\u2019de h\u00e2kim k\u0131l\u0131nd\u0131. Oysa \u015eubat Devrimi d\u00f6neminde Sovyetler i\u00e7erisinde \u00e7ok say\u0131da parti ve grubu bar\u0131nd\u0131r\u0131yordu&#8230; Daha demokratik bir yap\u0131s\u0131 vard\u0131&#8230; Ne zaman ki Bol\u015fevikler di\u011ferlerini tasfiye edip her \u015feyi sahiplendi, i\u015fte o an anti-demokratiklik uygulamalar ba\u015flad\u0131. T\u00fcm devrim liderleri; Tro\u00e7ki, Zinovyev, Buharin ve bir\u00e7oklar\u0131 \u00f6ld\u00fcr\u00fcld\u00fc&#8230; Baz\u0131 \u015f\u00fcpheli erken \u00f6l\u00fcmler de oldu&#8230; Leningrat&#8217;\u0131n ilk parti sekreteri Kirov, ilk ba\u015fbakan Sverdlov gibi&#8230; B\u00fct\u00fcn k\u00f6t\u00fcl\u00fcklerin sebebi sadece Stalin de\u011fildir; Stalin\u2019in yapt\u0131klar\u0131 Lenin\u2019le ba\u015flayan s\u00fcrecin bir sonucudur, bence.<\/p>\n\n\n\n<p>G\u00fcn A\u011fabey, mektubumun ba\u015f\u0131nda da ifade etti\u011fim gibi, sizinle tan\u0131\u015fmaktan sevin\u00e7 duydum.<\/p>\n\n\n\n<p>Her zaman haberle\u015fmek dile\u011fiyle selam, sevgi ve sayg\u0131lar\u0131m\u0131 g\u00f6nderiyorum.<\/p>\n\n\n\n<p><em>Not:<strong> <\/strong>Karde\u015fim Ali Haydar \u00dcz\u00fclmez\u2019e selam\u0131n\u0131z\u0131 s\u00f6yledim, o da size en i\u00e7ten selamlar\u0131n\u0131 iletmemi istedi.<\/em><\/p>\n\n\n\n<p><strong>M\u00fcsl\u00fcm \u00dcz\u00fclmez<br>8 Nisan 2023<\/strong><\/p>\n\n\n\n<p><\/p>\n\n\n<div class=\"taxonomy-post_tag wp-block-post-terms\"><a href=\"https:\/\/www.uzulmez.site\/?tag=ali-haydar-uzulmez\" rel=\"tag\">ali haydar \u00fcz\u00fclmez<\/a><span class=\"wp-block-post-terms__separator\">, <\/span><a href=\"https:\/\/www.uzulmez.site\/?tag=diyarbakir-cezaevi\" rel=\"tag\">Diyarbak\u0131r Cezaevi<\/a><span class=\"wp-block-post-terms__separator\">, <\/span><a href=\"https:\/\/www.uzulmez.site\/?tag=gun-zileli\" rel=\"tag\">g\u00fcn zileli<\/a><span class=\"wp-block-post-terms__separator\">, <\/span><a href=\"https:\/\/www.uzulmez.site\/?tag=lenin\" rel=\"tag\">lenin<\/a><span class=\"wp-block-post-terms__separator\">, <\/span><a href=\"https:\/\/www.uzulmez.site\/?tag=mektup\" rel=\"tag\">mektup<\/a><span class=\"wp-block-post-terms__separator\">, <\/span><a href=\"https:\/\/www.uzulmez.site\/?tag=muslum-uzulmez-2\" rel=\"tag\">M\u00fcsl\u00fcm \u00dcz\u00fclmez<\/a><span class=\"wp-block-post-terms__separator\">, <\/span><a href=\"https:\/\/www.uzulmez.site\/?tag=sovyetler-birligi\" rel=\"tag\">sovyetler birli\u011fi<\/a><span class=\"wp-block-post-terms__separator\">, <\/span><a href=\"https:\/\/www.uzulmez.site\/?tag=stalin\" rel=\"tag\">stalin<\/a><span class=\"wp-block-post-terms__separator\">, <\/span><a href=\"https:\/\/www.uzulmez.site\/?tag=tkp\" rel=\"tag\">tkp<\/a><span class=\"wp-block-post-terms__separator\">, <\/span><a href=\"https:\/\/www.uzulmez.site\/?tag=tum-iktidar-bolseviklere\" rel=\"tag\">t\u00fcm iktidar bol\u015feviklere<\/a><span class=\"wp-block-post-terms__separator\">, <\/span><a href=\"https:\/\/www.uzulmez.site\/?tag=tum-iktidar-sovyetlere\" rel=\"tag\">t\u00fcm iktidar sovyetlere<\/a><span class=\"wp-block-post-terms__separator\">, <\/span><a href=\"https:\/\/www.uzulmez.site\/?tag=yoldas-kocero\" rel=\"tag\">yolda\u015f ko\u00e7ero<\/a><\/div>","protected":false},"excerpt":{"rendered":"<p>Sevgili G\u00fcn Zileli A\u011fabeyim, Merhaba. Size cevap vermede biraz gecikti\u011fim i\u00e7in l\u00fctfen kusuruma bakmay\u0131n. \u015eehirleraras\u0131 bir yolculuk, baz\u0131 yap\u0131lacak i\u015flerimin olmas\u0131, eski dostlar\u0131m\u0131 ziyaret etmem bu gecikmeye neden oldu. Ancak, az \u00f6nce bilgisayar\u0131m\u0131 a\u00e7ma f\u0131rsat\u0131m oldu ve a\u00e7ar a\u00e7maz da hemen size bu mektubumu yazmaya ba\u015flad\u0131m. \u00d6ncelikle \u201cBaz\u0131 \u015eeyler Maalesef Unutulmuyor\u201d ba\u015fl\u0131kl\u0131 yaz\u0131ma g\u00f6stermi\u015f oldu\u011funuz ilgi ve yaz\u0131m\u0131 \u015fahsi web sitenizde payla\u015fman\u0131z nedeniyle size en halisane duygular\u0131mla te\u015fekk\u00fcr ediyorum. Ge\u00e7mi\u015fte siz \u00c7in yanl\u0131s\u0131, ben Sovyet yanl\u0131s\u0131 biriydim. Y\u0131llar sonra hayat bizi ortak bir noktada bulu\u015fturdu. \u0130yi de oldu. Sizinle tan\u0131\u015fmam benim i\u00e7in bir zenginliktir, sevin\u00e7liyim. Yaz\u0131lar\u0131n\u0131z\u0131 Art\u0131ger\u00e7ek sitesinden takip ediyorum,<\/p>\n","protected":false},"author":2,"featured_media":0,"comment_status":"open","ping_status":"open","sticky":false,"template":"","format":"standard","meta":{"footnotes":""},"categories":[3403],"tags":[105,2360,101,320,3427,3434,102,513,138,3432,3433,1323],"class_list":["post-5672","post","type-post","status-publish","format-standard","hentry","category-plus","tag-ali-haydar-uzulmez","tag-diyarbakir-cezaevi","tag-gun-zileli","tag-lenin","tag-mektup","tag-muslum-uzulmez-2","tag-sovyetler-birligi","tag-stalin","tag-tkp","tag-tum-iktidar-bolseviklere","tag-tum-iktidar-sovyetlere","tag-yoldas-kocero"],"_links":{"self":[{"href":"https:\/\/www.uzulmez.site\/index.php?rest_route=\/wp\/v2\/posts\/5672","targetHints":{"allow":["GET"]}}],"collection":[{"href":"https:\/\/www.uzulmez.site\/index.php?rest_route=\/wp\/v2\/posts"}],"about":[{"href":"https:\/\/www.uzulmez.site\/index.php?rest_route=\/wp\/v2\/types\/post"}],"author":[{"embeddable":true,"href":"https:\/\/www.uzulmez.site\/index.php?rest_route=\/wp\/v2\/users\/2"}],"replies":[{"embeddable":true,"href":"https:\/\/www.uzulmez.site\/index.php?rest_route=%2Fwp%2Fv2%2Fcomments&post=5672"}],"version-history":[{"count":2,"href":"https:\/\/www.uzulmez.site\/index.php?rest_route=\/wp\/v2\/posts\/5672\/revisions"}],"predecessor-version":[{"id":6702,"href":"https:\/\/www.uzulmez.site\/index.php?rest_route=\/wp\/v2\/posts\/5672\/revisions\/6702"}],"wp:attachment":[{"href":"https:\/\/www.uzulmez.site\/index.php?rest_route=%2Fwp%2Fv2%2Fmedia&parent=5672"}],"wp:term":[{"taxonomy":"category","embeddable":true,"href":"https:\/\/www.uzulmez.site\/index.php?rest_route=%2Fwp%2Fv2%2Fcategories&post=5672"},{"taxonomy":"post_tag","embeddable":true,"href":"https:\/\/www.uzulmez.site\/index.php?rest_route=%2Fwp%2Fv2%2Ftags&post=5672"}],"curies":[{"name":"wp","href":"https:\/\/api.w.org\/{rel}","templated":true}]}}