{"id":5670,"date":"2023-04-01T19:18:00","date_gmt":"2023-04-01T19:18:00","guid":{"rendered":"https:\/\/www.uzulmez.site\/?p=5670"},"modified":"2023-07-02T09:33:37","modified_gmt":"2023-07-02T09:33:37","slug":"gun-zileliden-aldigim-mektup","status":"publish","type":"post","link":"https:\/\/www.uzulmez.site\/?p=5670","title":{"rendered":"G\u00fcn Zileli\u2019den Ald\u0131\u011f\u0131m Mektup"},"content":{"rendered":"\n<p><em><strong>Mektup, 29 Mart 2023 tarihinde yay\u0131mlanan \u201cBaz\u0131 \u015eeyler Maalesef Unutulmuyor\u201d ba\u015fl\u0131kl\u0131 yaz\u0131m\u0131 kendisine g\u00f6ndermem \u00fczerine g\u00f6nderilmi\u015ftir.<\/strong><\/em><\/p>\n\n\n\n<p>M\u00fcsl\u00fcm arkada\u015f, merhaba,<br>Mektubunu ald\u0131m, yaz\u0131n\u0131 okudum.<br>Bug\u00fcne kadar kitab\u0131ma<sup>(1)<\/sup> ilgi g\u00f6steren ve d\u00f6n\u00fc\u015f yapan iki ki\u015finin ge\u00e7mi\u015f ya da bug\u00fcnk\u00fc siyasi kimlikleri \u00e7ok ilgin\u00e7: Bunlardan biri, eski TKP&#8217;li olan sen; di\u011feri ise, yeni TKP&#8217;nin ba\u015fkan\u0131 olan Kemal Okuyan.<br>Fakat elbette bu ikisi farkl\u0131 nitelikte. Kemal Okuyan, bildi\u011fin gibi, sars\u0131lmaz (bug\u00fcne kadar en az\u0131ndan) bir Stalinisttir. Kitab\u0131ma neden ilgi g\u00f6sterdi ve benimle (o s\u0131rada pandemi vard\u0131), HY hareketi k\u00f6kenli eski arkada\u015f\u0131m Asaf G\u00fcven Aksel arac\u0131l\u0131\u011f\u0131yla ba\u011flant\u0131 kurup neden internet \u00fczerinden kitap hakk\u0131nda online g\u00f6r\u00fc\u015fmek istedi? Dost\u00e7a bir g\u00f6r\u00fc\u015f al\u0131\u015fveri\u015fiiydi ama tahmin edebilece\u011fin gibi birbirinin taban tabana z\u0131dd\u0131 iki g\u00f6r\u00fc\u015f\u00fcn ba\u011fda\u015fmas\u0131 m\u00fcmk\u00fcn de\u011fildi. Kitab\u0131 okumu\u015ftu ve ilgisini \u00e7ekmi\u015fti. Yazar\u0131yla tan\u0131\u015fmak istemi\u015fti sadece. Tipik bir ayg\u0131t lideri tavr\u0131. Stalin de d\u00fc\u015fmanlar\u0131n\u0131 ya da \u00f6yle bildiklerini \u00f6nce yak\u0131ndan tan\u0131mak ister, tan\u0131d\u0131ktan sonra da onlar\u0131 \u00f6l\u00fcm yolculu\u011funa \u00e7\u0131kar\u0131rd\u0131. Elbette \u015fimdi tamamen farkl\u0131 ko\u015fullarda ya\u015f\u0131yorduk, kimsenin b\u00f6yle bir \u015fey yapmaya ne nedeni vard\u0131 ne de g\u00fcc\u00fc. Fakat Okuyan&#8217;\u0131 yine de takdir etti\u011fimi s\u00f6ylemeliyim. Uyan\u0131k bir parti lideri profiliydi benim i\u00e7in. G\u00f6r\u00fc\u015flerinde bir 1 milimlik bir de\u011fi\u015fiklik olmad\u0131\u011f\u0131n\u0131 ise, g\u00f6r\u00fc\u015fmenin sonlar\u0131na do\u011fru, 1941 y\u0131l\u0131nda Polonyal\u0131 subaylar\u0131n katledildi\u011fi Katin orman\u0131 katliam\u0131 konusuna \u015f\u00f6yle bir de\u011findi\u011fimizde daha net anlad\u0131m. &#8220;Bunlar\u0131n hepsi Bat\u0131&#8217;n\u0131n uydurmas\u0131&#8221; dedi \u00e7\u0131kt\u0131 i\u015fin i\u00e7inden, oysa bu katliam\u0131 Sovyetler Birli\u011fi bile son d\u00f6neminde kabul etmi\u015fti. Yani bu \u00e7\u0131k\u0131\u015f\u0131n da, &#8220;Ermeni soyk\u0131r\u0131m\u0131 bir yaland\u0131r&#8221; \u00e7\u0131k\u0131\u015f\u0131ndan pek fark\u0131 yok.<br>Sana gelince\u2026 Kitab\u0131ma tek samimi ve i\u00e7ten geri d\u00f6n\u00fc\u015f yapan arkada\u015f oldu\u011funu s\u00f6ylemek isterim. Yaz\u0131n\u0131n sonlar\u0131na do\u011fru (6. madde) Diyarbak\u0131r Cezaevi&#8217;yla ilgili yazd\u0131klar\u0131n\u0131 okuduktan sonra art\u0131k g\u00f6z ya\u015flar\u0131m\u0131 tutamad\u0131m ve bu paragraf\u0131 yan odada bulunan e\u015fime y\u00fcksek sesle okudum. \u00c7ok duygulanm\u0131\u015ft\u0131m ger\u00e7ekten. \u00c7\u00fcnk\u00fc bu cezaevleri kar\u015f\u0131la\u015ft\u0131rmas\u0131n\u0131 ben de yapm\u0131\u015ft\u0131m daha \u00f6nce. Diyarbak\u0131r cezaevi cehennemi ile Butrki cezaevi cehennemi kar\u015f\u0131la\u015ft\u0131rmas\u0131n\u0131 yani. \u015eunu g\u00f6rd\u00fcm ki, ger\u00e7ekler granitten bile daha dayan\u0131kl\u0131d\u0131r. \u00dcst\u00fcn\u00fc betonla da \u00f6rtseniz eninde sonunda kendilerini g\u00f6sterirler. Elbette susmayan vicdanlar sayesinde\u2026<br>Bu vesileyle, tan\u0131\u015ft\u0131\u011f\u0131m\u0131za sevindi\u011fimi belirteyim. Her zaman haberle\u015fmek dile\u011fiyle arkada\u015f\u0131m. Sevgi ve sayg\u0131yla. Karde\u015fine<sup>(2)<\/sup> de ayr\u0131ca selam ederim.<\/p>\n\n\n\n<p><strong>G\u00fcn Zileli<br>1 Nisan 2023<\/strong><\/p>\n\n\n\n<p>(1) G\u00fcn Zileli, Sovyetler Birli\u011fi\u2019nde Devlet Ter\u00f6r\u00fc ve Gulaglar, Kaos Yay\u0131nlar\u0131, Nisan 2021, \u0130stanbul.-M. \u00dcz\u00fclmez<br>(2) Ali Haydar \u00dcz\u00fclmez&#8217;e selam g\u00f6nderiyor. -M. \u00dcz\u00fclmez<\/p>\n\n\n<div class=\"taxonomy-post_tag wp-block-post-terms\"><a href=\"https:\/\/www.uzulmez.site\/?tag=ali-haydar-uzulmez\" rel=\"tag\">ali haydar \u00fcz\u00fclmez<\/a><span class=\"wp-block-post-terms__separator\">, <\/span><a href=\"https:\/\/www.uzulmez.site\/?tag=asaf-guven-aksel\" rel=\"tag\">asaf g\u00fcven aksel<\/a><span class=\"wp-block-post-terms__separator\">, <\/span><a href=\"https:\/\/www.uzulmez.site\/?tag=butrki-cezaevi\" rel=\"tag\">butrki cezaevi<\/a><span class=\"wp-block-post-terms__separator\">, <\/span><a href=\"https:\/\/www.uzulmez.site\/?tag=diyarbakir-cezaevi\" rel=\"tag\">Diyarbak\u0131r Cezaevi<\/a><span class=\"wp-block-post-terms__separator\">, <\/span><a href=\"https:\/\/www.uzulmez.site\/?tag=gun-zileli\" rel=\"tag\">g\u00fcn zileli<\/a><span class=\"wp-block-post-terms__separator\">, <\/span><a href=\"https:\/\/www.uzulmez.site\/?tag=katin-ormani-katliami\" rel=\"tag\">katin orman\u0131 katliam\u0131<\/a><span class=\"wp-block-post-terms__separator\">, <\/span><a href=\"https:\/\/www.uzulmez.site\/?tag=kemal-okuyan\" rel=\"tag\">kemal okuyan<\/a><span class=\"wp-block-post-terms__separator\">, <\/span><a href=\"https:\/\/www.uzulmez.site\/?tag=mektup\" rel=\"tag\">mektup<\/a><span class=\"wp-block-post-terms__separator\">, <\/span><a href=\"https:\/\/www.uzulmez.site\/?tag=sovyetler-birligi\" rel=\"tag\">sovyetler birli\u011fi<\/a><span class=\"wp-block-post-terms__separator\">, <\/span><a href=\"https:\/\/www.uzulmez.site\/?tag=stalin\" rel=\"tag\">stalin<\/a><span class=\"wp-block-post-terms__separator\">, <\/span><a href=\"https:\/\/www.uzulmez.site\/?tag=tkp\" rel=\"tag\">tkp<\/a><\/div>","protected":false},"excerpt":{"rendered":"<p>Mektup, 29 Mart 2023 tarihinde yay\u0131mlanan \u201cBaz\u0131 \u015eeyler Maalesef Unutulmuyor\u201d ba\u015fl\u0131kl\u0131 yaz\u0131m\u0131 kendisine g\u00f6ndermem \u00fczerine g\u00f6nderilmi\u015ftir. M\u00fcsl\u00fcm arkada\u015f, merhaba,Mektubunu ald\u0131m, yaz\u0131n\u0131 okudum.Bug\u00fcne kadar kitab\u0131ma(1) ilgi g\u00f6steren ve d\u00f6n\u00fc\u015f yapan iki ki\u015finin ge\u00e7mi\u015f ya da bug\u00fcnk\u00fc siyasi kimlikleri \u00e7ok ilgin\u00e7: Bunlardan biri, eski TKP&#8217;li olan sen; di\u011feri ise, yeni TKP&#8217;nin ba\u015fkan\u0131 olan Kemal Okuyan.Fakat elbette bu ikisi farkl\u0131 nitelikte. Kemal Okuyan, bildi\u011fin gibi, sars\u0131lmaz (bug\u00fcne kadar en az\u0131ndan) bir Stalinisttir. Kitab\u0131ma neden ilgi g\u00f6sterdi ve benimle (o s\u0131rada pandemi vard\u0131), HY hareketi k\u00f6kenli eski arkada\u015f\u0131m Asaf G\u00fcven Aksel arac\u0131l\u0131\u011f\u0131yla ba\u011flant\u0131 kurup neden internet \u00fczerinden kitap hakk\u0131nda online g\u00f6r\u00fc\u015fmek istedi? Dost\u00e7a bir<\/p>\n","protected":false},"author":2,"featured_media":0,"comment_status":"open","ping_status":"open","sticky":false,"template":"","format":"standard","meta":{"footnotes":""},"categories":[3403],"tags":[105,3430,3429,2360,101,3431,3428,3427,102,513,138],"class_list":["post-5670","post","type-post","status-publish","format-standard","hentry","category-plus","tag-ali-haydar-uzulmez","tag-asaf-guven-aksel","tag-butrki-cezaevi","tag-diyarbakir-cezaevi","tag-gun-zileli","tag-katin-ormani-katliami","tag-kemal-okuyan","tag-mektup","tag-sovyetler-birligi","tag-stalin","tag-tkp"],"_links":{"self":[{"href":"https:\/\/www.uzulmez.site\/index.php?rest_route=\/wp\/v2\/posts\/5670","targetHints":{"allow":["GET"]}}],"collection":[{"href":"https:\/\/www.uzulmez.site\/index.php?rest_route=\/wp\/v2\/posts"}],"about":[{"href":"https:\/\/www.uzulmez.site\/index.php?rest_route=\/wp\/v2\/types\/post"}],"author":[{"embeddable":true,"href":"https:\/\/www.uzulmez.site\/index.php?rest_route=\/wp\/v2\/users\/2"}],"replies":[{"embeddable":true,"href":"https:\/\/www.uzulmez.site\/index.php?rest_route=%2Fwp%2Fv2%2Fcomments&post=5670"}],"version-history":[{"count":2,"href":"https:\/\/www.uzulmez.site\/index.php?rest_route=\/wp\/v2\/posts\/5670\/revisions"}],"predecessor-version":[{"id":6703,"href":"https:\/\/www.uzulmez.site\/index.php?rest_route=\/wp\/v2\/posts\/5670\/revisions\/6703"}],"wp:attachment":[{"href":"https:\/\/www.uzulmez.site\/index.php?rest_route=%2Fwp%2Fv2%2Fmedia&parent=5670"}],"wp:term":[{"taxonomy":"category","embeddable":true,"href":"https:\/\/www.uzulmez.site\/index.php?rest_route=%2Fwp%2Fv2%2Fcategories&post=5670"},{"taxonomy":"post_tag","embeddable":true,"href":"https:\/\/www.uzulmez.site\/index.php?rest_route=%2Fwp%2Fv2%2Ftags&post=5670"}],"curies":[{"name":"wp","href":"https:\/\/api.w.org\/{rel}","templated":true}]}}