{"id":5647,"date":"2005-11-03T11:51:00","date_gmt":"2005-11-03T11:51:00","guid":{"rendered":"https:\/\/www.uzulmez.site\/?p=5647"},"modified":"2023-06-07T11:57:06","modified_gmt":"2023-06-07T11:57:06","slug":"erganiyi-bilir-misiniz","status":"publish","type":"post","link":"https:\/\/www.uzulmez.site\/?p=5647","title":{"rendered":"Ergani&#8217;yi Bilir Misiniz?"},"content":{"rendered":"\n<p><em><strong>Ergani do\u011fumlu M\u00fcsl\u00fcm \u00dcz\u00fclmez, &#8220;\u00c7ay\u00f6n\u00fc&#8217;nden Ergani&#8217;ye Uzun Bir Y\u00fcr\u00fcy\u00fc\u015f&#8221; adl\u0131 kitab\u0131yla okurlar\u0131n\u0131n kar\u015f\u0131s\u0131na \u00e7\u0131kt\u0131.<\/strong><\/em><\/p>\n\n\n\n<p>K\u00dcLT\u00dcR SERV\u0130S\u0130<\/p>\n\n\n\n<p>&#8220;<em>Her ilin, her il\u00e7enin ve hatta her k\u00f6y\u00fcn bir \u00f6yk\u00fcs\u00fc oldu\u011funa inanmaktay\u0131m. Erganiler de kendi ya\u015fam \u00f6yk\u00fclerini bilmelidirler diye d\u00fc\u015f\u00fcn\u00fcyorum<\/em>&#8221; diyor yazar M\u00fcsl\u00fcm \u00dcz\u00fclmez.<\/p>\n\n\n\n<p>Aralar\u0131nda \u015fiir kitaplar\u0131n\u0131n da bulundu\u011fu 11 kitaba imza atan Ergani do\u011fumlu M\u00fcsl\u00fcm \u00dcz\u00fclmez, yukar\u0131daki d\u00fc\u015f\u00fcnceden hareketle, &#8220;<em>\u00c7ay\u00f6n\u00fc&#8217;nden Ergani&#8217;ye Uzun Bir Y\u00fcr\u00fcy\u00fc\u015f<\/em>&#8220;<sup>(*)<\/sup> adl\u0131 kitab\u0131yla yeniden okurlar\u0131n\u0131n kar\u015f\u0131s\u0131na \u00e7\u0131kt\u0131.<\/p>\n\n\n<div class=\"wp-block-image\">\n<figure class=\"alignright size-full is-resized\"><img fetchpriority=\"high\" decoding=\"async\" src=\"https:\/\/www.uzulmez.site\/wp-content\/uploads\/2023\/06\/uzun-yuruyus.jpg\" alt=\"\" class=\"wp-image-5648\" width=\"316\" height=\"449\"\/><\/figure><\/div>\n\n\n<p>S\u00f6nm\u00fc\u015f volkanik bir da\u011f olan Z\u00fclk\u00fcf&#8217;\u00fcn g\u00fcney eteklerine kurulan \u00c7ay\u00f6n\u00fc&#8217;nden ba\u015flayarak g\u00fcn\u00fcm\u00fcz\u00fcn Ergani&#8217;sine kadar uzanan yolculukta, yer yer belgelere dayanarak ge\u00e7mi\u015fe \u0131\u015f\u0131k tutarken, yer yer kendi d\u00fc\u015f\u00fcncelerini belirtmekten de sak\u0131nmam\u0131\u015ft\u0131r.<\/p>\n\n\n\n<p>1920&#8217;lerden 2000&#8217;li y\u0131llara uzanan zaman diliminde, il\u00e7eden \u00e7e\u015fitli foto\u011fraflar\u0131n yer ald\u0131\u011f\u0131 kitapta, Ergani&#8217;nin kentsel yap\u0131s\u0131nda ya\u015fanan de\u011fi\u015fiklikler g\u00f6zler \u00f6n\u00fcne seriliyor, n\u00fcfus yap\u0131s\u0131nda ya\u015fanan farkl\u0131l\u0131klar hakk\u0131nda ayr\u0131nt\u0131l\u0131 bilgilere yer veriliyor.<\/p>\n\n\n\n<p>Yazar M\u00fcsl\u00fcm \u00dcz\u00fclmez, sadece Ergani&#8217;nin tarihini anlatmakla kalmam\u0131\u015f, d\u00f6nemin liderleri taraf\u0131ndan K\u00fcrt sorununa ili\u015fkin haz\u0131rlanan raporlar\u0131 kitab\u0131na alm\u0131\u015f, il\u00e7ede T\u00fcrkiye \u00d6\u011fretmenler Sendikas\u0131 ve Devrimci do\u011fu K\u00fclt\u00fcr Ocaklar\u0131&#8217;n\u0131n a\u00e7\u0131l\u0131\u015f\u0131, ilk lise boykotu ve il\u00e7edeki siyasi cinayetler, foto\u011fraflar\u0131yla birlikte sayfalara ta\u015f\u0131nm\u0131\u015f.<\/p>\n\n\n\n<p>Ayn\u0131 zamanda bir &#8221; <em>Ergani Ansiklopedisi <\/em>&#8221; olan 767 sayfal\u0131k kitap i\u00e7in Yazar \u00dcz\u00fclmez \u015f\u00f6yle diyor: &#8221; <em>Ben kitapta Ergani&#8217;nin da\u011f\u0131n\u0131, ba\u011f\u0131n\u0131-bah\u00e7esini, yolunu-\u00e7ar\u015f\u0131s\u0131n\u0131, k\u00f6ylerini ve merkezini, idari yap\u0131s\u0131n\u0131 de\u011fil; tarihe uzun bir yolculu\u011fa \u00e7\u0131k\u0131p g\u00f6rebildiklerimi, tespit ettiklerimi ve biraz da yak\u0131n tarihimizdeki, kendimce \u00f6nemli buldu\u011fum baz\u0131 \u015feyleri anlatmaya \u00e7al\u0131\u015faca\u011f\u0131m <\/em>.&#8221;<\/p>\n\n\n\n<p><em>(*) M\u00fcsl\u00fcm \u00dcz\u00fclmez, \u00c7ay\u00f6n\u00fc&#8217;nden Ergani&#8217;ye Uzun Bir Y\u00fcr\u00fcy\u00fc\u015f, 767 syf.<\/em><\/p>\n\n\n\n<p><strong>Evrensel Gazetesi<br>G\u00fcnl\u00fck Gazete<\/strong><br>3 Kas\u0131m 2005<\/p>\n\n\n<div class=\"taxonomy-post_tag wp-block-post-terms\"><a href=\"https:\/\/www.uzulmez.site\/?tag=cayonunden-erganiye-2\" rel=\"tag\">\u00e7ay\u00f6n\u00fc&#039;nden ergani&#039;ye<\/a><span class=\"wp-block-post-terms__separator\">, <\/span><a href=\"https:\/\/www.uzulmez.site\/?tag=erganiyi-bilir-misiniz\" rel=\"tag\">ergani&#039;yi bilir misiniz?<\/a><span class=\"wp-block-post-terms__separator\">, <\/span><a href=\"https:\/\/www.uzulmez.site\/?tag=evrensel-gazetesi\" rel=\"tag\">evrensel gazetesi<\/a><span class=\"wp-block-post-terms__separator\">, <\/span><a href=\"https:\/\/www.uzulmez.site\/?tag=uzun-bir-yuruyus\" rel=\"tag\">uzun bir y\u00fcr\u00fcy\u00fc\u015f<\/a><\/div>","protected":false},"excerpt":{"rendered":"<p>Ergani do\u011fumlu M\u00fcsl\u00fcm \u00dcz\u00fclmez, &#8220;\u00c7ay\u00f6n\u00fc&#8217;nden Ergani&#8217;ye Uzun Bir Y\u00fcr\u00fcy\u00fc\u015f&#8221; adl\u0131 kitab\u0131yla okurlar\u0131n\u0131n kar\u015f\u0131s\u0131na \u00e7\u0131kt\u0131. K\u00dcLT\u00dcR SERV\u0130S\u0130 &#8220;Her ilin, her il\u00e7enin ve hatta her k\u00f6y\u00fcn bir \u00f6yk\u00fcs\u00fc oldu\u011funa inanmaktay\u0131m. Erganiler de kendi ya\u015fam \u00f6yk\u00fclerini bilmelidirler diye d\u00fc\u015f\u00fcn\u00fcyorum&#8221; diyor yazar M\u00fcsl\u00fcm \u00dcz\u00fclmez. Aralar\u0131nda \u015fiir kitaplar\u0131n\u0131n da bulundu\u011fu 11 kitaba imza atan Ergani do\u011fumlu M\u00fcsl\u00fcm \u00dcz\u00fclmez, yukar\u0131daki d\u00fc\u015f\u00fcnceden hareketle, &#8220;\u00c7ay\u00f6n\u00fc&#8217;nden Ergani&#8217;ye Uzun Bir Y\u00fcr\u00fcy\u00fc\u015f&#8220;(*) adl\u0131 kitab\u0131yla yeniden okurlar\u0131n\u0131n kar\u015f\u0131s\u0131na \u00e7\u0131kt\u0131. S\u00f6nm\u00fc\u015f volkanik bir da\u011f olan Z\u00fclk\u00fcf&#8217;\u00fcn g\u00fcney eteklerine kurulan \u00c7ay\u00f6n\u00fc&#8217;nden ba\u015flayarak g\u00fcn\u00fcm\u00fcz\u00fcn Ergani&#8217;sine kadar uzanan yolculukta, yer yer belgelere dayanarak ge\u00e7mi\u015fe \u0131\u015f\u0131k tutarken, yer yer kendi d\u00fc\u015f\u00fcncelerini belirtmekten de sak\u0131nmam\u0131\u015ft\u0131r. 1920&#8217;lerden 2000&#8217;li y\u0131llara<\/p>\n","protected":false},"author":2,"featured_media":0,"comment_status":"open","ping_status":"open","sticky":false,"template":"","format":"standard","meta":{"footnotes":""},"categories":[1321],"tags":[3316,3390,866,3315],"class_list":["post-5647","post","type-post","status-publish","format-standard","hentry","category-basinda","tag-cayonunden-erganiye-2","tag-erganiyi-bilir-misiniz","tag-evrensel-gazetesi","tag-uzun-bir-yuruyus"],"_links":{"self":[{"href":"https:\/\/www.uzulmez.site\/index.php?rest_route=\/wp\/v2\/posts\/5647","targetHints":{"allow":["GET"]}}],"collection":[{"href":"https:\/\/www.uzulmez.site\/index.php?rest_route=\/wp\/v2\/posts"}],"about":[{"href":"https:\/\/www.uzulmez.site\/index.php?rest_route=\/wp\/v2\/types\/post"}],"author":[{"embeddable":true,"href":"https:\/\/www.uzulmez.site\/index.php?rest_route=\/wp\/v2\/users\/2"}],"replies":[{"embeddable":true,"href":"https:\/\/www.uzulmez.site\/index.php?rest_route=%2Fwp%2Fv2%2Fcomments&post=5647"}],"version-history":[{"count":1,"href":"https:\/\/www.uzulmez.site\/index.php?rest_route=\/wp\/v2\/posts\/5647\/revisions"}],"predecessor-version":[{"id":5649,"href":"https:\/\/www.uzulmez.site\/index.php?rest_route=\/wp\/v2\/posts\/5647\/revisions\/5649"}],"wp:attachment":[{"href":"https:\/\/www.uzulmez.site\/index.php?rest_route=%2Fwp%2Fv2%2Fmedia&parent=5647"}],"wp:term":[{"taxonomy":"category","embeddable":true,"href":"https:\/\/www.uzulmez.site\/index.php?rest_route=%2Fwp%2Fv2%2Fcategories&post=5647"},{"taxonomy":"post_tag","embeddable":true,"href":"https:\/\/www.uzulmez.site\/index.php?rest_route=%2Fwp%2Fv2%2Ftags&post=5647"}],"curies":[{"name":"wp","href":"https:\/\/api.w.org\/{rel}","templated":true}]}}