{"id":5642,"date":"2005-04-22T11:37:00","date_gmt":"2005-04-22T11:37:00","guid":{"rendered":"https:\/\/www.uzulmez.site\/?p=5642"},"modified":"2023-07-02T11:34:05","modified_gmt":"2023-07-02T11:34:05","slug":"erganinin-gecmisine-uzun-bir-yuruyus-3","status":"publish","type":"post","link":"https:\/\/www.uzulmez.site\/?p=5642","title":{"rendered":"Ergani&#8217;nin Ge\u00e7mi\u015fine Uzun Bir Y\u00fcr\u00fcy\u00fc\u015f"},"content":{"rendered":"\n<p>&#8220;Diyarbak\u0131r&#8217;l\u0131 ya da Do\u011fulu olmak bamba\u015fka bir \u015feydi. Bizim i\u00e7in Do\u011fu bir toprak par\u00e7as\u0131 ve co\u011frafi bir yer olman\u0131n \u00e7ok \u00f6tesinde; geri kalm\u0131\u015fl\u0131k, cahillik, yoksulluk, jandarma dip\u00e7i\u011fi, a\u011fa bask\u0131s\u0131 ve bir ba\u015fkald\u0131r\u0131yd\u0131&#8221; diyor M\u00fcsl\u00fcm \u00dcz\u00fclmez, &#8216;\u00c7ay\u00f6n\u00fc&#8217;nden Ergani&#8217;ye, &#8220;Uzun bir y\u00fcr\u00fcy\u00fc\u015f&#8221;\u00fc anlatt\u0131\u011f\u0131 kitab\u0131nda. \u00dcz\u00fclmez, 767 sayfal\u0131k kitab\u0131nda, Ergani&#8217;yi milattan \u00f6ncesinden alarak g\u00fcn\u00fcm\u00fcze getiriyor; Erganililer&#8217;e kendi \u00f6yk\u00fclerini anlat\u0131yor.<\/p>\n\n\n\n<p>Geni\u015f kapsaml\u0131, derin bir ara\u015ft\u0131rman\u0131n izlerini ta\u015f\u0131yan kitapta \u00e7ok \u00e7arp\u0131c\u0131 bilgiler bulunuyor. \u00d6rne\u011fin 1892 y\u0131l\u0131nda Ergani&#8217;nin etnik ve dinsel yap\u0131s\u0131 nas\u0131ld\u0131? Ka\u00e7 T\u00fcrk, ka\u00e7 K\u00fcrt, ka\u00e7 Ermeni, ka\u00e7 \u00c7ingene, ka\u00e7 Rum ya da Yezidi vard\u0131? Bug\u00fcn durum ne? Kitapta, Ergani&#8217;nin yaz\u0131l\u0131 olan ve olmayan t\u00fcm tarihini, en k\u00fc\u00e7\u00fck ayr\u0131nt\u0131lara kadar bulabiliyorsunuz. \u015eiirlerle, foto\u011fraflarla bezenmi\u015f ve ak\u0131c\u0131 bir \u00fcslupla yaz\u0131lm\u0131\u015f kitapta Ergani&#8217;den \u00e7\u0131kan \u015fark\u0131c\u0131 Emrah&#8217;tan, yolu Ergani&#8217;ye d\u00fc\u015fen Halet \u00c7ambel&#8217;e kadar bir\u00e7ok tan\u0131nm\u0131\u015f ya da farkl\u0131 \u00e7izgileriyle ekol olmu\u015f bir\u00e7ok renkli isme rastlamak da m\u00fcmk\u00fcn.<\/p>\n\n\n\n<p>Hele \u00f6yk\u00fcler. Atat\u00fcrk&#8217;\u00fcn Ergani&#8217;ye geli\u015finden, Dicle K\u00f6y Enstit\u00fcs\u00fc&#8217;nde ya\u015fananlara hepsi birbirinden ilgin\u00e7, okurken kimi zaman g\u00fcld\u00fcren, kimi zaman y\u00fcre\u011finize bir yumruk gibi vuran, d\u00fc\u015f\u00fcnd\u00fcren onlarca ger\u00e7ek \u00f6yk\u00fc.<\/p>\n\n\n\n<p>Peki yazar &#8220;devrimci duygu ve d\u00fc\u015f\u00fcncelerin kilitlendi\u011fi d\u00fc\u011f\u00fcm noktas\u0131, daha do\u011frusu isyankar ruhlar\u0131m\u0131z\u0131n anavatan\u0131&#8221; diye nitelendirdi\u011fi Ergani&#8217;yi niye yazmak istedi. Burada s\u00f6z\u00fc M\u00fcsl\u00fcm \u00dcz\u00fclmez&#8217;e b\u0131rak\u0131yoruz: &#8220;Her bir toplumun tarihi, ayn\u0131 zamanda onun ya\u015fam \u00f6yk\u00fcs\u00fcd\u00fcr ilkesinden hareketle her ilin, her il\u00e7enin hatta her k\u00f6y\u00fcn bir \u00f6yk\u00fcs\u00fcn\u00fcn oldu\u011funa inan\u0131yorum. Erganililer kendi ya\u015fam \u00f6yk\u00fclerini bilmeliler diye d\u00fc\u015f\u00fcn\u00fcyorum. Bu d\u00fcrt\u00fclerin yan\u0131nda beni bu kitab\u0131 yazmaya iten di\u011fer bir neden de biraz &#8216;vefa&#8217; biraz da &#8216;nereden nereye&#8217; geldi\u011fimizin bilinmesini istememdir.&#8221;<\/p>\n\n\n\n<figure class=\"wp-block-image size-full is-resized\"><img fetchpriority=\"high\" decoding=\"async\" src=\"https:\/\/www.uzulmez.site\/wp-content\/uploads\/2023\/06\/ergani-haber.jpg\" alt=\"\" class=\"wp-image-5643\" width=\"839\" height=\"557\" srcset=\"https:\/\/www.uzulmez.site\/wp-content\/uploads\/2023\/06\/ergani-haber.jpg 500w, https:\/\/www.uzulmez.site\/wp-content\/uploads\/2023\/06\/ergani-haber-300x199.jpg 300w, https:\/\/www.uzulmez.site\/wp-content\/uploads\/2023\/06\/ergani-haber-480x319.jpg 480w\" sizes=\"(max-width: 839px) 100vw, 839px\" \/><\/figure>\n\n\n\n<p><strong><em>Ergani Haber Gazetesi&#8217;nin sahibi ve Genel Yay\u0131n Y\u00f6netmeni Esat Ta\u015ftekin&#8217;le birlikte gazetenin b\u00fcrosunda \u00e7ekilen resim, man\u015fet haberle birlikte \u00e7\u0131kt\u0131-M. \u00dcz\u00fclmez<\/em><\/strong><\/p>\n\n\n\n<p><strong>Ergani Haber<br>Haftal\u0131k Siyasi ve Ba\u011f\u0131ms\u0131z Gazete<\/strong><br>22 Nisan 2005, Say\u0131: 182<\/p>\n\n\n\n<p><\/p>\n\n\n<div class=\"taxonomy-post_tag wp-block-post-terms\"><a href=\"https:\/\/www.uzulmez.site\/?tag=cayonunden-erganiye\" rel=\"tag\">\u00c7ay\u00f6n\u00fc\u2019nden Ergani\u2019ye<\/a><span class=\"wp-block-post-terms__separator\">, <\/span><a href=\"https:\/\/www.uzulmez.site\/?tag=ergani-haber-gazetesi\" rel=\"tag\">Ergani Haber Gazetesi<\/a><span class=\"wp-block-post-terms__separator\">, <\/span><a href=\"https:\/\/www.uzulmez.site\/?tag=esat-tastekin\" rel=\"tag\">Esat Ta\u015ftekin<\/a><span class=\"wp-block-post-terms__separator\">, <\/span><a href=\"https:\/\/www.uzulmez.site\/?tag=uzun-bir-yuruyus\" rel=\"tag\">uzun bir y\u00fcr\u00fcy\u00fc\u015f<\/a><\/div>","protected":false},"excerpt":{"rendered":"<p>&#8220;Diyarbak\u0131r&#8217;l\u0131 ya da Do\u011fulu olmak bamba\u015fka bir \u015feydi. Bizim i\u00e7in Do\u011fu bir toprak par\u00e7as\u0131 ve co\u011frafi bir yer olman\u0131n \u00e7ok \u00f6tesinde; geri kalm\u0131\u015fl\u0131k, cahillik, yoksulluk, jandarma dip\u00e7i\u011fi, a\u011fa bask\u0131s\u0131 ve bir ba\u015fkald\u0131r\u0131yd\u0131&#8221; diyor M\u00fcsl\u00fcm \u00dcz\u00fclmez, &#8216;\u00c7ay\u00f6n\u00fc&#8217;nden Ergani&#8217;ye, &#8220;Uzun bir y\u00fcr\u00fcy\u00fc\u015f&#8221;\u00fc anlatt\u0131\u011f\u0131 kitab\u0131nda. \u00dcz\u00fclmez, 767 sayfal\u0131k kitab\u0131nda, Ergani&#8217;yi milattan \u00f6ncesinden alarak g\u00fcn\u00fcm\u00fcze getiriyor; Erganililer&#8217;e kendi \u00f6yk\u00fclerini anlat\u0131yor. Geni\u015f kapsaml\u0131, derin bir ara\u015ft\u0131rman\u0131n izlerini ta\u015f\u0131yan kitapta \u00e7ok \u00e7arp\u0131c\u0131 bilgiler bulunuyor. \u00d6rne\u011fin 1892 y\u0131l\u0131nda Ergani&#8217;nin etnik ve dinsel yap\u0131s\u0131 nas\u0131ld\u0131? Ka\u00e7 T\u00fcrk, ka\u00e7 K\u00fcrt, ka\u00e7 Ermeni, ka\u00e7 \u00c7ingene, ka\u00e7 Rum ya da Yezidi vard\u0131? Bug\u00fcn durum ne? Kitapta, Ergani&#8217;nin yaz\u0131l\u0131 olan ve olmayan<\/p>\n","protected":false},"author":2,"featured_media":0,"comment_status":"open","ping_status":"open","sticky":false,"template":"","format":"standard","meta":{"footnotes":""},"categories":[1321],"tags":[2066,1322,1925,3315],"class_list":["post-5642","post","type-post","status-publish","format-standard","hentry","category-basinda","tag-cayonunden-erganiye","tag-ergani-haber-gazetesi","tag-esat-tastekin","tag-uzun-bir-yuruyus"],"_links":{"self":[{"href":"https:\/\/www.uzulmez.site\/index.php?rest_route=\/wp\/v2\/posts\/5642","targetHints":{"allow":["GET"]}}],"collection":[{"href":"https:\/\/www.uzulmez.site\/index.php?rest_route=\/wp\/v2\/posts"}],"about":[{"href":"https:\/\/www.uzulmez.site\/index.php?rest_route=\/wp\/v2\/types\/post"}],"author":[{"embeddable":true,"href":"https:\/\/www.uzulmez.site\/index.php?rest_route=\/wp\/v2\/users\/2"}],"replies":[{"embeddable":true,"href":"https:\/\/www.uzulmez.site\/index.php?rest_route=%2Fwp%2Fv2%2Fcomments&post=5642"}],"version-history":[{"count":2,"href":"https:\/\/www.uzulmez.site\/index.php?rest_route=\/wp\/v2\/posts\/5642\/revisions"}],"predecessor-version":[{"id":6824,"href":"https:\/\/www.uzulmez.site\/index.php?rest_route=\/wp\/v2\/posts\/5642\/revisions\/6824"}],"wp:attachment":[{"href":"https:\/\/www.uzulmez.site\/index.php?rest_route=%2Fwp%2Fv2%2Fmedia&parent=5642"}],"wp:term":[{"taxonomy":"category","embeddable":true,"href":"https:\/\/www.uzulmez.site\/index.php?rest_route=%2Fwp%2Fv2%2Fcategories&post=5642"},{"taxonomy":"post_tag","embeddable":true,"href":"https:\/\/www.uzulmez.site\/index.php?rest_route=%2Fwp%2Fv2%2Ftags&post=5642"}],"curies":[{"name":"wp","href":"https:\/\/api.w.org\/{rel}","templated":true}]}}