{"id":5616,"date":"2011-02-28T11:36:00","date_gmt":"2011-02-28T11:36:00","guid":{"rendered":"https:\/\/www.uzulmez.site\/?p=5616"},"modified":"2023-06-08T14:25:54","modified_gmt":"2023-06-08T14:25:54","slug":"30-kogus-ve-direnis","status":"publish","type":"post","link":"https:\/\/www.uzulmez.site\/?p=5616","title":{"rendered":"Edip Polat&#8217;\u0131n G\u00f6nderdi\u011fi Bir Yaz\u0131"},"content":{"rendered":"\n<p class=\"has-large-font-size\">30. Ko\u011fu\u015f ve Direni\u015f<\/p>\n\n\n\n<p>Y\u0131l 1983\u2019\u00fcn ba\u015f\u0131. 5 nolu cezaevi idaresi yeni bir konsept ba\u015flatarak ko\u011fu\u015flarda ne kadar direngen veya \u00f6nder konumunda mahkum varsa, hepsini 36. ko\u011fu\u015fa (eski ad\u0131yla 37. ko\u011fu\u015f, yani h\u00fccrelere) topluyordu.<br>Ocak ay\u0131nda 14. ko\u011fu\u015ftan buraya yedi ki\u015fi getirildik. Kimler vard\u0131 bizden \u00f6nce? \u0130\u015fte bir ka\u00e7\u0131: Ru\u015fen Aslan, Erdal ve M\u00fcmtaz Kotan, eski bld. Ba\u015fkan\u0131 Mehdi Zana, eski milletvekili Nurettin Y\u0131lmaz, Haydar Ge\u00e7ilmez, \u00d6mer A\u011f\u0131n, Abdullah Do\u011fma, \u015e\u00fckr\u00fc G\u00f6kta\u015f, \u00d6mer \u00c7etin, Nazif Kaleli, Azmi Kaleli, Ahmet Nitelik, Kaya Karan ve ayn\u0131 davadan yarg\u0131lanan M\u00fcsl\u00fcm \u00dcz\u00fclmez vard\u0131. May\u0131s ay\u0131na kadar o ko\u011fu\u015fun de\u011fi\u015fik h\u00fccrelerinde kald\u0131k, ay\u0131n ka\u00e7\u0131yd\u0131 hat\u0131rlam\u0131yorum bir g\u00fcn hepimizi ana salona indirdiler, e\u015fyalar\u0131m\u0131z boh\u00e7alardayd\u0131. Baz\u0131lar\u0131n\u0131 ay\u0131rd\u0131lar; mesela Mehdi Zana\u2019y\u0131 eski ko\u011fu\u015funa (12. ko\u011fu\u015fa) verdiler, Nurettin Y\u0131lmaz ve Mumtaz Kotan\u2019\u0131 da ay\u0131rd\u0131lar ve ba\u015fka ko\u011fu\u015fa verdiler. Geriye 40 ki\u015fiden fazla tutuklu kalm\u0131\u015ft\u0131k. Bo\u015f ko\u011fu\u015f yoktu, yeni ko\u011fu\u015f a\u00e7\u0131lacakt\u0131. E Blokta asker yatakhanesi olarak kullan\u0131lan bir oda vard\u0131. \u00dcste\u011fmen. Ali Osman Ayd\u0131n\u2019d\u0131 \u0130\u00e7 G\u00fcvenlik Amiri, hepimizi toplad\u0131 \u201cKaya Karan ve Edip Polat, sizler ko\u011fu\u015f sorumlusu olacaks\u0131n\u0131z\u201d dedi. Bir nedenden dolay\u0131 kabul ettim, devrimci arkada\u015flara bu yetkiyi ald\u0131ktan sonra hizmet edebilecektim, bir nebze de olsa yard\u0131mc\u0131 olabilecektim. Kaya Karan e\u011fitim g\u00f6rm\u00fc\u015f, olgun, iyi bir insand\u0131. Babas\u0131 eski MBK \u00fcyelerinden Albay Muzaffer Karan\u2019d\u0131. Ancak o TKP MK \u00fcyeli\u011finden<sup>(*)<\/sup> yarg\u0131lan\u0131yordu. \u0130lk icraat, \u201cLazo\u201d gardiyan\u0131n bize \u201colup biteni mutlaka raporlama g\u00f6revi\u201d teklifi oldu ki, Kaya\u2019n\u0131n ve benim cevaplar\u0131m\u0131z ayn\u0131yd\u0131: \u201cBiz ko\u011fu\u015f sorumlulu\u011fu g\u00f6revi d\u0131\u015f\u0131nda i\u015f yapmay\u0131z, raporlamak ile ihbarc\u0131l\u0131k ayn\u0131 \u015feydir, o da bize yak\u0131\u015fmaz\u201d dedik. \u0130yi hat\u0131rl\u0131yorum ko\u011fu\u015f kap\u0131s\u0131n\u0131n \u00f6n\u00fcnde Kaya \u00f6nce \u201cben k\u0131rk ya\u015f\u0131nda adam\u0131m, bu ya\u015ftan sonra muhbirlik yapmam\u201d deyip elini \u00fcst\u00fcste koyup \u201cdayak yeme vaziyeti\u201d ald\u0131. Ard\u0131ndan da ben elimi a\u00e7t\u0131m ve bi\u2019g\u00fczel daya\u011f\u0131m\u0131z\u0131 yedikten sonra, ko\u011fu\u015f sorumlulu\u011fu g\u00f6revine ba\u015flad\u0131k. 5 nolu tarihini yazan kitaplarda okunmu\u015ftur, uygulamalar\u0131 tekrarlamak istemiyorum. Fakat di\u011fer ko\u011fu\u015flara uygulanan zorbal\u0131\u011f\u0131n birka\u00e7 kat\u0131 bize uygulan\u0131yordu. Ko\u011fu\u015fu zaman\u0131nda say\u0131m d\u00fczenine kald\u0131rmad\u0131\u011f\u0131m, iyi e\u011fitim yapt\u0131rmad\u0131\u011f\u0131m vs. gerek\u00e7elerle defalarca i\u015fkenceye al\u0131nd\u0131\u011f\u0131m\u0131 hat\u0131rl\u0131yorum. Kawa Davas\u0131\u2019ndan Celal Avc\u0131 ve Seyfettin Keye Mamak\u2019tan getirildiler, onlara uygulanan i\u015fkenceleri Naziler Yahudilere yapmam\u0131\u015ft\u0131r. Seyfettin abi \u00f6l\u00fcm d\u00f6\u015fe\u011fine d\u00fc\u015ft\u00fc, Celal neredeyse kafay\u0131 yiyordu, Lazo her defas\u0131nda onu \u00e7a\u011f\u0131r\u0131yor, dalga ge\u00e7iyor, falakaya yat\u0131r\u0131yor, kalaslarla d\u00f6v\u00fcyordu, Eyl\u00fcl Direni\u015fine kadar bu b\u00f6yle devam etti.<br>M\u00fcsl\u00fcm \u00dcz\u00fclmez TKP davas\u0131ndan yarg\u0131lanan bir arkada\u015f\u0131m\u0131zd\u0131. M\u00fcsl\u00fcm ya\u015f\u00e7a benden b\u00fcy\u00fck. Ko\u011fu\u015fta b\u00fct\u00fcn i\u015flere, i\u015fkenceleri g\u00f6ze alarak ko\u015fturan biriydi. \u0130\u015fkence g\u00f6rd\u00fc\u011f\u00fcne defalarca tan\u0131k oldum, do\u011frusu dik duru\u015fu hepimiz i\u00e7in esin kayna\u011f\u0131yd\u0131. Grubunu \u00e7ekip \u00e7evirenlerden biriydi. \u00d6zellikle pratik i\u015fleri yapmada g\u00fccenmeyen biriydi. Bu o \u015fartlarda \u00f6nemliydi, insanl\u0131\u011f\u0131n her a\u00e7\u0131dan ayaklar alt\u0131na al\u0131nd\u0131\u011f\u0131 bir d\u00f6nemde ki\u015fili\u011fi sa\u011flam tutmak \u00f6nemliydi elbet. TKP\u2019den arkada\u015flar\u0131 onu sever ve sayard\u0131, onlara da bir\u00e7ok a\u00e7\u0131dan \u00f6rnek oldu\u011funa inan\u0131yorum.<br>30. ko\u011fu\u015fu ayr\u0131nt\u0131l\u0131 anlatmak kitap kapsam\u0131nda olabilir. T\u0131pk\u0131 di\u011fer ko\u011fu\u015flarda o d\u00f6nemde yap\u0131lanlar gibi\u2026<br>G\u00fcn\u00fcn birinde bu vah\u015fete insanl\u0131k onuru dur demeyi de bildi ve 5 Eyl\u00fcl 1993\u2019te b\u00fcy\u00fck bir direni\u015f ba\u015flad\u0131. Kar\u015f\u0131m\u0131zda 27. ko\u011fu\u015f vard\u0131, pencereleri sonuna kadar a\u00e7\u0131ld\u0131 ve mahkumlar var g\u00fc\u00e7leriyle hayk\u0131rd\u0131lar \u201cyeter!\u201d diye. \u00d6l\u00fcm orucuna ba\u015flam\u0131\u015flard\u0131 ve bizim ko\u011fu\u015f ba\u015fta olmak \u00fczere bir\u00e7ok ko\u011fu\u015ftan tutuklu ve h\u00fck\u00fcml\u00fcler eylemi desteklediler. San\u0131r\u0131m PKK-Hilvan-Siverek Grubu muydu, Bozova Halfeti veya Viran\u015fehir miydi, bir grup mahkemeye \u00e7\u0131km\u0131\u015ft\u0131 ve 30. ko\u011fu\u015ftan 6 ki\u015fi o grupla birlikte \u00f6l\u00fcme yatt\u0131lar. Sonra Y\u00fczba\u015f\u0131 Abdullah Kahraman direnmememiz i\u00e7in ko\u011fu\u015flar\u0131 gezmeye g\u00fcya \u201cikna etmeye\u201d \u00e7al\u0131\u015ft\u0131 g\u00f6zerinde ve tav\u0131rlar\u0131nda bir kin yang\u0131n\u0131ndan arda kalan k\u00f6z\u00fc gizlemek istercesine. Sonra direni\u015f liderlerini Mustafa Karasu, R\u0131za Altun ve Muzaffer Ayata\u2019y\u0131 gezdirmek zorunda kald\u0131lar. O g\u00fcne kadar uygulanan kurallar yerle bir edilmi\u015fti, kimse hi\u00e7bir denilene uymamaya ba\u015flam\u0131\u015ft\u0131. Bu idareyi \u00e7\u0131lg\u0131na d\u00f6nd\u00fcrmeye yetiyordu. Ko\u011fu\u015flar\u0131n kap\u0131lar\u0131 tek tek a\u00e7\u0131ld\u0131, herkes ana salona \u00e7\u0131kar\u0131ld\u0131. B\u00fcy\u00fck masa kurulmu\u015ftu, ba\u015f\u0131nda bir subay vard\u0131 ve her tutuklu veya h\u00fck\u00fcml\u00fcye tek tek soruyordu; direniyor musun direnmiyor musun diye. Direniyorum diyenler ayr\u0131 yere, direnmiyorum diyenler ayr\u0131 yere al\u0131nd\u0131lar ve onlara \u00f6zg\u00fc ko\u011fu\u015flar tekrardan olu\u015fturuldu. M\u00fcsl\u00fcm ve arkada\u015flar\u0131 ve bizler de elbette direnenlerdendik ve ona g\u00f6re ko\u011fu\u015flara verildik. Ben 14. ko\u011fu\u015fa g\u00f6t\u00fcr\u00fcld\u00fcm. M\u00fcsl\u00fcm\u2019\u00fc hangi ko\u011fu\u015fa verdiler an\u0131msam\u0131yorum. \u0130dareciler 5 Eyl\u00fcl direni\u015finde tutuklulardan ald\u0131klar\u0131 yenilgiyi hazmedemediler. Tek tip elbise uygulamas\u0131 ba\u015flatarak, Ocak 1984\u2019te yani d\u00f6rt ay sonra b\u00fcy\u00fck sald\u0131r\u0131lar ba\u015flatt\u0131lar. Ocak Direni\u015fi olarak tarihe ge\u00e7en ve ba\u015fta Necmettin B\u00fcy\u00fckkaya olmak \u00fczere bir\u00e7ok tutuklunun \u00f6ld\u00fcr\u00fclmesiyle, onlarcas\u0131n\u0131n sakatlanmas\u0131yla sonu\u00e7lanan olaylar ba\u015flad\u0131\u2026<br>Be\u015f nolu gazileri ya\u015fad\u0131\u011f\u0131 m\u00fcddet\u00e7e, canl\u0131 tan\u0131kl\u0131k devam edecek ve T\u00fcrkiye bu ge\u00e7mi\u015fiyle hesapla\u015fmad\u0131k\u00e7a tam demokrasiye kavu\u015famayacakt\u0131r.<\/p>\n\n\n\n<p><strong>Edib POLAT<br>28 \u015eubat 2011<\/strong><\/p>\n\n\n\n<p><em><br>(*) Kaya Karan TKP Merkez Komitesi \u00fcyeli\u011finden de\u011fil, \u00fcyelikten yarg\u0131land\u0131.<\/em> <em>-M. \u00dcz\u00fclmez<\/em><\/p>\n\n\n<div class=\"taxonomy-post_tag wp-block-post-terms\"><a href=\"https:\/\/www.uzulmez.site\/?tag=30-kogus\" rel=\"tag\">30. ko\u011fu\u015f<\/a><span class=\"wp-block-post-terms__separator\">, <\/span><a href=\"https:\/\/www.uzulmez.site\/?tag=abdullah-dogma\" rel=\"tag\">abdullah do\u011fma<\/a><span class=\"wp-block-post-terms__separator\">, <\/span><a href=\"https:\/\/www.uzulmez.site\/?tag=ahmet-nitelik\" rel=\"tag\">ahmet nitelik<\/a><span class=\"wp-block-post-terms__separator\">, <\/span><a href=\"https:\/\/www.uzulmez.site\/?tag=albay-muzaffer-karan\" rel=\"tag\">albay muzaffer karan<\/a><span class=\"wp-block-post-terms__separator\">, <\/span><a href=\"https:\/\/www.uzulmez.site\/?tag=azmi-kaleli\" rel=\"tag\">azmi kaleli<\/a><span class=\"wp-block-post-terms__separator\">, <\/span><a href=\"https:\/\/www.uzulmez.site\/?tag=direnis\" rel=\"tag\">direni\u015f<\/a><span class=\"wp-block-post-terms__separator\">, <\/span><a href=\"https:\/\/www.uzulmez.site\/?tag=edib-polat\" rel=\"tag\">edib polat<\/a><span class=\"wp-block-post-terms__separator\">, <\/span><a href=\"https:\/\/www.uzulmez.site\/?tag=kaya-karan\" rel=\"tag\">Kaya Karan<\/a><span class=\"wp-block-post-terms__separator\">, <\/span><a href=\"https:\/\/www.uzulmez.site\/?tag=lazo\" rel=\"tag\">lazo<\/a><span class=\"wp-block-post-terms__separator\">, <\/span><a href=\"https:\/\/www.uzulmez.site\/?tag=mehdi-zana\" rel=\"tag\">Mehdi Zana<\/a><span class=\"wp-block-post-terms__separator\">, <\/span><a href=\"https:\/\/www.uzulmez.site\/?tag=mumtaz-kotan\" rel=\"tag\">mumtaz kotan<\/a><span class=\"wp-block-post-terms__separator\">, <\/span><a href=\"https:\/\/www.uzulmez.site\/?tag=muzaffer-ayata\" rel=\"tag\">Muzaffer Ayata<\/a><span class=\"wp-block-post-terms__separator\">, <\/span><a href=\"https:\/\/www.uzulmez.site\/?tag=nazif-kaleli\" rel=\"tag\">nazif kaleli<\/a><span class=\"wp-block-post-terms__separator\">, <\/span><a href=\"https:\/\/www.uzulmez.site\/?tag=nurettin-yilmaz\" rel=\"tag\">nurettin y\u0131lmaz<\/a><span class=\"wp-block-post-terms__separator\">, <\/span><a href=\"https:\/\/www.uzulmez.site\/?tag=omer-agin\" rel=\"tag\">\u00f6mer a\u011f\u0131n<\/a><span class=\"wp-block-post-terms__separator\">, <\/span><a href=\"https:\/\/www.uzulmez.site\/?tag=omer-cetin\" rel=\"tag\">\u00f6mer \u00e7etin<\/a><span class=\"wp-block-post-terms__separator\">, <\/span><a href=\"https:\/\/www.uzulmez.site\/?tag=riza-altun\" rel=\"tag\">R\u0131za Altun<\/a><span class=\"wp-block-post-terms__separator\">, <\/span><a href=\"https:\/\/www.uzulmez.site\/?tag=rusen-aslan\" rel=\"tag\">ru\u015fen aslan<\/a><span class=\"wp-block-post-terms__separator\">, <\/span><a href=\"https:\/\/www.uzulmez.site\/?tag=seyfettin-keye\" rel=\"tag\">seyfettin keye<\/a><span class=\"wp-block-post-terms__separator\">, <\/span><a href=\"https:\/\/www.uzulmez.site\/?tag=sukru-goktas\" rel=\"tag\">\u015f\u00fckr\u00fc g\u00f6kta\u015f<\/a><span class=\"wp-block-post-terms__separator\">, <\/span><a href=\"https:\/\/www.uzulmez.site\/?tag=ustegmen-ali-osman-aydin\" rel=\"tag\">\u00fcste\u011fmen. ali osman ayd\u0131n<\/a><\/div>","protected":false},"excerpt":{"rendered":"<p>30. Ko\u011fu\u015f ve Direni\u015f Y\u0131l 1983\u2019\u00fcn ba\u015f\u0131. 5 nolu cezaevi idaresi yeni bir konsept ba\u015flatarak ko\u011fu\u015flarda ne kadar direngen veya \u00f6nder konumunda mahkum varsa, hepsini 36. ko\u011fu\u015fa (eski ad\u0131yla 37. ko\u011fu\u015f, yani h\u00fccrelere) topluyordu.Ocak ay\u0131nda 14. ko\u011fu\u015ftan buraya yedi ki\u015fi getirildik. Kimler vard\u0131 bizden \u00f6nce? \u0130\u015fte bir ka\u00e7\u0131: Ru\u015fen Aslan, Erdal ve M\u00fcmtaz Kotan, eski bld. Ba\u015fkan\u0131 Mehdi Zana, eski milletvekili Nurettin Y\u0131lmaz, Haydar Ge\u00e7ilmez, \u00d6mer A\u011f\u0131n, Abdullah Do\u011fma, \u015e\u00fckr\u00fc G\u00f6kta\u015f, \u00d6mer \u00c7etin, Nazif Kaleli, Azmi Kaleli, Ahmet Nitelik, Kaya Karan ve ayn\u0131 davadan yarg\u0131lanan M\u00fcsl\u00fcm \u00dcz\u00fclmez vard\u0131. May\u0131s ay\u0131na kadar o ko\u011fu\u015fun de\u011fi\u015fik h\u00fccrelerinde kald\u0131k, ay\u0131n ka\u00e7\u0131yd\u0131 hat\u0131rlam\u0131yorum bir<\/p>\n","protected":false},"author":2,"featured_media":0,"comment_status":"open","ping_status":"open","sticky":false,"template":"","format":"standard","meta":{"footnotes":""},"categories":[3403],"tags":[3355,3346,3350,3351,3342,3353,3339,3235,3347,1465,3341,2113,3340,3354,3345,3352,2111,3349,3343,3348,3344],"class_list":["post-5616","post","type-post","status-publish","format-standard","hentry","category-plus","tag-30-kogus","tag-abdullah-dogma","tag-ahmet-nitelik","tag-albay-muzaffer-karan","tag-azmi-kaleli","tag-direnis","tag-edib-polat","tag-kaya-karan","tag-lazo","tag-mehdi-zana","tag-mumtaz-kotan","tag-muzaffer-ayata","tag-nazif-kaleli","tag-nurettin-yilmaz","tag-omer-agin","tag-omer-cetin","tag-riza-altun","tag-rusen-aslan","tag-seyfettin-keye","tag-sukru-goktas","tag-ustegmen-ali-osman-aydin"],"_links":{"self":[{"href":"https:\/\/www.uzulmez.site\/index.php?rest_route=\/wp\/v2\/posts\/5616","targetHints":{"allow":["GET"]}}],"collection":[{"href":"https:\/\/www.uzulmez.site\/index.php?rest_route=\/wp\/v2\/posts"}],"about":[{"href":"https:\/\/www.uzulmez.site\/index.php?rest_route=\/wp\/v2\/types\/post"}],"author":[{"embeddable":true,"href":"https:\/\/www.uzulmez.site\/index.php?rest_route=\/wp\/v2\/users\/2"}],"replies":[{"embeddable":true,"href":"https:\/\/www.uzulmez.site\/index.php?rest_route=%2Fwp%2Fv2%2Fcomments&post=5616"}],"version-history":[{"count":3,"href":"https:\/\/www.uzulmez.site\/index.php?rest_route=\/wp\/v2\/posts\/5616\/revisions"}],"predecessor-version":[{"id":5688,"href":"https:\/\/www.uzulmez.site\/index.php?rest_route=\/wp\/v2\/posts\/5616\/revisions\/5688"}],"wp:attachment":[{"href":"https:\/\/www.uzulmez.site\/index.php?rest_route=%2Fwp%2Fv2%2Fmedia&parent=5616"}],"wp:term":[{"taxonomy":"category","embeddable":true,"href":"https:\/\/www.uzulmez.site\/index.php?rest_route=%2Fwp%2Fv2%2Fcategories&post=5616"},{"taxonomy":"post_tag","embeddable":true,"href":"https:\/\/www.uzulmez.site\/index.php?rest_route=%2Fwp%2Fv2%2Ftags&post=5616"}],"curies":[{"name":"wp","href":"https:\/\/api.w.org\/{rel}","templated":true}]}}