{"id":5478,"date":"2011-09-22T19:52:00","date_gmt":"2011-09-22T19:52:00","guid":{"rendered":"https:\/\/www.uzulmez.site\/?p=5478"},"modified":"2023-07-02T10:35:53","modified_gmt":"2023-07-02T10:35:53","slug":"yoldas-olan-kocero","status":"publish","type":"post","link":"https:\/\/www.uzulmez.site\/?p=5478","title":{"rendered":"\u201cYolda\u015f\u201d Olan Ko\u00e7ero!"},"content":{"rendered":"\n<p class=\"has-large-font-size\"><strong>Edip Polat<\/strong><\/p>\n\n\n\n<p>\u201cYolda\u015f Ko\u00e7ero\u201d ad\u0131 ilk etapta \u201cKo\u00e7ero\u2019nun yolda\u015f olan\u0131 da m\u0131 var?\u201d diye bir soruyla kar\u015f\u0131lanabilir bildi\u011fimiz \u201cKo\u00e7ero\u201dn\u0131n \u00f6zelliklerinden&#8230; Ama bu bir kitap ad\u0131, hem de bir kom\u00fcnistin an\u0131lar\u0131.<\/p>\n\n\n\n<p>Yak\u0131n tarih yaz\u0131m\u0131n\u0131n biraz da an\u0131lardan olu\u015faca\u011f\u0131 muhakkak, bu y\u00fczden yazar M\u00fcsl\u00fcm \u00dcz\u00fclmez\u2019in bu an\u0131 kitab\u0131 ayn\u0131 zamanda devrimci hareketin geli\u015fiminin aynas\u0131.<\/p>\n\n\n\n<p>M\u00fcsl\u00fcm benim 5 noluda, o nefessiz ortamda, o \u201cfa\u015fist sunum\u201d g\u00fcnlerindeki ko\u011fu\u015f arkada\u015f\u0131m. Burada ge\u00e7en g\u00fcnlerin bir k\u0131sm\u0131n\u0131 da kitab\u0131na alm\u0131\u015f, bizden baz\u0131 an\u0131lar eklemi\u015f, ellerine sa\u011fl\u0131k. \u00dcz\u00fclmez\u2019in kitab\u0131 devrimci tarihe, alternatif tarihe katk\u0131d\u0131r diyoruz ama, asl\u0131nda daha \u00e7ok da bir TKP tarihidir yazar\u0131n\u0131n \u00f6zel konumundan, eski bir TKP \u00fcyesi olmas\u0131ndan dolay\u0131. TKP bu \u00fclkenin en \u00f6nemli g\u00fcc\u00fcyd\u00fc, en eski illegal yap\u0131 ve en k\u00f6kl\u00fc bir hareketiydi. T\u0130P, TS\u0130P, SDP, Vatan Partisi vs. bir\u00e7ok yasal veya illegal \u00f6rg\u00fct asl\u0131nda TKP k\u00f6kenlidirler, y\u00f6neticileri eski TKP\u2019lidir. Kolay de\u011fil, ta 1920\u2019lerden, Mustafa Suphiler\u2019den 1990\u2019lara kadar bir gelene\u011fi ya\u015fatmak, T\u00fcrkiye gibi askeri vesayetin a\u011f\u0131r bast\u0131\u011f\u0131 bir devletin varl\u0131\u011f\u0131nda \u0131srarla kom\u00fcnist faaliyet y\u00fcr\u00fctmek. Zor ve zahmetli, d\u00fc\u015fe kalka, ini\u015fli \u00e7\u0131k\u0131\u015fl\u0131 y\u0131llar\u0131, zor zamanlar\u0131 kendi \u00f6znelinde iyi anlatm\u0131\u015f \u00dcz\u00fclmez. Onun yorumunu yolda\u015flar\u0131 yapar elbet. Ben biraz yeri gelmi\u015fken 5 noludan s\u00f6z etmek isterim. Bir\u00e7ok ki\u015fi yazd\u0131, \u00e7izdi; fakat bu kirli tarih yazmakla bitmiyor, bitmez de. \u015eu ana kadar o vah\u015fet g\u00fcnlerinden bahseden onlarca kitap, y\u00fczlerce dergi sayfas\u0131 dok\u00fcman yay\u0131nland\u0131, ancak hala anlat\u0131lmayan \u015feylerin oldu\u011funu ge\u00e7en g\u00fcn yapt\u0131\u011f\u0131m\u0131z bir toplant\u0131da (78\u2019liler Diyarbak\u0131r Grubunun toplant\u0131s\u0131nda) anlad\u0131m. Bir Liceli vatanda\u015f yan\u0131ma oturdu, hen\u00fcz tan\u0131\u015fm\u0131\u015ft\u0131k, ba\u015flad\u0131 anlatmaya. Onu Ermeni diye lanse etmeye \u00e7al\u0131\u015fm\u0131\u015flar. Sonradan \u00f6\u011frendim s\u00fcnneti tam yap\u0131lmad\u0131\u011f\u0131ndan! Vatanda\u015f zengin, ama 5 noluda zenginlik para etmiyor, yani para para etmiyor! \u00d6zel i\u015fkence uygulan\u0131yor ona. \u015eimdiye kadar okumad\u0131\u011f\u0131m\u0131z t\u00fcrlerinden. O anmada 30 ki\u015fi G\u00dcN TV program\u0131 i\u00e7in topland\u0131 ve \u00e7ekim yap\u0131ld\u0131, herkes her \u00e7e\u015fit i\u015fkenceyi ayr\u0131 anlat\u0131yor, hepsinin \u00fczerinde o izler, herkes sa\u00e7\u0131 ba\u015f\u0131 beyazlatm\u0131\u015f art\u0131k, ama hala birbirine benziyor. Biri kalk\u0131p diyor ki, \u201c\u015fu an K\u00fcrtlere yap\u0131lan 5 noludakinin geni\u015fletilmi\u015f halidir.\u201d Biz ise otuz y\u0131ld\u0131r oran\u0131n izlerini \u00fczerimizden atamad\u0131k! 5 noluda yatanlar olarak su\u00e7 duyurusunda bulunmu\u015fuz, kimi adli t\u0131pa g\u00f6nderilmi\u015f rapor almak i\u00e7in. Otuz y\u0131l sonra iz mi kal\u0131r? Otuz y\u0131lda bir insan s\u0131f\u0131rdan \u00fcrer be! \u0130zlerin hepsi kalpte, beyinde, r\u00fcyalarda, ruh d\u00fcnyas\u0131nda, duyguda, d\u00fc\u015f\u00fcncede, an\u0131larda, tekrarlanan ac\u0131larda\u2026 30 y\u0131l sonra a\u011fz\u0131n\u0131 a\u00e7an, \u201cbir g\u00fcn, \u2026 ko\u011fu\u015fun havaland\u0131rmas\u0131nday\u0131z\u2026\u201d diye ba\u015fl\u0131yor dertli \u00f6yk\u00fcs\u00fcne. Her ko\u011fu\u015fta ayr\u0131 i\u015fkenceler. Mesela M\u00fcsl\u00fcm \u00dcz\u00fclmez\u2019in de anlatt\u0131\u011f\u0131, bizim 30. ko\u011fu\u015fta g\u00f6rd\u00fc\u011f\u00fcm\u00fcz \u201cyanan sigaray\u0131 yedirme i\u015fkencesi\u201d var. Anlat\u0131larda hi\u00e7bir ko\u011fu\u015fta rastlamad\u0131m. Sigara yedirildi\u011fi zaman, \u00f6nce mahkumun a\u011fz\u0131 yanar ate\u015fi s\u00f6nene kadar, sonra mideye t\u00fct\u00fcn iner, sanc\u0131 ise \u00e7ok sonra ba\u015flar a\u011f\u0131r a\u011f\u0131r.<\/p>\n\n\n\n<p>D\u0131\u015far\u0131 \u00e7\u0131kt\u0131ktan sonra \u00e7\u0131ld\u0131ranlar\u0131 kim\/kimler yazabildi? Kim sonradan \u00f6lenlerin ka\u00e7 ki\u015fi oldu\u011funu biliyor? Benim bildi\u011fim, bizzat tan\u0131d\u0131\u011f\u0131m bir\u00e7ok ki\u015fi var, \u00e7ok sonra delirdiler, bir iki y\u0131l sonra da aram\u0131zdan g\u00f6\u00e7t\u00fcler, ald\u0131klar\u0131 yaralar, kapt\u0131klar\u0131 hastal\u0131klar izin vermedi daha fazla ya\u015famalar\u0131na; O elli ki\u015finin \u00fczerine bunlar\u0131n eklenmesi gerekmiyor mu? Elbette, ama kim ara\u015ft\u0131racak ve nas\u0131l tespit edecek?<\/p>\n\n\n\n<p>M\u00fcsl\u00fcm anlatt\u0131, Kaya ile beraber (Kaya Karan) 30 ko\u011fu\u015fta ne i\u015fkenceler \u00e7ektik 5 Eyl\u00fcl direni\u015fi patlak verinceye kadar. Hepsini anlatmaya g\u00fcc\u00fcm yok, gerek de yok. Ko\u011fu\u015ftaki arkada\u015flar\u0131 i\u00e7in sorumlu olarak dayak yemek ba\u015fka bir onur olsa gerek.&nbsp; M\u00fcsl\u00fcm dile getirmi\u015f, bu arada onun dik duru\u015funu da kutlar\u0131m yeniden.<\/p>\n\n\n\n<p>\u0130\u015fte \u015fimdi bunlar\u0131 yazma g\u00fcc\u00fc ta\u015f\u0131yorsak hala, toplumdaki di\u011fer bireylerden \u201ceksiltmemi\u015flerse\u201d bizi, o duru\u015fumuzdand\u0131r.<\/p>\n\n\n\n<p>Yolda\u015f Ko\u00e7ero\u2019nun yazar\u0131 belli ki iyi bir g\u00f6zlemci, eline sa\u011fl\u0131k tekrar M\u00fcsl\u00fcm \u00dcz\u00fclmez.<\/p>\n\n\n\n<p><strong>Yolda\u015f Ko\u00e7ero, M\u00fcsl\u00fcm \u00dcz\u00fclmez, T\u00fcstav Yay\u0131nlar\u0131, \u00abSar\u0131 Defter\u00bb Dizisi, \u0130stanbul, 2011.<\/strong><\/p>\n\n\n\n<p><strong>Newroz Gazetesi<\/strong><br>Tarih: 22.09.2011, Say\u0131: 187.<\/p>\n\n\n<div class=\"taxonomy-post_tag wp-block-post-terms\"><a href=\"https:\/\/www.uzulmez.site\/?tag=78liler-diyarbakir-grubu\" rel=\"tag\">78\u2019liler Diyarbak\u0131r Grubu<\/a><span class=\"wp-block-post-terms__separator\">, <\/span><a href=\"https:\/\/www.uzulmez.site\/?tag=diyarbakir-5-nolu\" rel=\"tag\">diyarbak\u0131r 5 no&#039;lu<\/a><span class=\"wp-block-post-terms__separator\">, <\/span><a href=\"https:\/\/www.uzulmez.site\/?tag=edip-polat\" rel=\"tag\">Edip Polat<\/a><span class=\"wp-block-post-terms__separator\">, <\/span><a href=\"https:\/\/www.uzulmez.site\/?tag=gun-tv\" rel=\"tag\">G\u00dcN TV<\/a><span class=\"wp-block-post-terms__separator\">, <\/span><a href=\"https:\/\/www.uzulmez.site\/?tag=kaya-karan\" rel=\"tag\">Kaya Karan<\/a><span class=\"wp-block-post-terms__separator\">, <\/span><a href=\"https:\/\/www.uzulmez.site\/?tag=mustafa-suphiler\" rel=\"tag\">Mustafa Suphiler<\/a><span class=\"wp-block-post-terms__separator\">, <\/span><a href=\"https:\/\/www.uzulmez.site\/?tag=newroz-gazetesi\" rel=\"tag\">Newroz Gazetesi<\/a><span class=\"wp-block-post-terms__separator\">, <\/span><a href=\"https:\/\/www.uzulmez.site\/?tag=sdp\" rel=\"tag\">SDP<\/a><span class=\"wp-block-post-terms__separator\">, <\/span><a href=\"https:\/\/www.uzulmez.site\/?tag=tip-2\" rel=\"tag\">T\u0130P<\/a><span class=\"wp-block-post-terms__separator\">, <\/span><a href=\"https:\/\/www.uzulmez.site\/?tag=tkp\" rel=\"tag\">tkp<\/a><span class=\"wp-block-post-terms__separator\">, <\/span><a href=\"https:\/\/www.uzulmez.site\/?tag=tsip\" rel=\"tag\">TS\u0130P<\/a><span class=\"wp-block-post-terms__separator\">, <\/span><a href=\"https:\/\/www.uzulmez.site\/?tag=tustav-yayinlari\" rel=\"tag\">T\u00fcstav Yay\u0131nlar\u0131<\/a><span class=\"wp-block-post-terms__separator\">, <\/span><a href=\"https:\/\/www.uzulmez.site\/?tag=vatan-partis\" rel=\"tag\">Vatan Partis<\/a><span class=\"wp-block-post-terms__separator\">, <\/span><a href=\"https:\/\/www.uzulmez.site\/?tag=yoldas-kocero\" rel=\"tag\">yolda\u015f ko\u00e7ero<\/a><\/div>","protected":false},"excerpt":{"rendered":"<p>Edip Polat \u201cYolda\u015f Ko\u00e7ero\u201d ad\u0131 ilk etapta \u201cKo\u00e7ero\u2019nun yolda\u015f olan\u0131 da m\u0131 var?\u201d diye bir soruyla kar\u015f\u0131lanabilir bildi\u011fimiz \u201cKo\u00e7ero\u201dn\u0131n \u00f6zelliklerinden&#8230; Ama bu bir kitap ad\u0131, hem de bir kom\u00fcnistin an\u0131lar\u0131. Yak\u0131n tarih yaz\u0131m\u0131n\u0131n biraz da an\u0131lardan olu\u015faca\u011f\u0131 muhakkak, bu y\u00fczden yazar M\u00fcsl\u00fcm \u00dcz\u00fclmez\u2019in bu an\u0131 kitab\u0131 ayn\u0131 zamanda devrimci hareketin geli\u015fiminin aynas\u0131. M\u00fcsl\u00fcm benim 5 noluda, o nefessiz ortamda, o \u201cfa\u015fist sunum\u201d g\u00fcnlerindeki ko\u011fu\u015f arkada\u015f\u0131m. Burada ge\u00e7en g\u00fcnlerin bir k\u0131sm\u0131n\u0131 da kitab\u0131na alm\u0131\u015f, bizden baz\u0131 an\u0131lar eklemi\u015f, ellerine sa\u011fl\u0131k. \u00dcz\u00fclmez\u2019in kitab\u0131 devrimci tarihe, alternatif tarihe katk\u0131d\u0131r diyoruz ama, asl\u0131nda daha \u00e7ok da bir TKP tarihidir yazar\u0131n\u0131n \u00f6zel konumundan, eski bir<\/p>\n","protected":false},"author":2,"featured_media":0,"comment_status":"open","ping_status":"open","sticky":false,"template":"","format":"standard","meta":{"footnotes":""},"categories":[1321],"tags":[3231,290,3229,3233,3235,3232,3227,3228,2727,138,3230,3234,3226,1323],"class_list":["post-5478","post","type-post","status-publish","format-standard","hentry","category-basinda","tag-78liler-diyarbakir-grubu","tag-diyarbakir-5-nolu","tag-edip-polat","tag-gun-tv","tag-kaya-karan","tag-mustafa-suphiler","tag-newroz-gazetesi","tag-sdp","tag-tip-2","tag-tkp","tag-tsip","tag-tustav-yayinlari","tag-vatan-partis","tag-yoldas-kocero"],"_links":{"self":[{"href":"https:\/\/www.uzulmez.site\/index.php?rest_route=\/wp\/v2\/posts\/5478","targetHints":{"allow":["GET"]}}],"collection":[{"href":"https:\/\/www.uzulmez.site\/index.php?rest_route=\/wp\/v2\/posts"}],"about":[{"href":"https:\/\/www.uzulmez.site\/index.php?rest_route=\/wp\/v2\/types\/post"}],"author":[{"embeddable":true,"href":"https:\/\/www.uzulmez.site\/index.php?rest_route=\/wp\/v2\/users\/2"}],"replies":[{"embeddable":true,"href":"https:\/\/www.uzulmez.site\/index.php?rest_route=%2Fwp%2Fv2%2Fcomments&post=5478"}],"version-history":[{"count":2,"href":"https:\/\/www.uzulmez.site\/index.php?rest_route=\/wp\/v2\/posts\/5478\/revisions"}],"predecessor-version":[{"id":6772,"href":"https:\/\/www.uzulmez.site\/index.php?rest_route=\/wp\/v2\/posts\/5478\/revisions\/6772"}],"wp:attachment":[{"href":"https:\/\/www.uzulmez.site\/index.php?rest_route=%2Fwp%2Fv2%2Fmedia&parent=5478"}],"wp:term":[{"taxonomy":"category","embeddable":true,"href":"https:\/\/www.uzulmez.site\/index.php?rest_route=%2Fwp%2Fv2%2Fcategories&post=5478"},{"taxonomy":"post_tag","embeddable":true,"href":"https:\/\/www.uzulmez.site\/index.php?rest_route=%2Fwp%2Fv2%2Ftags&post=5478"}],"curies":[{"name":"wp","href":"https:\/\/api.w.org\/{rel}","templated":true}]}}