{"id":5476,"date":"2011-09-28T19:29:00","date_gmt":"2011-09-28T19:29:00","guid":{"rendered":"https:\/\/www.uzulmez.site\/?p=5476"},"modified":"2023-06-05T19:20:13","modified_gmt":"2023-06-05T19:20:13","slug":"yoldas-kocero-2","status":"publish","type":"post","link":"https:\/\/www.uzulmez.site\/?p=5476","title":{"rendered":"Yolda\u015f Ko\u00e7ero"},"content":{"rendered":"\n<p class=\"has-large-font-size\"><strong>Nurettin De\u011firmenci<\/strong><\/p>\n\n\n\n<p><strong>Papa Pius kom\u00fcnizme sava\u015f a\u00e7t\u0131, Kom\u00fcnist Parti&#8217;ye \u00fcye olanlar\u0131n aforoz edilece\u011fini s\u00f6yledi. (13.7.1949)<\/strong><\/p>\n\n\n\n<p>Adalet Partisi Antalya Milletvekili \u0130hsan Ata\u00f6v, &#8220;Milliyet\u00e7i \u00f6\u011fretmenler ayakland\u0131\u011f\u0131 g\u00fcn i\u00e7im m\u00fcsterih olacakt\u0131r. \u00d6lenler \u015fehit, kalanlar gazi say\u0131lacakt\u0131r&#8221; dedi. (23.5.1965)<\/p>\n\n\n\n<p>12 Eyl\u00fcl\u201d\u00fcn k\u00f6klerini derinlerde aramak gerekir.<\/p>\n\n\n\n<p>Sevgili M\u00fcsl\u00fcm \u00dcz\u00fclmez\u201din an\u0131 kitab\u0131 Yolda\u015f Ko\u00e7ero insan\u0131 ge\u00e7mi\u015fteki ac\u0131 olaylar\u0131n tekrar i\u00e7ine s\u00fcr\u00fckl\u00fcyor.<\/p>\n\n\n\n<p>Ger\u00e7eklerden ka\u00e7mak, onlar\u0131 uygun ko\u015fullarda yeniden ya\u015famak anlam\u0131na gelir. Ge\u00e7mi\u015fteki ac\u0131-tatl\u0131 an\u0131lar\u0131 insanlarla payla\u015fmak b\u00fcy\u00fck g\u00f6revdir.<\/p>\n\n\n\n<p>12 Eyl\u00fcl Hareketi ve neden oldu\u011fu y\u0131k\u0131mlar de\u011fi\u015fik a\u00e7\u0131lardan inceleniyor. B\u00fct\u00fcn olu\u015fumlar ihtiya\u00e7 ve tepki sonucu ortaya \u00e7\u0131kar. Neden geri toplumlarda i\u015fkenceye ihtiya\u00e7 olu\u015fuyor?<\/p>\n\n\n\n<p>G\u00fcn\u00fcm\u00fczde b\u00fct\u00fcn Afrika, Ortado\u011fu, G\u00fcney Asya ve Latin Amerika toplumlar\u0131nda i\u015fkence vard\u0131r. Baz\u0131 d\u00f6nemlerde i\u015fkencenin miktar\u0131 ve \u015fiddeti artar, baz\u0131 d\u00f6nemlerde k\u0131smen azal\u0131r ama d\u00fc\u015f\u00fcnsel ve fiziksel i\u015fkenceler devam eder.<\/p>\n\n\n\n<p>17. Y\u00fczy\u0131lda, Bat\u0131l\u0131 toplumlarda bilgi, beceri, ara\u00e7-gere\u00e7 birikimi, \u00e7al\u0131\u015f\u0131p \u00fcretmenin g\u00f6receli olarak yayg\u0131nla\u015fmas\u0131 sonucu yeni kurallara ihtiya\u00e7 olu\u015fur.<\/p>\n\n\n\n<p>1-Do\u011fa yasalar\u0131n\u0131n ke\u015ffi ba\u015flar; Evrenin yasalarla sevk ve idare edildi\u011fi d\u00fc\u015f\u00fcncesi Bat\u0131l\u0131 \u00fclkelerde belleklere yerle\u015fir.<\/p>\n\n\n\n<p>2-Baz\u0131 dahiler, \u201cEvrenin do\u011fal yasalar\u0131 var ise insan toplumlar\u0131n\u0131n da do\u011fal yasalar\u0131 olmas\u0131 gerekir\u201d d\u00fc\u015f\u00fcncesini i\u015flemeye ba\u015flar. \u00d6rne\u011fin, Grotius, <strong>Sava\u015f ve Bar\u0131\u015f Hukuku<\/strong> kitab\u0131nda sava\u015flar\u0131n kurallar\u0131n\u0131n olmas\u0131 gerekti\u011fini vurgular. Arkas\u0131ndan bilgeler insan\u0131n do\u011fal g\u00f6revleri ve haklar\u0131 konusunda kal\u0131c\u0131 \u00e7al\u0131\u015fmalar yaparlar. Montesquieu, J.J. Rousseau ayr\u0131nt\u0131l\u0131 toplum kurallar\u0131 konusunda kal\u0131c\u0131 eserler yarat\u0131rlar.&nbsp;<\/p>\n\n\n\n<p>Bat\u0131l\u0131 \u00fclkelerde; \u00fcr\u00fcn art\u0131\u015f\u0131, &nbsp;evrensel yasalar\u0131n belleklere egemen olmas\u0131 ile insan de\u011ferli olur. Sonu\u00e7ta: evrensel insani de\u011ferlere ihtiya\u00e7, ilkel y\u00f6netimlere tepki olu\u015fur.<\/p>\n\n\n\n<p>A-Ortado\u011fu, Afrika, G\u00fcney Asya ve Latin Amerika\u2019da yeterli bilgi, beceri, ara\u00e7-gere\u00e7 birikimi olmaz, \u00e7al\u0131\u015f\u0131p \u00fcretme yayg\u0131nla\u015fmaz.<\/p>\n\n\n\n<p>B-Evrensel do\u011fa yasalar\u0131na, insani yasalara, evrensel \u00f6l\u00e7\u00fclere, evrensel mant\u0131k ve y\u00f6nteme, evrensel kurumlara, evrensel insani de\u011ferlere ihtiya\u00e7 olmad\u0131\u011f\u0131 gibi tepki olu\u015fur.<\/p>\n\n\n\n<p>Sonu\u00e7ta: Ortado\u011fu, Afrika, G\u00fcney ve \u0130\u00e7 Asya, Latin Amerika\u2019da ilkel y\u00f6netimler s\u00fcrd\u00fcr\u00fcl\u00fcr.<\/p>\n\n\n\n<p>G\u00fcn\u00fcm\u00fczde, T\u00fcrkiye\u2019de, onlarca Yolda\u015f Ko\u00e7ero yay\u0131nlanabiliyorsa; bunu, olumlu d\u0131\u015f etkilere, T\u00fcrkiye\u2019deki bilgi, beceri, ara\u00e7-gere\u00e7 birikimi ile \u00e7al\u0131\u015f\u0131p \u00fcretmenin yayg\u0131nla\u015fmas\u0131na ba\u011flamam\u0131z gerekir. Sadece d\u0131\u015f etkilerle toplumlara insani de\u011ferler yerle\u015femez. \u00dcr\u00fcn\u00fcn insandan de\u011ferli oldu\u011fu toplumlarda insani de\u011ferlerden s\u00f6z edilemez.<\/p>\n\n\n\n<p>Etki-Tepki Yasas\u0131 gere\u011fi, 12 Eyl\u00fcl D\u00f6neminde sert etkilerle kar\u015f\u0131la\u015fm\u0131\u015f olanlar de\u011fi\u015fik bi\u00e7imlerde tepkilerini sergiliyorlar.<\/p>\n\n\n\n<p>I-Ge\u00e7ici tepkiler olur; buharla\u015f\u0131r u\u00e7ar.<\/p>\n\n\n\n<p>II-Kal\u0131c\u0131 tepkiler olur; as\u0131rlarca etkisini s\u00fcrd\u00fcr\u00fcr. Yolda\u015f Ko\u00e7ero kal\u0131c\u0131 ve olumlu bir tepkidir.<\/p>\n\n\n\n<p><strong>&#8220;Tokat att\u0131\u011f\u0131n\u0131zda size kar\u015f\u0131l\u0131k vermeyen adamdan korkun; sizi asla ba\u011f\u0131\u015flamayaca\u011f\u0131 gibi, onu ba\u011f\u0131\u015flaman\u0131za da asla imk\u00e2n vermez.&#8221; Bernard Shaw.<\/strong><\/p>\n\n\n\n<p><em>&#8220;Korkma, giderken bir tek &#8220;b&#8221;yi al\u0131yorum,<br>Gerisini sana b\u0131rak\u0131yorum.<br>Ne de olsa sen bitirdin b\/izi.<br>\u00d6yleyse, sende kalmal\u0131 izi. &#8221; Naz\u0131m Hikmet.<\/em><\/p>\n\n\n\n<p>12 Eyl\u00fcl D\u00f6neminde a\u011f\u0131r i\u015fkencelere katlananlar belleksel ve bedensel zararlara u\u011frad\u0131lar. Buna kar\u015f\u0131l\u0131k y\u00f6neticiler, \u201cTepeden t\u0131rna\u011fa\u201d de\u011fi\u015fik ki\u015fisel kazan\u00e7lar edindiler. \u00d6rne\u011fin, pek \u00e7ok akraba yak\u0131nlar\u0131n\u0131n dosyalar\u0131na para ile m\u00fcdahale ettiler.<\/p>\n\n\n\n<p>Sonu\u00e7ta: T\u00fcrkiye\u2019yi kurtarmaya \u00e7al\u0131\u015fanlar \u00f6zg\u00fcr vatanda\u015flara sava\u015f a\u00e7t\u0131lar.<\/p>\n\n\n\n<p>As\u0131rlar \u00f6nce \u00c7i\u00e7ero, <strong>&#8220;Sava\u015fta yasalar susar.&#8221; Der.<\/strong><\/p>\n\n\n\n<p><strong>T\u00fcrkiye\u2019de susan yasalarla h\u0131rs\u0131z ve a\u015fa\u011f\u0131l\u0131k y\u00f6neticiler<\/strong>; ceplerini doldurup kendilerini kurtard\u0131lar, vatanda\u015flara i\u015fkence ettiler, T\u00fcrkiye\u2019deki resmi kurumlar\u0131 i\u015flemez hale getirdiler.<\/p>\n\n\n\n<p><strong>&#8220;Sava\u015f\u0131n ilk \u015fehidi, ak\u0131l, vicdan ve hakikattir.&#8221; Aiskhylos<\/strong><\/p>\n\n\n\n<p>1-Resmi kurumlar \u00e7\u00f6kt\u00fc ve \u00e7eteler kurumlar\u0131 ele ge\u00e7irdi. \u00d6rne\u011fin, g\u00fcn\u00fcm\u00fczde, yarg\u0131\u00e7lar\u0131n y\u00fczde altm\u0131\u015f\u0131 (%60) ald\u0131klar\u0131 r\u00fc\u015fvetle orant\u0131l\u0131 karar var\u0131yorlar.<\/p>\n\n\n\n<p>2-\u201cPara! Para! Para!\u201d diyen, bir nesil ortaya \u00e7\u0131kt\u0131.<\/p>\n\n\n\n<p><strong>&#8220;Para her eylemi yapt\u0131r\u0131r diyen adam, para i\u00e7in her eylemi yapar.&#8221; Benjamin Franklin<\/strong><\/p>\n\n\n\n<p>12 Eyl\u00fcl\u2019den sonra T\u00fcrkiye\u2019de d\u00fc\u015f\u00fck miktarl\u0131 para ile her eylem yap\u0131l\u0131r oldu.<\/p>\n\n\n\n<p>Doktrinler do\u011faya a\u00e7\u0131lan pencerelerdir. Bir tek doktrin \u00fczerinden do\u011faya bakanlar ise bakan k\u00f6rlerdir. B\u00f6yleleri en yak\u0131nlar\u0131na bile d\u00fc\u015fman olabilir, rahatl\u0131kla i\u015fkence yapt\u0131r\u0131r, insanlar\u0131 \u00f6ld\u00fcrtebilirler.<\/p>\n\n\n\n<p>12 Eyl\u00fcl D\u00f6neminde b\u00fct\u00fcn y\u00f6neticiler h\u0131rs\u0131z, r\u00fc\u015fvet\u00e7i olamazd\u0131 (R\u00fc\u015fvete kar\u015f\u0131 olduklar\u0131ndan de\u011fil); buna olanak yoktur.&nbsp; B\u00f6yleleri, \u201cT\u00fcrk! T\u00fcrk\u00e7\u00fcl\u00fck! Vatan! Millet!\u201d yaygaralar\u0131, \u0130ttihat ve Terakki felsefesi ile kendi kendilerini aldat\u0131p teselli etiler, i\u015fkencelere alet oldular.<\/p>\n\n\n\n<p>T\u00fcrkiye\u2019ye milliyet\u00e7ilik doktrini ithal olarak girmi\u015ftir. \u0130thal milliyet\u00e7ili\u011fe g\u00f6re, farkl\u0131 din, mezhep, etnik k\u00f6kenliler, de\u011fi\u015fik doktrinlere sahip olanlar d\u00fc\u015fman kabul edilir ve her t\u00fcrl\u00fc bask\u0131 ile i\u015fkenceye lay\u0131k g\u00f6r\u00fcl\u00fcr. Y\u0131llard\u0131r Rumlar, Ermeniler, K\u00fcrtler, Yahudiler, S\u00fcryaniler, Aleviler, solcular\u2026 Potansiyel d\u00fc\u015fman olarak bilinir. 12 Eyl\u00fcl\u2019de askeri y\u00f6neticiler K\u00fcrtlerin ve solcular\u0131n can\u0131na okudular.<\/p>\n\n\n\n<p>Do\u011fan\u0131n \u0130kinci Yasas\u0131 g\u00fc\u00e7ten yanad\u0131r. E\u011fer insan olmasayd\u0131m, evrensel \u00f6l\u00e7\u00fc ve de\u011ferleri bir yana b\u0131rak\u0131p, \u201cG\u00fc\u00e7, hak; g\u00fc\u00e7l\u00fc hakl\u0131d\u0131r! Hemcinsinin \u00fcst\u00fcne \u00e7\u0131k!\u201d Diye, avaz\u0131m \u00e7\u0131kt\u0131\u011f\u0131 kadar ba\u011f\u0131r\u0131rd\u0131m. 12 Eyl\u00fcl Sonras\u0131 a\u015fa\u011f\u0131l\u0131k resmi yetkililere T\u00fcrkiye\u201dnin sayg\u0131n insanlar\u0131n\u0131 a\u015fa\u011f\u0131lama yetkisi verildi. Onlar da \u201cG\u00fc\u00e7 hakt\u0131r! \u00dcst\u00fcn\u00fcm!\u201d Diyerek, bilgi-beceri sahibi ve inan\u00e7l\u0131 insanlara olmad\u0131k i\u015fkenceleri yapt\u0131lar. G\u00fcya \u00fcste \u00e7\u0131kt\u0131lar. \u00dcste mi \u00e7\u0131kt\u0131lar, kal\u0131c\u0131 pisliklere mi g\u00f6m\u00fcld\u00fcler sorusunun cevab\u0131n\u0131 tarih verir.<\/p>\n\n\n\n<p>Ortado\u011fu, Afrika, Asya ve Latin Amerika\u2019da y\u00f6netimlerde denetimin olmay\u0131\u015f\u0131 sonucu y\u00f6netici olma hastal\u0131k d\u00fczeyinde iste\u011fe d\u00f6n\u00fc\u015f\u00fcr. Sadece y\u00f6netici olma de\u011fil; y\u00f6netimi s\u00fcrd\u00fcrme, \u00f6l\u00fcm\u00fcne savunulur. Bunun i\u00e7in yak\u0131nlar, evlatlar, babalar \u00f6ld\u00fcr\u00fcl\u00fcr.<\/p>\n\n\n\n<p><strong>Padi\u015fah III. Selim, \u0130stanbul&#8217;da IV. Mustafa&#8217;n\u0131n emriyle bo\u011fularak \u00f6ld\u00fcr\u00fcld\u00fc. <\/strong>(28.7.1808)<\/p>\n\n\n\n<p>B\u00f6ylesi binlerce \u00f6rnek verilebilir. 12 Eyl\u00fcl y\u00f6neticileri T\u00fcrkiye\u201dyi kurtarma ad\u0131na, yasalar\u0131 ayaklar alt\u0131na al\u0131p tiran yaratt\u0131lar ve kendileri \u00e7ete \u00fcyesi oldular.<\/p>\n\n\n\n<p>T\u00fcrkiye Cumhuriyeti kurulduktan sonra devlet deste\u011fi ile zengin yarat\u0131l\u0131r. Zenginler de askeri darbelere destek olur. 12 Eyl\u00fcl Hareketinin arkas\u0131nda all\u0131-\u015fall\u0131 zenginler vard\u0131.<\/p>\n\n\n\n<p>12 Eyl\u00fcl\u2019\u00fcn sebepleri aras\u0131nda d\u0131\u015f etkileri g\u00f6z ard\u0131 etmemek gerekir. ABD y\u00f6neticilerinin, \u201cYe\u015filku\u015fak, Sert Y\u00f6netimleri Tercih\u2026\u201d kuramlar\u0131 asla unutulmamal\u0131d\u0131r.<\/p>\n\n\n\n<p>12 Eyl\u00fcl sonras\u0131 y\u00fcz binlerce insan ve aile ac\u0131 \u00e7ekti. Y\u00fczlerce tan\u0131d\u0131k ve arkada\u015f\u0131mdan farkl\u0131 olarak yak\u0131nlar\u0131m M\u00fcsl\u00fcm \u00dcz\u00fclmez, Ali Haydar \u00dcz\u00fclmez ve Kamil S\u00fcmb\u00fcl her t\u00fcrl\u00fc i\u015fkenceye u\u011frad\u0131lar ama insan olman\u0131n evrensel onurunu korudular. Kendileri ile ne kadar \u00f6v\u00fcnsem azd\u0131r.<\/p>\n\n\n\n<p>Sevgili M\u00fcsl\u00fcm \u00dcz\u00fclmez\u201din kitab\u0131 Yolda\u015f Ko\u00e7ero okunmal\u0131, ele\u015ftirilmeli ve T\u00fcrkiye\u2019de 12 Eyl\u00fcl benzeri y\u00f6netimlere bir daha olanak verilmemelidir.<\/p>\n\n\n\n<p><strong>28 Eyl\u00fcl 2011<br>Nurettin De\u011firmenci<br>Elk. Y\u00fck. M\u00fch.<\/strong><\/p>\n\n\n<div class=\"taxonomy-post_tag wp-block-post-terms\"><a href=\"https:\/\/www.uzulmez.site\/?tag=12-eylul\" rel=\"tag\">12 eyl\u00fcl<\/a><span class=\"wp-block-post-terms__separator\">, <\/span><a href=\"https:\/\/www.uzulmez.site\/?tag=aiskhylos\" rel=\"tag\">Aiskhylos<\/a><span class=\"wp-block-post-terms__separator\">, <\/span><a href=\"https:\/\/www.uzulmez.site\/?tag=ali-haydar-uzulmez-2\" rel=\"tag\">ali haydar \u00fcz\u00fclmez<\/a><span class=\"wp-block-post-terms__separator\">, <\/span><a href=\"https:\/\/www.uzulmez.site\/?tag=benjamin-franklin\" rel=\"tag\">Benjamin Franklin<\/a><span class=\"wp-block-post-terms__separator\">, <\/span><a href=\"https:\/\/www.uzulmez.site\/?tag=bernard-shaw\" rel=\"tag\">Bernard Shaw<\/a><span class=\"wp-block-post-terms__separator\">, <\/span><a href=\"https:\/\/www.uzulmez.site\/?tag=cicero\" rel=\"tag\">\u00c7i\u00e7ero<\/a><span class=\"wp-block-post-terms__separator\">, <\/span><a href=\"https:\/\/www.uzulmez.site\/?tag=ermeniler\" rel=\"tag\">ermeniler<\/a><span class=\"wp-block-post-terms__separator\">, <\/span><a href=\"https:\/\/www.uzulmez.site\/?tag=etki-tepki-yasasi-2\" rel=\"tag\">Etki-Tepki Yasas\u0131<\/a><span class=\"wp-block-post-terms__separator\">, <\/span><a href=\"https:\/\/www.uzulmez.site\/?tag=kamil-sumbul\" rel=\"tag\">kamil s\u00fcmb\u00fcl<\/a><span class=\"wp-block-post-terms__separator\">, <\/span><a href=\"https:\/\/www.uzulmez.site\/?tag=komunizm\" rel=\"tag\">kom\u00fcnizm<\/a><span class=\"wp-block-post-terms__separator\">, <\/span><a href=\"https:\/\/www.uzulmez.site\/?tag=kurtler\" rel=\"tag\">k\u00fcrtler<\/a><span class=\"wp-block-post-terms__separator\">, <\/span><a href=\"https:\/\/www.uzulmez.site\/?tag=nazim-hikmet\" rel=\"tag\">naz\u0131m hikmet<\/a><span class=\"wp-block-post-terms__separator\">, <\/span><a href=\"https:\/\/www.uzulmez.site\/?tag=papa-pius\" rel=\"tag\">Papa Pius<\/a><span class=\"wp-block-post-terms__separator\">, <\/span><a href=\"https:\/\/www.uzulmez.site\/?tag=yesilkusak\" rel=\"tag\">Ye\u015filku\u015fak<\/a><span class=\"wp-block-post-terms__separator\">, <\/span><a href=\"https:\/\/www.uzulmez.site\/?tag=yoldas-kocero\" rel=\"tag\">yolda\u015f ko\u00e7ero<\/a><\/div>","protected":false},"excerpt":{"rendered":"<p>Nurettin De\u011firmenci Papa Pius kom\u00fcnizme sava\u015f a\u00e7t\u0131, Kom\u00fcnist Parti&#8217;ye \u00fcye olanlar\u0131n aforoz edilece\u011fini s\u00f6yledi. (13.7.1949) Adalet Partisi Antalya Milletvekili \u0130hsan Ata\u00f6v, &#8220;Milliyet\u00e7i \u00f6\u011fretmenler ayakland\u0131\u011f\u0131 g\u00fcn i\u00e7im m\u00fcsterih olacakt\u0131r. \u00d6lenler \u015fehit, kalanlar gazi say\u0131lacakt\u0131r&#8221; dedi. (23.5.1965) 12 Eyl\u00fcl\u201d\u00fcn k\u00f6klerini derinlerde aramak gerekir. Sevgili M\u00fcsl\u00fcm \u00dcz\u00fclmez\u201din an\u0131 kitab\u0131 Yolda\u015f Ko\u00e7ero insan\u0131 ge\u00e7mi\u015fteki ac\u0131 olaylar\u0131n tekrar i\u00e7ine s\u00fcr\u00fckl\u00fcyor. Ger\u00e7eklerden ka\u00e7mak, onlar\u0131 uygun ko\u015fullarda yeniden ya\u015famak anlam\u0131na gelir. Ge\u00e7mi\u015fteki ac\u0131-tatl\u0131 an\u0131lar\u0131 insanlarla payla\u015fmak b\u00fcy\u00fck g\u00f6revdir. 12 Eyl\u00fcl Hareketi ve neden oldu\u011fu y\u0131k\u0131mlar de\u011fi\u015fik a\u00e7\u0131lardan inceleniyor. B\u00fct\u00fcn olu\u015fumlar ihtiya\u00e7 ve tepki sonucu ortaya \u00e7\u0131kar. Neden geri toplumlarda i\u015fkenceye ihtiya\u00e7 olu\u015fuyor? G\u00fcn\u00fcm\u00fczde b\u00fct\u00fcn Afrika, Ortado\u011fu, G\u00fcney<\/p>\n","protected":false},"author":2,"featured_media":0,"comment_status":"open","ping_status":"open","sticky":false,"template":"","format":"standard","meta":{"footnotes":""},"categories":[1321],"tags":[142,3225,1381,3219,3215,3223,393,3220,454,520,162,140,3216,3222,1323],"class_list":["post-5476","post","type-post","status-publish","format-standard","hentry","category-basinda","tag-12-eylul","tag-aiskhylos","tag-ali-haydar-uzulmez-2","tag-benjamin-franklin","tag-bernard-shaw","tag-cicero","tag-ermeniler","tag-etki-tepki-yasasi-2","tag-kamil-sumbul","tag-komunizm","tag-kurtler","tag-nazim-hikmet","tag-papa-pius","tag-yesilkusak","tag-yoldas-kocero"],"_links":{"self":[{"href":"https:\/\/www.uzulmez.site\/index.php?rest_route=\/wp\/v2\/posts\/5476","targetHints":{"allow":["GET"]}}],"collection":[{"href":"https:\/\/www.uzulmez.site\/index.php?rest_route=\/wp\/v2\/posts"}],"about":[{"href":"https:\/\/www.uzulmez.site\/index.php?rest_route=\/wp\/v2\/types\/post"}],"author":[{"embeddable":true,"href":"https:\/\/www.uzulmez.site\/index.php?rest_route=\/wp\/v2\/users\/2"}],"replies":[{"embeddable":true,"href":"https:\/\/www.uzulmez.site\/index.php?rest_route=%2Fwp%2Fv2%2Fcomments&post=5476"}],"version-history":[{"count":2,"href":"https:\/\/www.uzulmez.site\/index.php?rest_route=\/wp\/v2\/posts\/5476\/revisions"}],"predecessor-version":[{"id":5574,"href":"https:\/\/www.uzulmez.site\/index.php?rest_route=\/wp\/v2\/posts\/5476\/revisions\/5574"}],"wp:attachment":[{"href":"https:\/\/www.uzulmez.site\/index.php?rest_route=%2Fwp%2Fv2%2Fmedia&parent=5476"}],"wp:term":[{"taxonomy":"category","embeddable":true,"href":"https:\/\/www.uzulmez.site\/index.php?rest_route=%2Fwp%2Fv2%2Fcategories&post=5476"},{"taxonomy":"post_tag","embeddable":true,"href":"https:\/\/www.uzulmez.site\/index.php?rest_route=%2Fwp%2Fv2%2Ftags&post=5476"}],"curies":[{"name":"wp","href":"https:\/\/api.w.org\/{rel}","templated":true}]}}