{"id":5381,"date":"2002-09-01T21:05:00","date_gmt":"2002-09-01T21:05:00","guid":{"rendered":"https:\/\/www.uzulmez.site\/?p=5381"},"modified":"2023-07-02T11:35:23","modified_gmt":"2023-07-02T11:35:23","slug":"muslum-uzulmezin-gecenin-isligi-uzerine","status":"publish","type":"post","link":"https:\/\/www.uzulmez.site\/?p=5381","title":{"rendered":"M\u00fcsl\u00fcm \u00dcz\u00fclmez&#8217;in &#8220;Gecenin Isl\u0131\u011f\u0131&#8221; \u00dczerine"},"content":{"rendered":"\n<p>Bug\u00fcne dek alt\u0131 eseri ile okurlar\u0131n\u0131n kar\u015f\u0131s\u0131na \u00e7\u0131kan de\u011ferli hem\u015ferilerimizden M\u00fcsl\u00fcm \u00dcZ\u00dcLMEZ, yeni kitab\u0131nda, genelde serbest vezin t\u00fcr\u00fcnde yazd\u0131\u011f\u0131 \u015fiirlerini bir araya getirdi.<\/p>\n\n\n\n<p>\u0130lkin \u201cTemel \u00c7evre Politikalar\u0131 ve Yasal D\u00fczenlemeler\u201d, daha sonra \u201cAte\u015f\u00e7i ve kalorifercinin El Kitab\u0131\u201d gibi, mesleki ve teknik konular\u0131 i\u00e7eren kitaplar\u0131yla kamuoyunun huzuruna \u00e7\u0131kan \u00dcZ\u00dcLMEZ, daha sonra babas\u0131 Cuma \u00dcZ\u00dcLMEZ\u2019in de \u015fiirlerini ortak bir kitapta, \u201cHazinenin Anahtar\u0131\u201d ad\u0131 alt\u0131nda, kendi \u015fiirleriyle birlikte yay\u0131nlarken, yeni kitab\u0131, \u201cGecenin Isl\u0131\u011f\u0131\u201d da, az \u00f6nce belirtti\u011fimiz gibi, toplumsal i\u00e7erikli konular\u0131 i\u00e7eren \u015fiirlerini \u00e7\u0131kard\u0131.<\/p>\n\n\n\n<p>YAZARIN \u00d6ZGE\u00c7M\u0130\u015e\u0130<\/p>\n\n\n\n<p>Diyarbak\u0131r\u2019\u0131n Ergani il\u00e7esinde 1950\u2019de do\u011fan M\u00fcsl\u00fcm \u00dcZ\u00dcLMEZ, ilk ve orta \u00f6\u011frenimini memleketinde, y\u00fcksek okulu ise Ankara DMMA Kimya b\u00f6l\u00fcm\u00fcnde 1977\u2019de tamamlad\u0131. \u00c7e\u015fitli Kamu ve \u00d6zel i\u015fyerlerinde Kimya M\u00fchendisi olarak \u00e7al\u0131\u015ft\u0131. Halen \u0130stanbul B\u00fcy\u00fck\u015fehir Belediyesi \u0130\u015fletmeler M\u00fcd\u00fcrl\u00fc\u011f\u00fc\u2019nde g\u00f6rev yapmaktad\u0131r. Bunun yan\u0131nda MEB\u2019na ba\u011fl\u0131 \u0130stanbul Halk E\u011fitim M\u00fcd\u00fcrl\u00fc\u011f\u00fcnde \u00e7e\u015fitli g\u00f6revlerde de hizmet veriyor.<\/p>\n\n\n\n<p>Evli ve iki \u00e7ocuk babas\u0131 M\u00fcsl\u00fcm \u00dcZ\u00dcLMEZ\u2019i kutluyor ve bol yay\u0131nl\u0131 y\u0131llar diliyorum.<\/p>\n\n\n\n<p><strong>YEN\u0130 \u00c7ABA<br>K\u00fclt\u00fcr Sanat Ekonomi ve Akt\u00fcel Dergi<\/strong><br>Y\u0131l: 2002, Say\u0131: 24-24 (Eyl\u00fcl-Aral\u0131k)<\/p>\n\n\n\n<p><\/p>\n\n\n<div class=\"taxonomy-post_tag wp-block-post-terms\"><a href=\"https:\/\/www.uzulmez.site\/?tag=atesci-ve-kalorifercinin-el-kitabi\" rel=\"tag\">Ate\u015f\u00e7i ve kalorifercinin El Kitab\u0131<\/a><span class=\"wp-block-post-terms__separator\">, <\/span><a href=\"https:\/\/www.uzulmez.site\/?tag=cuma-uzulmez\" rel=\"tag\">cuma \u00fcz\u00fclmez<\/a><span class=\"wp-block-post-terms__separator\">, <\/span><a href=\"https:\/\/www.uzulmez.site\/?tag=gecenin-isligi\" rel=\"tag\">gecenin \u0131sl\u0131\u011f\u0131<\/a><span class=\"wp-block-post-terms__separator\">, <\/span><a href=\"https:\/\/www.uzulmez.site\/?tag=hazinenin-anahtari-2\" rel=\"tag\">Hazinenin Anahtar\u0131<\/a><span class=\"wp-block-post-terms__separator\">, <\/span><a href=\"https:\/\/www.uzulmez.site\/?tag=muslum-uzulmez-2\" rel=\"tag\">M\u00fcsl\u00fcm \u00dcz\u00fclmez<\/a><span class=\"wp-block-post-terms__separator\">, <\/span><a href=\"https:\/\/www.uzulmez.site\/?tag=temel-cevre-politikalari-ve-yasal-duzenlemeler\" rel=\"tag\">Temel \u00c7evre Politikalar\u0131 ve Yasal D\u00fczenlemeler<\/a><span class=\"wp-block-post-terms__separator\">, <\/span><a href=\"https:\/\/www.uzulmez.site\/?tag=yeni-caba-dergisi-2\" rel=\"tag\">yeni \u00e7aba dergisi<\/a><\/div>","protected":false},"excerpt":{"rendered":"<p>Bug\u00fcne dek alt\u0131 eseri ile okurlar\u0131n\u0131n kar\u015f\u0131s\u0131na \u00e7\u0131kan de\u011ferli hem\u015ferilerimizden M\u00fcsl\u00fcm \u00dcZ\u00dcLMEZ, yeni kitab\u0131nda, genelde serbest vezin t\u00fcr\u00fcnde yazd\u0131\u011f\u0131 \u015fiirlerini bir araya getirdi. \u0130lkin \u201cTemel \u00c7evre Politikalar\u0131 ve Yasal D\u00fczenlemeler\u201d, daha sonra \u201cAte\u015f\u00e7i ve kalorifercinin El Kitab\u0131\u201d gibi, mesleki ve teknik konular\u0131 i\u00e7eren kitaplar\u0131yla kamuoyunun huzuruna \u00e7\u0131kan \u00dcZ\u00dcLMEZ, daha sonra babas\u0131 Cuma \u00dcZ\u00dcLMEZ\u2019in de \u015fiirlerini ortak bir kitapta, \u201cHazinenin Anahtar\u0131\u201d ad\u0131 alt\u0131nda, kendi \u015fiirleriyle birlikte yay\u0131nlarken, yeni kitab\u0131, \u201cGecenin Isl\u0131\u011f\u0131\u201d da, az \u00f6nce belirtti\u011fimiz gibi, toplumsal i\u00e7erikli konular\u0131 i\u00e7eren \u015fiirlerini \u00e7\u0131kard\u0131. YAZARIN \u00d6ZGE\u00c7M\u0130\u015e\u0130 Diyarbak\u0131r\u2019\u0131n Ergani il\u00e7esinde 1950\u2019de do\u011fan M\u00fcsl\u00fcm \u00dcZ\u00dcLMEZ, ilk ve orta \u00f6\u011frenimini memleketinde, y\u00fcksek okulu ise Ankara DMMA<\/p>\n","protected":false},"author":2,"featured_media":0,"comment_status":"open","ping_status":"open","sticky":false,"template":"","format":"standard","meta":{"footnotes":""},"categories":[1321],"tags":[3093,488,1412,3090,3434,3094,3312],"class_list":["post-5381","post","type-post","status-publish","format-standard","hentry","category-basinda","tag-atesci-ve-kalorifercinin-el-kitabi","tag-cuma-uzulmez","tag-gecenin-isligi","tag-hazinenin-anahtari-2","tag-muslum-uzulmez-2","tag-temel-cevre-politikalari-ve-yasal-duzenlemeler","tag-yeni-caba-dergisi-2"],"_links":{"self":[{"href":"https:\/\/www.uzulmez.site\/index.php?rest_route=\/wp\/v2\/posts\/5381","targetHints":{"allow":["GET"]}}],"collection":[{"href":"https:\/\/www.uzulmez.site\/index.php?rest_route=\/wp\/v2\/posts"}],"about":[{"href":"https:\/\/www.uzulmez.site\/index.php?rest_route=\/wp\/v2\/types\/post"}],"author":[{"embeddable":true,"href":"https:\/\/www.uzulmez.site\/index.php?rest_route=\/wp\/v2\/users\/2"}],"replies":[{"embeddable":true,"href":"https:\/\/www.uzulmez.site\/index.php?rest_route=%2Fwp%2Fv2%2Fcomments&post=5381"}],"version-history":[{"count":2,"href":"https:\/\/www.uzulmez.site\/index.php?rest_route=\/wp\/v2\/posts\/5381\/revisions"}],"predecessor-version":[{"id":6828,"href":"https:\/\/www.uzulmez.site\/index.php?rest_route=\/wp\/v2\/posts\/5381\/revisions\/6828"}],"wp:attachment":[{"href":"https:\/\/www.uzulmez.site\/index.php?rest_route=%2Fwp%2Fv2%2Fmedia&parent=5381"}],"wp:term":[{"taxonomy":"category","embeddable":true,"href":"https:\/\/www.uzulmez.site\/index.php?rest_route=%2Fwp%2Fv2%2Fcategories&post=5381"},{"taxonomy":"post_tag","embeddable":true,"href":"https:\/\/www.uzulmez.site\/index.php?rest_route=%2Fwp%2Fv2%2Ftags&post=5381"}],"curies":[{"name":"wp","href":"https:\/\/api.w.org\/{rel}","templated":true}]}}