{"id":5322,"date":"2012-12-18T17:58:00","date_gmt":"2012-12-18T17:58:00","guid":{"rendered":"https:\/\/www.uzulmez.site\/?p=5322"},"modified":"2023-06-01T18:10:07","modified_gmt":"2023-06-01T18:10:07","slug":"cermik-ve-yazili-kaynaklar","status":"publish","type":"post","link":"https:\/\/www.uzulmez.site\/?p=5322","title":{"rendered":"\u00c7ermik ve Yaz\u0131l\u0131 Kaynaklar"},"content":{"rendered":"\n<p class=\"has-large-font-size\"><strong>Misbah Hicri<\/strong><\/p>\n\n\n\n<p><strong>Yaz\u0131l\u0131 Kaynaklarda \u00c7ERM\u0130K<\/strong>, Yazar-\u015eair-Ara\u015ft\u0131rmac\u0131 M\u00fcsl\u00fcm \u00dcz\u00fclmez taraf\u0131ndan yap\u0131lan ara\u015ft\u0131rma ve incelemeler sonucu \u00c7ermik&#8217;in kadim tarihini bilgi ve belgeler \u0131\u015f\u0131\u011f\u0131nda tarih merakl\u0131lar\u0131 ve sevenleriyle bulu\u015fturan, \u00c7ermik&#8217;i tan\u0131tan bir kitap.<\/p>\n\n\n\n<p>Bu g\u00fcne kadar \u00c7ermik i\u00e7in benzerine rastlamad\u0131\u011f\u0131m bir \u00e7al\u0131\u015fma. &#8220;Kent I\u015f\u0131klar\u0131&#8221; isimli yay\u0131nevi taraf\u0131ndan 2012 y\u0131l\u0131 i\u00e7inde bask\u0131s\u0131 yap\u0131lan kitap 228 sayfadan olu\u015fmaktad\u0131r. Yaz\u0131l\u0131 belge ve foto\u011fraflarla ortaya konan bu eser tarih merakl\u0131lar\u0131n\u0131n dikkatini \u00e7ekece\u011fi gibi herkesin merakla bakaca\u011f\u0131 bir ara\u015ft\u0131rma&#8230;<\/p>\n\n\n\n<p>Sunu k\u0131sm\u0131 kitab\u0131n yazar\u0131 M\u00fcsl\u00fcm \u00dcz\u00fclmez taraf\u0131ndan, \u00f6ns\u00f6z\u00fc ise <strong>Ana Esas Duru\u015fu Ge\u00e7<\/strong> kitab\u0131n\u0131n yazar\u0131 Kamil S\u00fcmb\u00fcl taraf\u0131ndan kaleme al\u0131nm\u0131\u015f.<\/p>\n\n\n\n<p>Kitap belgelenirken kaynaklara sad\u0131k kal\u0131nm\u0131\u015f. Malum tarihler gibi suland\u0131r\u0131lmadan, akl\u0131n s\u00fczgecinden ge\u00e7irilerek, do\u011frular ve ger\u00e7eklerle bulu\u015fulmu\u015ftur. Do\u011fru tarih i\u00e7inde varl\u0131klar\u0131n\u0131 s\u00fcrd\u00fcren ve halen varl\u0131klar\u0131n\u0131 s\u00fcrd\u00fcrmekte olan uluslar\u0131n ger\u00e7eklerini kabullenmeyenlere huzursuzluk verir, gerginlik yarat\u0131r. Anlamam\u0131z gereken ise beynimizin geli\u015fmesine yard\u0131mc\u0131 oldu\u011fu, bu geli\u015fmenin de ac\u0131s\u0131z olmayaca\u011f\u0131 ger\u00e7e\u011fini kabul etmeliyiz.<\/p>\n\n\n\n<p>\u00dc\u00e7 b\u00f6l\u00fcmden olu\u015fan kitab\u0131n birinci b\u00f6l\u00fcm\u00fc; &#8220;T\u00fcrk\u00e7e Yaz\u0131l\u0131 Kaynaklarda \u00c7ermik.&#8221; \u0130kinci b\u00f6l\u00fcmde; &#8220;Ermeni, Yahudi, S\u00fcryani Frans\u0131z Kaynaklar\u0131nda \u00c7ermik.&#8221; \u00dc\u00e7\u00fcnc\u00fc b\u00f6l\u00fcm de ise &#8220;Osmanl\u0131 Ar\u015fiv Belgelerinde \u00c7ermik&#8221; \u015feklindedir. Bunun yan\u0131nda kitaba eklenen ekler b\u00f6l\u00fcm\u00fcnde \u00c7ermikle ilgili yaz\u0131lar bulunmaktad\u0131r. Bunlardan on iki yaz\u0131dan biri Kamil S\u00fcmb\u00fcl&#8217;e, biri Nurettin De\u011firmenci&#8217;ye, bir di\u011feri ise Hamdullah I\u015f\u0131k&#8217;a ait. Di\u011ferleri ise kitab\u0131 haz\u0131rlayan M\u00fcsl\u00fcm \u00dcz\u00fclmez&#8217;in an\u0131-gezi ve g\u00f6zlemlerin yo\u011funla\u015ft\u0131\u011f\u0131 yaz\u0131lard\u0131r.<\/p>\n\n\n\n<p>M\u00fcsl\u00fcm \u00dcz\u00fclmez&#8217;in daha \u00f6nce birka\u00e7 \u00e7al\u0131\u015fmas\u0131n\u0131 sizlerle payla\u015fm\u0131\u015ft\u0131m. Bunlardan baz\u0131lar\u0131: an\u0131lardan hareketle yazd\u0131\u011f\u0131 <strong>Yolda\u015f Ko\u00e7ero<\/strong> (T\u00fcstav-Sar\u0131 Defter Yay\u0131nlar\u0131, \u0130stanbul 2011); ara\u015ft\u0131rma kitaplar\u0131 ise; <strong>\u00c7ay\u00f6n\u00fc&#8217;nden Ergani&#8217;ye Uzun Bir Y\u00fcr\u00fcy\u00fc\u015f<\/strong> (\u0130stanbul 2005), <strong>H\u0130LAR<\/strong> (Arkeoloji ve Sanat Yay\u0131nlar\u0131, \u0130stanbul 2009), <strong>Makam, Makam \u00c7i\u00e7e\u011fi ve B\u00fclb\u00fcl<\/strong> (Titiz Yay\u0131nlar\u0131, \u0130stanbul 2010), <strong>Bir Uzun Y\u00fcr\u00fcy\u00fc\u015ft\u00fcr Ya\u015famak<\/strong> (Titiz Yay\u0131nlar\u0131, \u0130stanbul 2010).<\/p>\n\n\n\n<p>\u015eiir kitaplar\u0131na gelince; <strong>Dolu Dizgin Ya\u015famak<\/strong> (\u0130stanbul 1994), <strong>Gelincik Yurdunda Bahar<\/strong> (\u0130stanbul 1996), <strong>Hazine&#8217;nin Anahtar<\/strong>\u0131 -Cuma \u00dcz\u00fclmez&#8217;le birlikte- (\u0130stanbul 1999). <strong>Gecenin Isl\u0131\u011f\u0131<\/strong> (\u0130stanbul 2002).<\/p>\n\n\n\n<p>F\u0131kralardan olu\u015fan mizah diyebilece\u011fimiz kitabi ise, <strong>Ben B\u00f6lmeden Geldim Komutan\u0131m<\/strong>  (Eko Yay\u0131nlar\u0131, 1999).<\/p>\n\n\n\n<p>Bunlar\u0131n d\u0131\u015f\u0131nda Kimya M\u00fchendisi olan M\u00fcsl\u00fcm \u00dcz\u00fclmez&#8217;in be\u015f tane de yay\u0131nlanm\u0131\u015f mesleki eseri bulunmaktad\u0131r.<\/p>\n\n\n\n<p>Kitab\u0131n \u00d6ns\u00f6z\u00fc hayli dikkat \u00e7ekici\u2026 \u0130nsan haklar\u0131 anlam\u0131nda bilinmesi gereken ve herkesin okumas\u0131 gereken bir yaz\u0131\u2026 Bu yaz\u0131dan k\u0131sa bir pasaj aktarmak istiyorum. Ancak yaz\u0131n\u0131n tamam\u0131n\u0131 okumak da fayda vard\u0131r. &#8220;\u0130nsanl\u0131\u011f\u0131n ve de uluslar\u0131n kaderlerinde Tarih Bilinci \u00f6nemli bir yer tutar. Tarih bilincine sahip uluslar genelde ayakta kalm\u0131\u015flar. Bu bilincin \u00f6nemini fark etmeyenler ya kaybolmu\u015f ya da yap\u0131lar\u0131 dejenere olmu\u015ftur. Tarihleri ba\u015fkalar\u0131 taraf\u0131ndan yaz\u0131lan uluslar ise ya ger\u00e7ek tarihleri sapt\u0131r\u0131lm\u0131\u015f ya da \u00f6nemsizle\u015ftirilmi\u015ftir&#8221; deyip devam etmektedir.<\/p>\n\n\n\n<p>&#8220;Yaz\u0131l\u0131 Kaynaklarda \u00c7ermik&#8221; isimli eseri tarihi vesikalar yan\u0131nda ya\u015fam\u0131n iz d\u00fc\u015f\u00fcm\u00fc olan belgeler, sosyal ya\u015fam ve ekonomik ili\u015fkileri sergileyen, bizleri tarihin derinli\u011fine g\u00f6t\u00fcren, tarihi sevdirerek, ge\u00e7mi\u015fini bilmek kadar gelece\u011fine sahip \u00e7\u0131kma anlam\u0131nda fazlas\u0131yla \u00f6nemli\u2026<\/p>\n\n\n\n<p>Her yazar\u0131n do\u011fdu\u011fu veya b\u00fcy\u00fcd\u00fc\u011f\u00fc topraklara vefa borcu vard\u0131r. \u0130\u015fte Yazar M\u00fcsl\u00fcm \u00dcz\u00fclmez \u00e7ocuklu\u011fundan itibaren an\u0131lar\u0131nda \u00f6nemli bir yer tutan \u00c7ermik&#8217;e kar\u015f\u0131 sorumluluk hissinden hareketle bu kitab\u0131 haz\u0131rlayarak vefa borcunu yerine getirdi\u011fine inan\u0131yorum. Okuru zaman yolculu\u011funa \u00e7\u0131karan yazar, yalan tarihlerle insanlar\u0131 kimliksizle\u015ftiren, kendi tarihine yabanc\u0131la\u015ft\u0131ran, yozla\u015ft\u0131ran ve hatta soysuzla\u015ft\u0131ran \u00e7al\u0131\u015fmalara kar\u015f\u0131 bir panzehir niteli\u011finde tarihi sorumlulu\u011funu yerine getirmi\u015ftir.<\/p>\n\n\n\n<p>Bu kitab\u0131n okunmas\u0131nda fayda vard\u0131r. \u00c7\u00fcnk\u00fc \u00e7o\u011fumuz \u00e7evre iller ve il\u00e7elerin tarihi hakk\u0131nda pek bilgimiz yoktur. Bu bilgiyi edinme ad\u0131na bu ve benzer kitaplar\u0131 okumak ve kaynak kitap olarak kitapl\u0131\u011f\u0131m\u0131zda bulunmas\u0131 gerekti\u011fine inan\u0131yorum.<\/p>\n\n\n\n<p>M\u00fcsl\u00fcm \u00dcz\u00fclmez, \u00fcretkenli\u011fi ile tan\u0131d\u0131\u011f\u0131m bir \u015fahsiyet. Ne zaman \u0130stanbul&#8217;a yolum d\u00fc\u015fse bulu\u015furuz. Mutlaka bana hediye edece\u011fi bir kitab\u0131 vard\u0131r. Kitap hediye etmeyi ve hediye edilmeyi fazlas\u0131yla severim. Bunun nedeni, yeni bir kitap okuma f\u0131rsat\u0131 buldu\u011fum gibi yeni bir kitap i\u00e7in yaz\u0131 yazarken harcad\u0131\u011f\u0131m emek bana ayr\u0131ca b\u00fcy\u00fck bir haz verir.<\/p>\n\n\n\n<p class=\"has-small-font-size\"><em>18 Aral\u0131k 2012<br>http:\/\/www.gapgundemi.com\/yazar.asp?yaziID=3997<br>http:\/\/www.gelawej.net\/index.php\/konuk-yazarlar\/7977-cermk-ve-yazili-kaynaklar.htm<\/em>l<\/p>\n\n\n<div class=\"taxonomy-post_tag wp-block-post-terms\"><a href=\"https:\/\/www.uzulmez.site\/?tag=ana-esas-durusu-gec\" rel=\"tag\">Ana Esas Duru\u015fu Ge\u00e7<\/a><span class=\"wp-block-post-terms__separator\">, <\/span><a href=\"https:\/\/www.uzulmez.site\/?tag=cermik-2\" rel=\"tag\">\u00e7ermik<\/a><span class=\"wp-block-post-terms__separator\">, <\/span><a href=\"https:\/\/www.uzulmez.site\/?tag=cuma-uzulmez-2\" rel=\"tag\">cuma \u00fcz\u00fclmez<\/a><span class=\"wp-block-post-terms__separator\">, <\/span><a href=\"https:\/\/www.uzulmez.site\/?tag=hamdullah-isik\" rel=\"tag\">Hamdullah I\u015f\u0131k<\/a><span class=\"wp-block-post-terms__separator\">, <\/span><a href=\"https:\/\/www.uzulmez.site\/?tag=hazinenin-anahtari\" rel=\"tag\">Hazine&#039;nin Anahtar\u0131<\/a><span class=\"wp-block-post-terms__separator\">, <\/span><a href=\"https:\/\/www.uzulmez.site\/?tag=kamil-sumbul\" rel=\"tag\">kamil s\u00fcmb\u00fcl<\/a><span class=\"wp-block-post-terms__separator\">, <\/span><a href=\"https:\/\/www.uzulmez.site\/?tag=kent-isiklari\" rel=\"tag\">Kent I\u015f\u0131klar\u0131<\/a><span class=\"wp-block-post-terms__separator\">, <\/span><a href=\"https:\/\/www.uzulmez.site\/?tag=misbah-hicri\" rel=\"tag\">misbah hicri<\/a><span class=\"wp-block-post-terms__separator\">, <\/span><a href=\"https:\/\/www.uzulmez.site\/?tag=nurettin-degirmenci\" rel=\"tag\">nurettin de\u011firmenci<\/a><span class=\"wp-block-post-terms__separator\">, <\/span><a href=\"https:\/\/www.uzulmez.site\/?tag=yazili-kaynaklar\" rel=\"tag\">Yaz\u0131l\u0131 Kaynaklar<\/a><span class=\"wp-block-post-terms__separator\">, <\/span><a href=\"https:\/\/www.uzulmez.site\/?tag=yoldas-kocero\" rel=\"tag\">yolda\u015f ko\u00e7ero<\/a><\/div>\n\n\n<p><\/p>\n\n\n\n<p><\/p>\n","protected":false},"excerpt":{"rendered":"<p>Misbah Hicri Yaz\u0131l\u0131 Kaynaklarda \u00c7ERM\u0130K, Yazar-\u015eair-Ara\u015ft\u0131rmac\u0131 M\u00fcsl\u00fcm \u00dcz\u00fclmez taraf\u0131ndan yap\u0131lan ara\u015ft\u0131rma ve incelemeler sonucu \u00c7ermik&#8217;in kadim tarihini bilgi ve belgeler \u0131\u015f\u0131\u011f\u0131nda tarih merakl\u0131lar\u0131 ve sevenleriyle bulu\u015fturan, \u00c7ermik&#8217;i tan\u0131tan bir kitap. Bu g\u00fcne kadar \u00c7ermik i\u00e7in benzerine rastlamad\u0131\u011f\u0131m bir \u00e7al\u0131\u015fma. &#8220;Kent I\u015f\u0131klar\u0131&#8221; isimli yay\u0131nevi taraf\u0131ndan 2012 y\u0131l\u0131 i\u00e7inde bask\u0131s\u0131 yap\u0131lan kitap 228 sayfadan olu\u015fmaktad\u0131r. Yaz\u0131l\u0131 belge ve foto\u011fraflarla ortaya konan bu eser tarih merakl\u0131lar\u0131n\u0131n dikkatini \u00e7ekece\u011fi gibi herkesin merakla bakaca\u011f\u0131 bir ara\u015ft\u0131rma&#8230; Sunu k\u0131sm\u0131 kitab\u0131n yazar\u0131 M\u00fcsl\u00fcm \u00dcz\u00fclmez taraf\u0131ndan, \u00f6ns\u00f6z\u00fc ise Ana Esas Duru\u015fu Ge\u00e7 kitab\u0131n\u0131n yazar\u0131 Kamil S\u00fcmb\u00fcl taraf\u0131ndan kaleme al\u0131nm\u0131\u015f. Kitap belgelenirken kaynaklara sad\u0131k kal\u0131nm\u0131\u015f. Malum tarihler gibi suland\u0131r\u0131lmadan,<\/p>\n","protected":false},"author":2,"featured_media":0,"comment_status":"open","ping_status":"open","sticky":false,"template":"","format":"standard","meta":{"footnotes":""},"categories":[1321],"tags":[3076,1107,1865,2051,3077,454,3045,403,298,3075,1323],"class_list":["post-5322","post","type-post","status-publish","format-standard","hentry","category-basinda","tag-ana-esas-durusu-gec","tag-cermik-2","tag-cuma-uzulmez-2","tag-hamdullah-isik","tag-hazinenin-anahtari","tag-kamil-sumbul","tag-kent-isiklari","tag-misbah-hicri","tag-nurettin-degirmenci","tag-yazili-kaynaklar","tag-yoldas-kocero"],"_links":{"self":[{"href":"https:\/\/www.uzulmez.site\/index.php?rest_route=\/wp\/v2\/posts\/5322","targetHints":{"allow":["GET"]}}],"collection":[{"href":"https:\/\/www.uzulmez.site\/index.php?rest_route=\/wp\/v2\/posts"}],"about":[{"href":"https:\/\/www.uzulmez.site\/index.php?rest_route=\/wp\/v2\/types\/post"}],"author":[{"embeddable":true,"href":"https:\/\/www.uzulmez.site\/index.php?rest_route=\/wp\/v2\/users\/2"}],"replies":[{"embeddable":true,"href":"https:\/\/www.uzulmez.site\/index.php?rest_route=%2Fwp%2Fv2%2Fcomments&post=5322"}],"version-history":[{"count":1,"href":"https:\/\/www.uzulmez.site\/index.php?rest_route=\/wp\/v2\/posts\/5322\/revisions"}],"predecessor-version":[{"id":5323,"href":"https:\/\/www.uzulmez.site\/index.php?rest_route=\/wp\/v2\/posts\/5322\/revisions\/5323"}],"wp:attachment":[{"href":"https:\/\/www.uzulmez.site\/index.php?rest_route=%2Fwp%2Fv2%2Fmedia&parent=5322"}],"wp:term":[{"taxonomy":"category","embeddable":true,"href":"https:\/\/www.uzulmez.site\/index.php?rest_route=%2Fwp%2Fv2%2Fcategories&post=5322"},{"taxonomy":"post_tag","embeddable":true,"href":"https:\/\/www.uzulmez.site\/index.php?rest_route=%2Fwp%2Fv2%2Ftags&post=5322"}],"curies":[{"name":"wp","href":"https:\/\/api.w.org\/{rel}","templated":true}]}}