{"id":5303,"date":"2013-05-01T20:46:00","date_gmt":"2013-05-01T20:46:00","guid":{"rendered":"https:\/\/www.uzulmez.site\/?p=5303"},"modified":"2023-07-02T10:28:56","modified_gmt":"2023-07-02T10:28:56","slug":"kapak-arkasi-yazili-kaynaklarda-cermik","status":"publish","type":"post","link":"https:\/\/www.uzulmez.site\/?p=5303","title":{"rendered":"Kapak Arkas\u0131 &#8211; Yaz\u0131l\u0131 Kaynaklarda \u00c7ermik"},"content":{"rendered":"\n<p><strong>M\u00fcsl\u00fcm \u00dcz\u00fclmez, Yaz\u0131l\u0131 Kaynaklarda \u00c7ermik, Pak Ajans Yay\u0131nc\u0131l\u0131k, \u0130stanbul, 2012, 228 sy.<\/strong><\/p>\n\n\n<div class=\"wp-block-image\">\n<figure class=\"alignleft size-full is-resized\"><img fetchpriority=\"high\" decoding=\"async\" src=\"https:\/\/www.uzulmez.site\/wp-content\/uploads\/2023\/05\/resim-72.png\" alt=\"\" class=\"wp-image-5305\" width=\"304\" height=\"423\" srcset=\"https:\/\/www.uzulmez.site\/wp-content\/uploads\/2023\/05\/resim-72.png 596w, https:\/\/www.uzulmez.site\/wp-content\/uploads\/2023\/05\/resim-72-216x300.png 216w, https:\/\/www.uzulmez.site\/wp-content\/uploads\/2023\/05\/resim-72-480x667.png 480w\" sizes=\"(max-width: 304px) 100vw, 304px\" \/><\/figure><\/div>\n\n\n<p>\u2026yar\u0131 bir \u00c7ermikli olarak, elime ge\u00e7en bilgi ve belgeleri bir arada yay\u0131nlaman\u0131n yararl\u0131 olaca\u011f\u0131n\u0131 d\u00fc\u015f\u00fcnerek bu kitab\u0131 yay\u0131nlamaya karar verdim. \u00c7\u00fcnk\u00fc \u00c7ermik\u2019in ya\u015fam\u0131mda \u00f6nemli, an\u0131lar\u0131mda anlaml\u0131 bir yeri var.<\/p>\n\n\n\n<p>Birincisi; Annemin \u00c7ermikli olmas\u0131 nedeniyle s\u0131k s\u0131k \u00c7ermik\u2019e dedemlere giderdim. En b\u00fcy\u00fck torun olmam, erkek \u00e7ocu\u011fu olmam ve Ergani\u2019den misafir olarak gitti\u011fim i\u00e7in el \u00fcst\u00fcnde tutulurdum. T\u00fcm akrabalar\u0131m taraf\u0131ndan sevilirdim. Sevilmem, el \u00fcst\u00fcnde tutulmam ve farkl\u0131 bir yerde olmam bende \u00c7ermik ve \u00c7ermiklilerle kar\u015f\u0131 g\u00fczel duygular\u0131n olu\u015fmas\u0131na neden olmu\u015ftur.<\/p>\n\n\n\n<p>\u0130kincisi; Gen\u00e7li\u011fe ilk ad\u0131m at\u0131\u015f d\u00f6nemlerimde \u00c7ermik\u2019e gitmelerimle day\u0131m Nurettin De\u011firmenci ve yak\u0131n akrabam Osman Bardak\u00e7\u0131\u2019dan kitap okuma sevgisini edindim. Kitaplar\u0131 sevdim, kitaplar\u0131n d\u00fcnyas\u0131na girdim. Bir\u00e7ok kez Haburman K\u00f6pr\u00fcs\u00fc\u2019n\u00fcn alt\u0131nda ve G\u00f6ze\u2019de geceleri parlak y\u0131ld\u0131zlar\u0131n alt\u0131nda ye\u015fil kurba\u011falar\u0131n ve c\u0131rc\u0131r b\u00f6ceklerinin \u015fark\u0131lar\u0131 e\u015fli\u011finde arkada\u015flarla harefene yaparak sabahlay\u0131p onlarla birlikte gelecek g\u00fczel g\u00fcnleri d\u00fc\u015fledik. Bunlar an\u0131lar\u0131mda silinmez yer edinmi\u015ftir.<\/p>\n\n\n\n<p>\u00dc\u00e7\u00fcnc\u00fcs\u00fc; Ankara\u2019da 1971-1976 y\u0131llar\u0131nda y\u00fcksek okulu okurken Faho dedemin (Fahri De\u011firmenci\u2019nin) yan\u0131nda kalmam\u0131n yaratt\u0131\u011f\u0131 olumlu etkidir. Dedem ve \u00c7ermikliler o d\u00f6nem Alt\u0131nda\u011f il\u00e7esinde Ulus\u2019un kuzey k\u0131sm\u0131nda Sular \u0130daresi ile \u0130skitler aras\u0131nda kalan ve Kaz\u0131ki\u00e7ibostanlar\u0131 olarak diye an\u0131lan b\u00f6lgedeki gecekondularda kal\u0131yorlard\u0131. Kaz\u0131ki\u00e7ibostanlar\u0131\u2019nda 4-5 tane \u00c7ermiklinin kahvesi vard\u0131. Day\u0131m Veyis\u2019in, Tingolar\u2019\u0131n, Ulus R\u00fczgarl\u0131 sokakta Neco\u2019nun vs. Ben genellikle Day\u0131m Veyis\u2019in ve birde Erganiler gitti\u011fi i\u00e7in Neco\u2019nun kahvesine tak\u0131l\u0131rd\u0131m. Kahvede oyun oynamazd\u0131m, genellikle \u00c7ermikli ve Erganililerle \u00e7ay i\u00e7ip sohbet ederdim. Kahveye gelen \u00c7ermikliler hemen hemen hepsi dedemden, day\u0131lar\u0131mdan ve de babamdan dolay\u0131 beni tan\u0131rlard\u0131. Hi\u00e7 biri sevgide kusur etmezdi. An\u0131lar\u0131mda bunlar\u0131nda \u00e7ok \u00f6zel ve farkl\u0131 bir yeri vard\u0131r.<\/p>\n\n\n\n<p>Velh\u00e2s\u0131l kel\u00e2m \u00c7ermiklilerin \u00e7ok ekme\u011fini yedim, suyunu ve \u00e7ay\u0131n\u0131 i\u00e7tim; \u00e7ok nasihatlerini dinledim. Faho dedem; \u201c<em>\u0130nsan\u0131n en hay\u0131rs\u0131z\u0131 nank\u00f6r olan\u0131d\u0131r<\/em>\u201d derdi. Ve insan\u0131n, \u201c<em>anaya, babaya, do\u011fdu\u011fu ve ekme\u011fini yedi\u011fi yere, kendisine yard\u0131m edene bir borcu oldu\u011funu<\/em>\u201d s\u00f6ylerdi hep. \u201c<em>\u0130nsan borcunu \u00f6demeli ki, hem bu d\u00fcnyada, hem de \u00f6b\u00fcr d\u00fcnyada y\u00fcz\u00fc kara olmas\u0131n, ak olsun<\/em>\u201d deyi\u015fini ise hi\u00e7 unutmad\u0131m.<\/p>\n\n\n\n<p class=\"has-medium-font-size\"><strong>Berfin Bahar Dergisi<\/strong><br>Y\u0131l: 19, Say\u0131: 183, May\u0131s 2013, s.77.<\/p>\n\n\n<div class=\"taxonomy-post_tag wp-block-post-terms\"><a href=\"https:\/\/www.uzulmez.site\/?tag=berfin-bahar-dergisi\" rel=\"tag\">berfin bahar dergisi<\/a><span class=\"wp-block-post-terms__separator\">, <\/span><a href=\"https:\/\/www.uzulmez.site\/?tag=cermik\" rel=\"tag\">\u00e7ermik<\/a><span class=\"wp-block-post-terms__separator\">, <\/span><a href=\"https:\/\/www.uzulmez.site\/?tag=fahri-degirmenci\" rel=\"tag\">fahri de\u011firmenci<\/a><span class=\"wp-block-post-terms__separator\">, <\/span><a href=\"https:\/\/www.uzulmez.site\/?tag=nurettin-degirmenci\" rel=\"tag\">nurettin de\u011firmenci<\/a><span class=\"wp-block-post-terms__separator\">, <\/span><a href=\"https:\/\/www.uzulmez.site\/?tag=osman-bardakci\" rel=\"tag\">osman bardak\u00e7\u0131<\/a><span class=\"wp-block-post-terms__separator\">, <\/span><a href=\"https:\/\/www.uzulmez.site\/?tag=pak-ajans-yayincilik\" rel=\"tag\">Pak Ajans Yay\u0131nc\u0131l\u0131k<\/a><span class=\"wp-block-post-terms__separator\">, <\/span><a href=\"https:\/\/www.uzulmez.site\/?tag=yazili-kaynaklarda-cermik\" rel=\"tag\">yaz\u0131l\u0131 kaynaklarda \u00e7ermik<\/a><\/div>","protected":false},"excerpt":{"rendered":"<p>M\u00fcsl\u00fcm \u00dcz\u00fclmez, Yaz\u0131l\u0131 Kaynaklarda \u00c7ermik, Pak Ajans Yay\u0131nc\u0131l\u0131k, \u0130stanbul, 2012, 228 sy. \u2026yar\u0131 bir \u00c7ermikli olarak, elime ge\u00e7en bilgi ve belgeleri bir arada yay\u0131nlaman\u0131n yararl\u0131 olaca\u011f\u0131n\u0131 d\u00fc\u015f\u00fcnerek bu kitab\u0131 yay\u0131nlamaya karar verdim. \u00c7\u00fcnk\u00fc \u00c7ermik\u2019in ya\u015fam\u0131mda \u00f6nemli, an\u0131lar\u0131mda anlaml\u0131 bir yeri var. Birincisi; Annemin \u00c7ermikli olmas\u0131 nedeniyle s\u0131k s\u0131k \u00c7ermik\u2019e dedemlere giderdim. En b\u00fcy\u00fck torun olmam, erkek \u00e7ocu\u011fu olmam ve Ergani\u2019den misafir olarak gitti\u011fim i\u00e7in el \u00fcst\u00fcnde tutulurdum. T\u00fcm akrabalar\u0131m taraf\u0131ndan sevilirdim. Sevilmem, el \u00fcst\u00fcnde tutulmam ve farkl\u0131 bir yerde olmam bende \u00c7ermik ve \u00c7ermiklilerle kar\u015f\u0131 g\u00fczel duygular\u0131n olu\u015fmas\u0131na neden olmu\u015ftur. \u0130kincisi; Gen\u00e7li\u011fe ilk ad\u0131m at\u0131\u015f d\u00f6nemlerimde \u00c7ermik\u2019e gitmelerimle day\u0131m Nurettin<\/p>\n","protected":false},"author":2,"featured_media":0,"comment_status":"open","ping_status":"open","sticky":false,"template":"","format":"standard","meta":{"footnotes":""},"categories":[1321],"tags":[1265,304,451,298,450,3053,1549],"class_list":["post-5303","post","type-post","status-publish","format-standard","hentry","category-basinda","tag-berfin-bahar-dergisi","tag-cermik","tag-fahri-degirmenci","tag-nurettin-degirmenci","tag-osman-bardakci","tag-pak-ajans-yayincilik","tag-yazili-kaynaklarda-cermik"],"_links":{"self":[{"href":"https:\/\/www.uzulmez.site\/index.php?rest_route=\/wp\/v2\/posts\/5303","targetHints":{"allow":["GET"]}}],"collection":[{"href":"https:\/\/www.uzulmez.site\/index.php?rest_route=\/wp\/v2\/posts"}],"about":[{"href":"https:\/\/www.uzulmez.site\/index.php?rest_route=\/wp\/v2\/types\/post"}],"author":[{"embeddable":true,"href":"https:\/\/www.uzulmez.site\/index.php?rest_route=\/wp\/v2\/users\/2"}],"replies":[{"embeddable":true,"href":"https:\/\/www.uzulmez.site\/index.php?rest_route=%2Fwp%2Fv2%2Fcomments&post=5303"}],"version-history":[{"count":4,"href":"https:\/\/www.uzulmez.site\/index.php?rest_route=\/wp\/v2\/posts\/5303\/revisions"}],"predecessor-version":[{"id":6751,"href":"https:\/\/www.uzulmez.site\/index.php?rest_route=\/wp\/v2\/posts\/5303\/revisions\/6751"}],"wp:attachment":[{"href":"https:\/\/www.uzulmez.site\/index.php?rest_route=%2Fwp%2Fv2%2Fmedia&parent=5303"}],"wp:term":[{"taxonomy":"category","embeddable":true,"href":"https:\/\/www.uzulmez.site\/index.php?rest_route=%2Fwp%2Fv2%2Fcategories&post=5303"},{"taxonomy":"post_tag","embeddable":true,"href":"https:\/\/www.uzulmez.site\/index.php?rest_route=%2Fwp%2Fv2%2Ftags&post=5303"}],"curies":[{"name":"wp","href":"https:\/\/api.w.org\/{rel}","templated":true}]}}