{"id":5299,"date":"2010-10-21T20:16:00","date_gmt":"2010-10-21T20:16:00","guid":{"rendered":"https:\/\/www.uzulmez.site\/?p=5299"},"modified":"2023-05-31T20:29:47","modified_gmt":"2023-05-31T20:29:47","slug":"paylasmak-arzusu","status":"publish","type":"post","link":"https:\/\/www.uzulmez.site\/?p=5299","title":{"rendered":"Payla\u015fmak Arzusu"},"content":{"rendered":"\n<p class=\"has-medium-font-size\"><strong>M. \u015eehmus G\u00fczel<\/strong><\/p>\n\n\n\n<p>M\u00fcsl\u00fcm \u00dcz\u00fclmez\u2019in kitaplar\u0131 hakk\u0131nda yaz\u0131lanlar\u0131 derlemesi son derece ilgin\u00e7 bir giri\u015fim. Yazar\u0131 bu de\u011fi\u015fik kitab\u0131 vesilesiyle candan kutluyorum. Sevimli bir kitap olmu\u015f. Malum, yaz\u0131lanlar kitap bi\u00e7imine getirilince daha kal\u0131c\u0131 oluyor. Bu a\u00e7\u0131dan yap\u0131lan her zaman \u00f6vg\u00fcye lay\u0131k. Yaz\u0131lar\u0131n t\u00fcm\u00fcn\u00fc veya t\u00fcm\u00fcne yak\u0131n\u0131n\u0131 okumu\u015ftum, ama b\u00f6yle sevimli bir kitap olarak sunulunca yeniden g\u00f6z att\u0131m.<\/p>\n\n\n\n<p>De\u011fi\u015fik yay\u0131n organlar\u0131nda kitaplar\u0131na ili\u015fkin yaz\u0131lanlardan bir se\u00e7ki olu\u015fturmak, derli toplu bir arada olmalar\u0131n\u0131 sa\u011flamak, bunlar\u0131 merakl\u0131lar\u0131yla payla\u015fmak hem orijinal hem de \u00e7ok iyi fikir. <strong>Bir Uzun Y\u00fcr\u00fcy\u00fc\u015ft\u00fcr Ya\u015famak<\/strong> isimli kitapta yer alan yaz\u0131larda \u00f6vg\u00fcler, ele\u015ftiriler, \u00f6neriler ve kimi d\u00fczeltmeler var.<\/p>\n\n\n\n<p>Tan\u0131t\u0131m yaz\u0131lar\u0131 daha \u00f6nce BirG\u00fcn, Cumhuriyet Kitap, Ergani Haber, Ergani S\u00f6z, Evrensel, G\u00fcnl\u00fck, Radikal, Yeni \u015eafak, Yeni \u00d6zg\u00fcr Politika, Vakit, GAP G\u00fcndemi, Yeni Yurt gibi gazeteler; Bilim ve Gelecek, Berfin Bahar, Evrensel K\u00fclt\u00fcr, T\u00eeroj, Yeni \u00c7aba gibi dergiler ve bir\u00e7ok web sitesinde imzal\u0131 veya imzas\u0131z yay\u0131nland\u0131. \u0130mzalar aras\u0131nda M\u00fcsl\u00fcm \u00dcz\u00fclmez\u2019in hem\u015ferilerini, yak\u0131n dost ve arkada\u015flar\u0131n\u0131, iyi gazetecileri, yazar ve \u015fairleri buluyoruz: \u0130\u015fte Enver Yorulmaz, Abdurrahman \u00dcz\u00fclmez, Naci G\u00fcm\u00fc\u015f, E\u015fref \u00dcz\u00fclmez, Kenan Mendekli, \u0130brahim Evirgen, Celal Ba\u015flang\u0131\u00e7, Ey\u00fcp \u00d6zbay, Mispah Hicri, Ey\u00fcp Aras, Aslan De\u011firmenci, Nurettin De\u011firmenci, bendeniz kulunuz M. \u015eehmus G\u00fczel, Mustafa S\u00fctla\u015f, Vedat \u00c7etin, \u015eeyhmus Diken, Ali R\u0131za \u00dcle\u00e7, \u0130shak Ko\u00e7er ve Resul \u00dcst\u00fcn.<\/p>\n\n\n\n<p>\u00dcz\u00fclmez, yaz\u0131lar\u0131 yay\u0131nlan\u0131\u015f tarihlerine g\u00f6re s\u0131ralam\u0131\u015f ve ilk yaz\u0131l\u0131\u015f bi\u00e7imlerine sad\u0131k kalm\u0131\u015f. Titiz Yay\u0131nlar\u0131 taraf\u0131ndan okuyucuya bug\u00fcnlerde, T\u00dcYAP Kitap Fuar\u0131\u2019na birka\u00e7 g\u00fcn kala yani bir anlamda tam zaman\u0131nda, sunulan kitab\u0131n sayfa d\u00fczeni ve kapak tasar\u0131m\u0131 Suphi Orak ve Hayati G\u00fcng\u00f6ren\u2019den. Arka kapakta yer alan yazar\u0131n portresi ve k\u0131sa metni ise hem\u015ferimiz ve karikat\u00fcrist L\u00fctf\u00fc \u00c7ak\u0131n\u2019dan.<\/p>\n\n\n\n<p>M\u00fcsl\u00fcm \u00dcz\u00fclmez, Ergani tarihine ili\u015fkin kitaplara bir yenisini ekliyor. \u00c7ok iyi ediyor. Bu kasaba dahas\u0131n\u0131 da bekliyor.<\/p>\n\n\n\n<p>Bu kitapta ayn\u0131 zamanda Ergani tarihine ili\u015fkin ve daha \u00f6nce yay\u0131nlanm\u0131\u015f birka\u00e7 kitap hakk\u0131nda da epey bilgi bulmak m\u00fcmk\u00fcn. Ergani\u2019ye, tarihine ve genel olarak tarihe ve bilhassa toplumsal tarihe merakl\u0131 okuyucular, \u00e7ocuk, gen\u00e7, kad\u0131n ve erkekler bu kitaplar\u0131 okumal\u0131 derim. Her biri Ergani tarihinin toplumsal, insani, toplumbilimsel, yer yer felsef\u00ee boyutunu en iyi taraf\u0131ndan aktaran son derece yararl\u0131 kaynaklar.<\/p>\n\n\n\n<p>Bu kitaplar, bu e\u015fsiz kaynaklar sayesinde Ergani\u2019nin nar, kays\u0131, badem, erik, vi\u015fne, ceviz ve \u00fcz\u00fcm kar\u0131\u015f\u0131m\u0131 parf\u00fcm\u00fcn\u00fc duyumsak, tozlu ve ayn\u0131 zamanda a\u011fa\u00e7s\u0131z b\u0131rak\u0131lm\u0131\u015f k\u00fc\u00e7elerinin g\u00fcr\u00fclt\u00fcs\u00fcn\u00fc i\u015fitmek, \u00e7ocuklar\u0131n\u0131n ve kad\u0131nlar\u0131n\u0131n seslerini duymak ve dinlemek, Makam Da\u011f\u0131 r\u00fczgarlar\u0131yla mayalanm\u0131\u015f, yo\u011frulmu\u015f, pi\u015firilmi\u015f havas\u0131n\u0131 ci\u011ferlerimize \u00e7ekmek, tan\u0131nan veya tan\u0131nmayan insanlar\u0131yla tan\u0131\u015fmak ve b\u00fct\u00fcn bunlar \u00fczerine pek \u00e7ok bilgi edinmek olas\u0131. Kasabam\u0131z\u0131n ismini duyuran, hem\u015ferilerimizin birbirine kenetlenmesine yol a\u00e7an yak\u0131nlar\u0131m\u0131z, abelerimiz, karde\u015flerimiz, yolda\u015flar\u0131m\u0131z sayesinde Ergani Ergani oldu, oluyor, olmaya devam ediyor. Herkese ne kadar te\u015fekk\u00fcr etsek azd\u0131r. \u0130\u015fte bu ba\u011flamda M\u00fcsl\u00fcm \u00dcz\u00fclmez gibi c\u00f6mert, yazan ve yazd\u0131klar\u0131n\u0131 kar\u015f\u0131l\u0131ks\u0131z payla\u015fmas\u0131n\u0131 bilen hem\u015ferilerimize ihtiyac\u0131m\u0131z var. O ve benzerleri, yani kasabam\u0131z\u0131n ekme\u011fini yemi\u015f, suyunu i\u00e7mi\u015f, havas\u0131n\u0131 teneff\u00fcs etmi\u015f yazarlar\u0131m\u0131z ve \u015fairlerimiz olmasa an\u0131lar\u0131m\u0131z da olmayacak. Onlar var, an\u0131lar\u0131m\u0131z ya\u015f\u0131yor ve biz de biz oluyoruz. Kimliklerimize b\u00f6ylece s\u0131k\u0131 s\u0131k\u0131ya sar\u0131l\u0131yoruz. Ve onlar\u0131 her denetimde korkusuzca \u00e7\u0131kar\u0131yoruz: \u0130\u015fte biz buyuz diyoruz.<\/p>\n\n\n\n<p>M\u00fcsl\u00fcm \u00dcz\u00fclmez\u2019in kitaplar\u0131n\u0131 \u00f6teden beri izledi\u011fimi biliyorsunuz. Kimine ili\u015fkin tan\u0131t\u0131c\u0131 yaz\u0131lar yazd\u0131\u011f\u0131m ve onlar\u0131 sizlerle payla\u015ft\u0131\u011f\u0131m da oldu. \u00dcz\u00fclmez bu yaz\u0131lar\u0131mdan be\u015fine bu \u00e7al\u0131\u015fmas\u0131nda yer vermi\u015f:<\/p>\n\n\n\n<p>10 Bin Y\u0131ll\u0131k Tarihin Tan\u0131\u011f\u0131: Hilar<br>M. \u015eehmus G\u00fczel (s. 78-83).<\/p>\n\n\n\n<p>Tarihin Do\u011fdu\u011fu Mekan: Hilar<br>M. \u015eehmus G\u00fczel (s. 84-88).<\/p>\n\n\n\n<p>Futbol, Kitap ve Sanat A\u015fk\u0131<br>M. \u015eehmus G\u00fczel (s. 104-111).<\/p>\n\n\n\n<p>Ergani&#8217;ye G\u00fczelleme<br>M. \u015eehmus G\u00fczel (s. 132-135).<\/p>\n\n\n\n<p>Makam, Makam \u00c7i\u00e7e\u011fi Ve B\u00fclb\u00fcl<br>M. \u015eehmus G\u00fczel (s. 138-140).<\/p>\n\n\n\n<p>Bu be\u015f makale y\u00fcz k\u0131rkbe\u015f sayfal\u0131k kitapta yirmibe\u015f sayfay\u0131 kaps\u0131yor. Bu a\u00e7\u0131dan kendimi kitab\u0131n yak\u0131n bir akrabas\u0131 gibi hissediyorum. Bunu da sevinerek buraya eklemek istedim. Kitapta makaleleri yer alan di\u011fer yazarlar da akrabam\u0131z say\u0131l\u0131rlar, mademki ayn\u0131 kitapta biraraday\u0131z. Bundan iyi akrabal\u0131\u011fa da hani her yerde ve \u00f6yle s\u0131k da rastlanmaz.<\/p>\n\n\n\n<p><strong>K\u00fcnyesidir<\/strong>: M\u00fcsl\u00fcm \u00dcz\u00fclmez: <strong><em>Bir Uzun Y\u00fcr\u00fcy\u00fc\u015ft\u00fcr Ya\u015famak, <\/em><\/strong>Titiz Yay\u0131nlar\u0131, \u0130stanbul, 2010, 145 sayfa.<\/p>\n\n\n\n<p><em>21.10.2010 tarihinde ba\u015fta <\/em><a href=\"http:\/\/www.koxuz.org\/anasayfa\/node\/7092\" target=\"_blank\" rel=\"noopener\"><em>http:\/\/www.koxuz.org\/anasayfa\/node\/7092<\/em><\/a><\/p>\n\n\n\n<p><em>ve <\/em><a href=\"http:\/\/www.insanokur.org\/?p=21782#more-21782\" target=\"_blank\" rel=\"noopener\"><em>http:\/\/www.insanokur.org\/?p=21782#more-21782<\/em><\/a><em> olmak \u00fczere bir \u00e7ok Web sitesinde yay\u0131nland\u0131.<\/em><\/p>\n\n\n<div class=\"taxonomy-post_tag wp-block-post-terms\"><a href=\"https:\/\/www.uzulmez.site\/?tag=abdurrahman-uzulmez\" rel=\"tag\">abdurrahman \u00fcz\u00fclmez<\/a><span class=\"wp-block-post-terms__separator\">, <\/span><a href=\"https:\/\/www.uzulmez.site\/?tag=ali-riza-ulec\" rel=\"tag\">Ali R\u0131za \u00dcle\u00e7<\/a><span class=\"wp-block-post-terms__separator\">, <\/span><a href=\"https:\/\/www.uzulmez.site\/?tag=aslan-degirmenci\" rel=\"tag\">aslan de\u011firmenci<\/a><span class=\"wp-block-post-terms__separator\">, <\/span><a href=\"https:\/\/www.uzulmez.site\/?tag=bendeniz-kulunuz-m-sehmus-guzel\" rel=\"tag\">bendeniz kulunuz M. \u015eehmus G\u00fczel<\/a><span class=\"wp-block-post-terms__separator\">, <\/span><a href=\"https:\/\/www.uzulmez.site\/?tag=berfin-bahar\" rel=\"tag\">berfin bahar<\/a><span class=\"wp-block-post-terms__separator\">, <\/span><a href=\"https:\/\/www.uzulmez.site\/?tag=bilim-ve-gelecek\" rel=\"tag\">Bilim ve Gelecek<\/a><span class=\"wp-block-post-terms__separator\">, <\/span><a href=\"https:\/\/www.uzulmez.site\/?tag=birgun\" rel=\"tag\">Birg\u00fcn<\/a><span class=\"wp-block-post-terms__separator\">, <\/span><a href=\"https:\/\/www.uzulmez.site\/?tag=celal-baslangic\" rel=\"tag\">Celal Ba\u015flang\u0131\u00e7<\/a><span class=\"wp-block-post-terms__separator\">, <\/span><a href=\"https:\/\/www.uzulmez.site\/?tag=cumhuriyet-kitap\" rel=\"tag\">Cumhuriyet Kitap<\/a><span class=\"wp-block-post-terms__separator\">, <\/span><a href=\"https:\/\/www.uzulmez.site\/?tag=enver-yorulmaz\" rel=\"tag\">Enver Yorulmaz<\/a><span class=\"wp-block-post-terms__separator\">, <\/span><a href=\"https:\/\/www.uzulmez.site\/?tag=ergani-haber\" rel=\"tag\">Ergani Haber<\/a><span class=\"wp-block-post-terms__separator\">, <\/span><a href=\"https:\/\/www.uzulmez.site\/?tag=ergani-soz\" rel=\"tag\">Ergani S\u00f6z<\/a><span class=\"wp-block-post-terms__separator\">, <\/span><a href=\"https:\/\/www.uzulmez.site\/?tag=esref-uzulmez\" rel=\"tag\">E\u015fref \u00dcz\u00fclmez<\/a><span class=\"wp-block-post-terms__separator\">, <\/span><a href=\"https:\/\/www.uzulmez.site\/?tag=evrensel\" rel=\"tag\">Evrensel<\/a><span class=\"wp-block-post-terms__separator\">, <\/span><a href=\"https:\/\/www.uzulmez.site\/?tag=evrensel-kultur\" rel=\"tag\">Evrensel K\u00fclt\u00fcr<\/a><span class=\"wp-block-post-terms__separator\">, <\/span><a href=\"https:\/\/www.uzulmez.site\/?tag=eyup-aras\" rel=\"tag\">Ey\u00fcp Aras<\/a><span class=\"wp-block-post-terms__separator\">, <\/span><a href=\"https:\/\/www.uzulmez.site\/?tag=eyup-ozbay\" rel=\"tag\">Ey\u00fcp \u00d6zbay<\/a><span class=\"wp-block-post-terms__separator\">, <\/span><a href=\"https:\/\/www.uzulmez.site\/?tag=gap-gundemi\" rel=\"tag\">GAP G\u00fcndemi<\/a><span class=\"wp-block-post-terms__separator\">, <\/span><a href=\"https:\/\/www.uzulmez.site\/?tag=gunluk\" rel=\"tag\">g\u00fcnl\u00fck<\/a><span class=\"wp-block-post-terms__separator\">, <\/span><a href=\"https:\/\/www.uzulmez.site\/?tag=hayati-gungoren\" rel=\"tag\">Hayati G\u00fcng\u00f6ren<\/a><span class=\"wp-block-post-terms__separator\">, <\/span><a href=\"https:\/\/www.uzulmez.site\/?tag=ibrahim-evirgen\" rel=\"tag\">ibrahim evirgen<\/a><span class=\"wp-block-post-terms__separator\">, <\/span><a href=\"https:\/\/www.uzulmez.site\/?tag=ishak-kocer\" rel=\"tag\">\u0130shak Ko\u00e7er<\/a><span class=\"wp-block-post-terms__separator\">, <\/span><a href=\"https:\/\/www.uzulmez.site\/?tag=kenan-mendekli\" rel=\"tag\">Kenan Mendekli<\/a><span class=\"wp-block-post-terms__separator\">, <\/span><a href=\"https:\/\/www.uzulmez.site\/?tag=m-sehmus-guzel-2\" rel=\"tag\">m. \u015fehmus g\u00fczel<\/a><span class=\"wp-block-post-terms__separator\">, <\/span><a href=\"https:\/\/www.uzulmez.site\/?tag=mispah-hicri\" rel=\"tag\">Mispah Hicri<\/a><span class=\"wp-block-post-terms__separator\">, <\/span><a href=\"https:\/\/www.uzulmez.site\/?tag=mustafa-sutlas\" rel=\"tag\">mustafa s\u00fctla\u015f<\/a><span class=\"wp-block-post-terms__separator\">, <\/span><a href=\"https:\/\/www.uzulmez.site\/?tag=naci-gumus\" rel=\"tag\">naci g\u00fcm\u00fc\u015f<\/a><span class=\"wp-block-post-terms__separator\">, <\/span><a href=\"https:\/\/www.uzulmez.site\/?tag=nurettin-degirmenci\" rel=\"tag\">nurettin de\u011firmenci<\/a><span class=\"wp-block-post-terms__separator\">, <\/span><a href=\"https:\/\/www.uzulmez.site\/?tag=paylasmak-arzusu\" rel=\"tag\">Payla\u015fmak Arzusu<\/a><span class=\"wp-block-post-terms__separator\">, <\/span><a href=\"https:\/\/www.uzulmez.site\/?tag=radikal\" rel=\"tag\">Radikal<\/a><span class=\"wp-block-post-terms__separator\">, <\/span><a href=\"https:\/\/www.uzulmez.site\/?tag=resul-ustun\" rel=\"tag\">resul \u00fcst\u00fcn<\/a><span class=\"wp-block-post-terms__separator\">, <\/span><a href=\"https:\/\/www.uzulmez.site\/?tag=seyhmus-diken\" rel=\"tag\">\u015feyhmus diken<\/a><span class=\"wp-block-post-terms__separator\">, <\/span><a href=\"https:\/\/www.uzulmez.site\/?tag=suphi-orak\" rel=\"tag\">Suphi Orak<\/a><span class=\"wp-block-post-terms__separator\">, <\/span><a href=\"https:\/\/www.uzulmez.site\/?tag=tiroj\" rel=\"tag\">T\u00eeroj<\/a><span class=\"wp-block-post-terms__separator\">, <\/span><a href=\"https:\/\/www.uzulmez.site\/?tag=titiz-yayinlari\" rel=\"tag\">titiz yay\u0131nlar\u0131<\/a><span class=\"wp-block-post-terms__separator\">, <\/span><a href=\"https:\/\/www.uzulmez.site\/?tag=vakit\" rel=\"tag\">Vakit<\/a><span class=\"wp-block-post-terms__separator\">, <\/span><a href=\"https:\/\/www.uzulmez.site\/?tag=vedat-cetin-2\" rel=\"tag\">vedat \u00e7etin<\/a><span class=\"wp-block-post-terms__separator\">, <\/span><a href=\"https:\/\/www.uzulmez.site\/?tag=yeni-caba\" rel=\"tag\">Yeni \u00c7aba<\/a><span class=\"wp-block-post-terms__separator\">, <\/span><a href=\"https:\/\/www.uzulmez.site\/?tag=yeni-ozgur-politika\" rel=\"tag\">Yeni \u00d6zg\u00fcr Politika<\/a><span class=\"wp-block-post-terms__separator\">, <\/span><a href=\"https:\/\/www.uzulmez.site\/?tag=yeni-safak\" rel=\"tag\">Yeni \u015eafak<\/a><span class=\"wp-block-post-terms__separator\">, <\/span><a href=\"https:\/\/www.uzulmez.site\/?tag=yeni-yurt\" rel=\"tag\">yeni yurt<\/a><\/div>","protected":false},"excerpt":{"rendered":"<p>M. \u015eehmus G\u00fczel M\u00fcsl\u00fcm \u00dcz\u00fclmez\u2019in kitaplar\u0131 hakk\u0131nda yaz\u0131lanlar\u0131 derlemesi son derece ilgin\u00e7 bir giri\u015fim. Yazar\u0131 bu de\u011fi\u015fik kitab\u0131 vesilesiyle candan kutluyorum. Sevimli bir kitap olmu\u015f. Malum, yaz\u0131lanlar kitap bi\u00e7imine getirilince daha kal\u0131c\u0131 oluyor. Bu a\u00e7\u0131dan yap\u0131lan her zaman \u00f6vg\u00fcye lay\u0131k. Yaz\u0131lar\u0131n t\u00fcm\u00fcn\u00fc veya t\u00fcm\u00fcne yak\u0131n\u0131n\u0131 okumu\u015ftum, ama b\u00f6yle sevimli bir kitap olarak sunulunca yeniden g\u00f6z att\u0131m. De\u011fi\u015fik yay\u0131n organlar\u0131nda kitaplar\u0131na ili\u015fkin yaz\u0131lanlardan bir se\u00e7ki olu\u015fturmak, derli toplu bir arada olmalar\u0131n\u0131 sa\u011flamak, bunlar\u0131 merakl\u0131lar\u0131yla payla\u015fmak hem orijinal hem de \u00e7ok iyi fikir. Bir Uzun Y\u00fcr\u00fcy\u00fc\u015ft\u00fcr Ya\u015famak isimli kitapta yer alan yaz\u0131larda \u00f6vg\u00fcler, ele\u015ftiriler, \u00f6neriler ve kimi d\u00fczeltmeler var. Tan\u0131t\u0131m yaz\u0131lar\u0131 daha<\/p>\n","protected":false},"author":2,"featured_media":0,"comment_status":"open","ping_status":"open","sticky":false,"template":"","format":"standard","meta":{"footnotes":""},"categories":[1321],"tags":[2263,3022,2337,3041,1272,3034,3024,3040,3028,3016,3029,3032,3015,3026,3033,3019,3020,3031,108,3043,1534,3025,3018,1619,3014,1328,3017,298,3038,3023,1459,1515,3042,3035,2770,3027,1666,3037,3039,3030,1529],"class_list":["post-5299","post","type-post","status-publish","format-standard","hentry","category-basinda","tag-abdurrahman-uzulmez","tag-ali-riza-ulec","tag-aslan-degirmenci","tag-bendeniz-kulunuz-m-sehmus-guzel","tag-berfin-bahar","tag-bilim-ve-gelecek","tag-birgun","tag-celal-baslangic","tag-cumhuriyet-kitap","tag-enver-yorulmaz","tag-ergani-haber","tag-ergani-soz","tag-esref-uzulmez","tag-evrensel","tag-evrensel-kultur","tag-eyup-aras","tag-eyup-ozbay","tag-gap-gundemi","tag-gunluk","tag-hayati-gungoren","tag-ibrahim-evirgen","tag-ishak-kocer","tag-kenan-mendekli","tag-m-sehmus-guzel-2","tag-mispah-hicri","tag-mustafa-sutlas","tag-naci-gumus","tag-nurettin-degirmenci","tag-paylasmak-arzusu","tag-radikal","tag-resul-ustun","tag-seyhmus-diken","tag-suphi-orak","tag-tiroj","tag-titiz-yayinlari","tag-vakit","tag-vedat-cetin-2","tag-yeni-caba","tag-yeni-ozgur-politika","tag-yeni-safak","tag-yeni-yurt"],"_links":{"self":[{"href":"https:\/\/www.uzulmez.site\/index.php?rest_route=\/wp\/v2\/posts\/5299","targetHints":{"allow":["GET"]}}],"collection":[{"href":"https:\/\/www.uzulmez.site\/index.php?rest_route=\/wp\/v2\/posts"}],"about":[{"href":"https:\/\/www.uzulmez.site\/index.php?rest_route=\/wp\/v2\/types\/post"}],"author":[{"embeddable":true,"href":"https:\/\/www.uzulmez.site\/index.php?rest_route=\/wp\/v2\/users\/2"}],"replies":[{"embeddable":true,"href":"https:\/\/www.uzulmez.site\/index.php?rest_route=%2Fwp%2Fv2%2Fcomments&post=5299"}],"version-history":[{"count":1,"href":"https:\/\/www.uzulmez.site\/index.php?rest_route=\/wp\/v2\/posts\/5299\/revisions"}],"predecessor-version":[{"id":5300,"href":"https:\/\/www.uzulmez.site\/index.php?rest_route=\/wp\/v2\/posts\/5299\/revisions\/5300"}],"wp:attachment":[{"href":"https:\/\/www.uzulmez.site\/index.php?rest_route=%2Fwp%2Fv2%2Fmedia&parent=5299"}],"wp:term":[{"taxonomy":"category","embeddable":true,"href":"https:\/\/www.uzulmez.site\/index.php?rest_route=%2Fwp%2Fv2%2Fcategories&post=5299"},{"taxonomy":"post_tag","embeddable":true,"href":"https:\/\/www.uzulmez.site\/index.php?rest_route=%2Fwp%2Fv2%2Ftags&post=5299"}],"curies":[{"name":"wp","href":"https:\/\/api.w.org\/{rel}","templated":true}]}}