{"id":5183,"date":"2010-04-02T20:57:00","date_gmt":"2010-04-02T20:57:00","guid":{"rendered":"https:\/\/www.uzulmez.site\/?p=5183"},"modified":"2023-05-23T21:12:16","modified_gmt":"2023-05-23T21:12:16","slug":"guzelden-guzel-bir-kitap-ergani-yuruyor","status":"publish","type":"post","link":"https:\/\/www.uzulmez.site\/?p=5183","title":{"rendered":"G\u00fczel&#8217;den G\u00fczel Bir Kitap: Ergani Y\u00fcr\u00fcyor"},"content":{"rendered":"\n<p><em>&#8220;Yenilenlerin tarihidir bu anlataca\u011f\u0131m<br>tarihleri anlat\u0131lmayacak olanlar\u0131n tarihi.&#8221; -Francis Combes<\/em><\/p>\n\n\n\n<p>Toplumsal tarihimizde Ergani&#8217;nin \u00f6nemli bir yeri oldu\u011funu d\u00fc\u015f\u00fcn\u00fcyorum. \u00c7\u00fcnk\u00fc toplumsal uyan\u0131\u015f\u0131n ya\u015fand\u0131\u011f\u0131 ilk yerlerden biridir Ergani.<\/p>\n\n\n\n<p>1960&#8217;l\u0131 y\u0131llarda yap\u0131lan <em>K\u0131m\u0131l Mitingi<\/em>, <em>Elektrik Y\u00fcr\u00fcy\u00fc\u015f\u00fc<\/em>, <em>Lise Boykotu<\/em>, T\u00d6S&#8217;\u00fcn T\u00fcrkiye \u00e7ap\u0131ndaki boykotuna kat\u0131l\u0131m eylemi, DDKO ve T\u0130P&#8217;in faaliyetleri; ve asker u\u011furlamada meydana gelen trafik kazas\u0131 sonras\u0131ndaki devletin sorumsuzlu\u011funu -&#8220;devlet otoritesini&#8221; protesto y\u00fcr\u00fcy\u00fc\u015f\u00fc bunun kan\u0131tlar\u0131d\u0131r.<\/p>\n\n\n\n<p>M. \u015eehmus G\u00fczel, T\u00fcrkiye Sosyal Tarih Ara\u015ft\u0131rma Vakf\u0131 \u2013T\u00dcSTAV yay\u0131nlar\u0131nca yay\u0131nlanan 48 sayfal\u0131k &#8220;<strong>Ergani Y\u00fcr\u00fcyor<\/strong>&#8221; an\u0131lar kitap\u00e7\u0131\u011f\u0131yla; bizlere bu kan\u0131tlardan birini, o g\u00fczel g\u00fcnlerin hik\u00e2yesini anlatmakta; toplumsal uyan\u0131\u015f\u0131m\u0131z\u0131n an\u0131larda kalm\u0131\u015f ve neredeyse unutulmaya y\u00fcz tutmu\u015f bir kesitini sunarak haf\u0131zalar\u0131m\u0131z\u0131n tazelenmesine yard\u0131mc\u0131 olmaktad\u0131r.<\/p>\n\n\n<div class=\"wp-block-image\">\n<figure class=\"aligncenter size-full\"><img fetchpriority=\"high\" decoding=\"async\" width=\"826\" height=\"567\" src=\"https:\/\/www.uzulmez.site\/wp-content\/uploads\/2023\/05\/o-1.jpg\" alt=\"\" class=\"wp-image-5184\" srcset=\"https:\/\/www.uzulmez.site\/wp-content\/uploads\/2023\/05\/o-1.jpg 826w, https:\/\/www.uzulmez.site\/wp-content\/uploads\/2023\/05\/o-1-300x206.jpg 300w, https:\/\/www.uzulmez.site\/wp-content\/uploads\/2023\/05\/o-1-768x527.jpg 768w, https:\/\/www.uzulmez.site\/wp-content\/uploads\/2023\/05\/o-1-480x329.jpg 480w\" sizes=\"(max-width: 826px) 100vw, 826px\" \/><\/figure><\/div>\n\n\n<p>Kitap\u00e7\u0131kta anlat\u0131lan asker u\u011furlamas\u0131ndaki trafik kazas\u0131 oldu\u011funda ve protesto y\u00fcr\u00fcy\u00fc\u015f\u00fc yap\u0131ld\u0131\u011f\u0131nda ben 15 ya\u015f\u0131ndayd\u0131m.<\/p>\n\n\n\n<p>\u00dc\u00e7evler&#8217;de ya\u015f\u0131t\u0131m akraba \u00e7ocuklar\u0131 ve arkada\u015flar\u0131mla oyun oynuyordum. Saray Mahallesi&#8217;nin \u00fcst k\u0131sm\u0131nda Haci Hasenin Bah\u00e7esi civar\u0131nda bulunan Fincan&#8217;lar\u0131n evinden birden \u00e7\u0131\u011fl\u0131klar, feryatlar, a\u011f\u0131tlar y\u00fckselmeye ba\u015flad\u0131. Sonra kara haber yay\u0131ld\u0131:<\/p>\n\n\n\n<p>&#8220;Asker u\u011furlamaya gidenleri g\u00f6t\u00fcren kamyon devrilmi\u015f. \u00c7ok \u00f6l\u00fc, \u00e7ok yaral\u0131 var. Fincan&#8217;lar\u0131n o\u011flu da \u00f6lm\u00fc\u015f!..&#8221;<\/p>\n\n\n\n<p>Annem, nenem, yengelerim, amcam \u00e7ocuklar\u0131\u2026 hepimiz bizim evin dam\u0131na \u00e7\u0131kt\u0131k. Bakt\u0131k da\u011f\u0131n ete\u011finde ye\u015fillikler aras\u0131ndaki Be\u015fikta\u015f&#8217;ta da t\u00fcm Be\u015fikta\u015fl\u0131lar damlarda\u2026<\/p>\n\n\n\n<p>Tez ula\u015fan k\u00f6t\u00fc haberin duyulmas\u0131 \u00fczerine sadece \u00dc\u00e7evler ve Be\u015fikta\u015f de\u011fil, Ergani&#8217;de herkes ya yollara d\u00fc\u015ft\u00fc ya da damlara \u00e7\u0131kt\u0131: Kulaklar Fincan&#8217;lar\u0131n evinden y\u00fckselen K\u00fcrt\u00e7e feryatta, g\u00f6zler ise \u0130stasyon yolunda&#8230;<\/p>\n\n\n\n<p>Ve \u00e7ok sonra babam \u00e7ar\u015f\u0131dan geldi. K\u0131zg\u0131n ve \u00fczg\u00fcnd\u00fc. Kendisini hi\u00e7 b\u00f6yle k\u0131zg\u0131n g\u00f6rmemi\u015ftim. Aile b\u00fcy\u00fcklerime: &#8220;Devlet adamlar\u0131nda insanl\u0131k, vicdan, merhamet kalmam\u0131\u015f. Mezbahaya davar g\u00f6t\u00fcr\u00fcr gibi yaral\u0131lar\u0131 \u00fcst \u00fcste atarak, Diyarbak\u0131r&#8217;a hurda bir kamyonun arkas\u0131nda doktorsuz g\u00f6nderdiler&#8221; t\u00fcr\u00fcnden bir \u015feyler anlatt\u0131 \u00fcz\u00fcn bir ifadeyle.<\/p>\n\n\n\n<p>\u0130ki g\u00fcn sonrada \u00e7ar\u015f\u0131da \u00e7ok kalabal\u0131k bir y\u00fcr\u00fcy\u00fc\u015f\u00fcn yap\u0131ld\u0131\u011f\u0131n\u0131 duydum. O g\u00fcnlere dair b\u00fct\u00fcn hat\u0131rlad\u0131klar\u0131m bunlar.<\/p>\n\n\n\n<p>Y\u0131llar sonra, 30 Temmuz 1965&#8217;teki bu kaza nedeniyle 2 A\u011fustos 1965&#8217;te yap\u0131lan y\u00fcr\u00fcy\u00fc\u015fle ilgili bir foto\u011fraf\u0131 18 Eyl\u00fcl 2009&#8217;da Diyarbak\u0131r \u0130leti\u015fim Grubuyla payla\u015ft\u0131m. Asl\u0131nda y\u00fcr\u00fcy\u00fc\u015fle ilgili foto\u011fraflar \u00e7ok \u00f6nceden, ta 2004&#8217;te elime ge\u00e7mi\u015fti. O zaman foto\u011fraflar\u0131n bu y\u00fcr\u00fcy\u00fc\u015fe ait olabilece\u011fi akl\u0131ma gelmemi\u015fti. Ergani&#8217;de yap\u0131lan miting ve y\u00fcr\u00fcy\u00fc\u015flerden biridir diye d\u00fc\u015f\u00fcnm\u00fc\u015ft\u00fcm. Ve bu foto\u011fraflar\u0131 2005&#8217;te yay\u0131nlanan <strong>\u00c7ay\u00f6n\u00fc&#8217;nden Ergani&#8217;ye Uzun bir y\u00fcr\u00fcy\u00fc\u015f<\/strong> kitab\u0131mda sayfa 220&#8217;de &#8220;Ergani&#8217;de yap\u0131lan bir y\u00fcr\u00fcy\u00fc\u015f&#8221;; sayfa 689&#8217;da ise &#8220;Adil \u00d6zt\u00fcrk. H\u00fcrriyet muhabiri olarak Ergani&#8217;de yap\u0131lan bir y\u00fcr\u00fcy\u00fc\u015f\u00fc izlerken&#8221; resim alt\u0131 yaz\u0131lar\u0131yla kulland\u0131m.<\/p>\n\n\n\n<p>Kitab\u0131m \u00e7\u0131kt\u0131ktan sonra, Rahmi G\u00fczel&#8217;le bir sohbetimizde: &#8220;Abi, senin en \u00f6nde y\u00fcr\u00fcd\u00fc\u011f\u00fcn ve Atat\u00fcrk&#8217;\u00fcn foto\u011fraf\u0131n\u0131 kalkan gibi \u00f6n\u00fcnde ta\u015f\u0131d\u0131\u011f\u0131n o y\u00fcr\u00fcy\u00fc\u015f\u00fc hat\u0131rl\u0131yor musun? Neyin nesiydi o y\u00fcr\u00fcy\u00fc\u015f?&#8221; diye sordu\u011fumda; Rahmi -akl\u0131mda kald\u0131\u011f\u0131 kadar\u0131yla-; &#8220;Asker u\u011furlamada \u0130stasyon yolunda trakt\u00f6r devrildi. \u00d6l\u00fc ve \u00e7ok yaral\u0131 vard\u0131. Kaymakam\u0131n \u015fof\u00f6r\u00fc &#8220;Kaymakam Bey&#8217;in arabas\u0131 pislenir&#8221; diye arabay\u0131 vermemesi \u00fczerine y\u00fcr\u00fcy\u00fc\u015f yap\u0131ld\u0131. Y\u00fcr\u00fcy\u00fc\u015f, o y\u00fcr\u00fcy\u00fc\u015ft\u00fcr.&#8221; \u015feklinde bir a\u00e7\u0131klamada bulundu.<\/p>\n\n\n\n<p>18 Eyl\u00fcl 2009 g\u00fcn\u00fc bu foto\u011fraflardan iyi olan\u0131n\u0131 (di\u011feri fotokopiydi) Diyarbak\u0131r \u0130leti\u015fim Grubuyla payla\u015ft\u0131m. Foto\u011frafla birlikte Rahmi G\u00fczel&#8217;in anlatt\u0131klar\u0131ndan akl\u0131mda kalanlar\u0131 da not d\u00fc\u015ft\u00fcm; ve &#8220;Belki De\u011ferli Hocam M. \u015e. G\u00fczel bizlere bu konuda bir \u015feyler yazabilir&#8221; diye, Hocama g\u00fczel bir pas att\u0131m.<\/p>\n\n\n\n<p>Ve iyi ki M. \u015eehmus G\u00fczel Hocama bu pas\u0131 atm\u0131\u015f\u0131m. Ve iyi ki Diyarbak\u0131r \u0130leti\u015fim Grubuyla bu foto\u011fraf\u0131 payla\u015fm\u0131\u015f\u0131m. E\u011fer bunlar\u0131 yapmam\u0131\u015f olsayd\u0131m \u201c<strong>Ergani Y\u00fcr\u00fcyor<\/strong>\u201d an\u0131lar kitap\u00e7\u0131\u011f\u0131 belki de olmayacakt\u0131. Payla\u015f\u0131ld\u0131k\u00e7a bilginin zenginle\u015fmesi bu olsa gerek.<\/p>\n\n\n\n<p>&#8220;Ergani Y\u00fcr\u00fcyor&#8221; an\u0131lar kitap\u00e7\u0131\u011f\u0131n\u0131n bilinen ve bilinmeyen t\u00fcm &#8220;haf\u0131za silicileri&#8221;ne ra\u011fmen bireysel ve toplumsal belle\u011fimizin\/tarihimizin olu\u015fmas\u0131na katk\u0131 yapaca\u011f\u0131n\u0131 d\u00fc\u015f\u00fcn\u00fcyorum. &#8220;Ergani Y\u00fcr\u00fcyor&#8221;, art\u0131k bizim kitab\u0131m\u0131z. Kitab\u0131n s\u0131cak, i\u00e7ten ve sade bir anlat\u0131m\u0131 var. Her sat\u0131r\u0131nda Ergani, her sat\u0131r\u0131nda tarihten \u00e7\u0131kar\u0131lacak &#8220;ders&#8221;ler var.<\/p>\n\n\n\n<p>M.\u015e. G\u00fczel, ismi gibi g\u00fczel bu kitab\u0131 kaleme ald\u0131\u011f\u0131 i\u00e7in ve de bu kitab\u0131n yaz\u0131l\u0131\u015f\u0131na vesile olu\u015fumu belirterek \u015fahs\u0131mdan \u00f6vg\u00fcyle s\u00f6z etmesinden dolay\u0131 Hocama sayg\u0131 ve te\u015fekk\u00fcrlerimi sunuyorum. Ayr\u0131ca bu foto\u011fraf gibi y\u00fczlerce foto\u011fraf\u0131 bize arma\u011fan eden gazete bayili\u011fi, gazete muhabirli\u011fi gibi bir\u00e7ok i\u015fle u\u011fra\u015fan ve on parma\u011f\u0131nda on marifet olan &#8220;Sinemac\u0131&#8221; Adil \u00d6zt\u00fcrk&#8217;\u00fc de burada sayg\u0131yla an\u0131yorum. &#8220;Adil Amca&#8221;n\u0131n bu ve daha bir\u00e7ok foto\u011fraf\u0131n\u0131 bana veren o\u011flu ve ada\u015f\u0131 Dr. Adil \u00d6zt\u00fcrk&#8217;e de \u00e7ok \u00e7ok te\u015fekk\u00fcr ediyorum.<\/p>\n\n\n\n<p>Hocam eline sa\u011fl\u0131k!<\/p>\n\n\n\n<p class=\"has-small-font-size\"><em>2 Nisan 2010 tarihinde Ergani Haber gazetesinde,<br>2 Nisan 2010 tarihinde www.kritize.net sitesinde,<br>4 Nisan 2010 tarihinde www.sivildusunce.com sitesinde yay\u0131nland\u0131.<\/em><\/p>\n\n\n\n<p><\/p>\n\n\n<div class=\"taxonomy-post_tag wp-block-post-terms\"><a href=\"https:\/\/www.uzulmez.site\/?tag=adil-ozturk\" rel=\"tag\">Adil \u00d6zt\u00fcrk<\/a><span class=\"wp-block-post-terms__separator\">, <\/span><a href=\"https:\/\/www.uzulmez.site\/?tag=ddko\" rel=\"tag\">DDKO<\/a><span class=\"wp-block-post-terms__separator\">, <\/span><a href=\"https:\/\/www.uzulmez.site\/?tag=elektrik-yuruyusu\" rel=\"tag\">Elektrik Y\u00fcr\u00fcy\u00fc\u015f\u00fc<\/a><span class=\"wp-block-post-terms__separator\">, <\/span><a href=\"https:\/\/www.uzulmez.site\/?tag=ergani\" rel=\"tag\">ergani<\/a><span class=\"wp-block-post-terms__separator\">, <\/span><a href=\"https:\/\/www.uzulmez.site\/?tag=ergani-yuruyor\" rel=\"tag\">Ergani Y\u00fcr\u00fcyor<\/a><span class=\"wp-block-post-terms__separator\">, <\/span><a href=\"https:\/\/www.uzulmez.site\/?tag=francis-combes\" rel=\"tag\">Francis Combes<\/a><span class=\"wp-block-post-terms__separator\">, <\/span><a href=\"https:\/\/www.uzulmez.site\/?tag=haci-hasenin-bahcesi\" rel=\"tag\">Haci Hasenin Bah\u00e7esi<\/a><span class=\"wp-block-post-terms__separator\">, <\/span><a href=\"https:\/\/www.uzulmez.site\/?tag=kimil-mitingi\" rel=\"tag\">K\u0131m\u0131l Mitingi<\/a><span class=\"wp-block-post-terms__separator\">, <\/span><a href=\"https:\/\/www.uzulmez.site\/?tag=kurtce-feryat\" rel=\"tag\">K\u00fcrt\u00e7e feryat<\/a><span class=\"wp-block-post-terms__separator\">, <\/span><a href=\"https:\/\/www.uzulmez.site\/?tag=lise-boykotu\" rel=\"tag\">Lise Boykotu<\/a><span class=\"wp-block-post-terms__separator\">, <\/span><a href=\"https:\/\/www.uzulmez.site\/?tag=m-sehmus-guzel-2\" rel=\"tag\">m. \u015fehmus g\u00fczel<\/a><span class=\"wp-block-post-terms__separator\">, <\/span><a href=\"https:\/\/www.uzulmez.site\/?tag=rahmi-guzel\" rel=\"tag\">Rahmi G\u00fczel<\/a><span class=\"wp-block-post-terms__separator\">, <\/span><a href=\"https:\/\/www.uzulmez.site\/?tag=saray-mahallesi\" rel=\"tag\">Saray Mahallesi<\/a><span class=\"wp-block-post-terms__separator\">, <\/span><a href=\"https:\/\/www.uzulmez.site\/?tag=tip-2\" rel=\"tag\">T\u0130P<\/a><span class=\"wp-block-post-terms__separator\">, <\/span><a href=\"https:\/\/www.uzulmez.site\/?tag=tos-2\" rel=\"tag\">t\u00f6s<\/a><span class=\"wp-block-post-terms__separator\">, <\/span><a href=\"https:\/\/www.uzulmez.site\/?tag=tustav\" rel=\"tag\">t\u00fcstav<\/a><span class=\"wp-block-post-terms__separator\">, <\/span><a href=\"https:\/\/www.uzulmez.site\/?tag=ucevler\" rel=\"tag\">\u00dc\u00e7evler<\/a><\/div>","protected":false},"excerpt":{"rendered":"<p>&#8220;Yenilenlerin tarihidir bu anlataca\u011f\u0131mtarihleri anlat\u0131lmayacak olanlar\u0131n tarihi.&#8221; -Francis Combes Toplumsal tarihimizde Ergani&#8217;nin \u00f6nemli bir yeri oldu\u011funu d\u00fc\u015f\u00fcn\u00fcyorum. \u00c7\u00fcnk\u00fc toplumsal uyan\u0131\u015f\u0131n ya\u015fand\u0131\u011f\u0131 ilk yerlerden biridir Ergani. 1960&#8217;l\u0131 y\u0131llarda yap\u0131lan K\u0131m\u0131l Mitingi, Elektrik Y\u00fcr\u00fcy\u00fc\u015f\u00fc, Lise Boykotu, T\u00d6S&#8217;\u00fcn T\u00fcrkiye \u00e7ap\u0131ndaki boykotuna kat\u0131l\u0131m eylemi, DDKO ve T\u0130P&#8217;in faaliyetleri; ve asker u\u011furlamada meydana gelen trafik kazas\u0131 sonras\u0131ndaki devletin sorumsuzlu\u011funu -&#8220;devlet otoritesini&#8221; protesto y\u00fcr\u00fcy\u00fc\u015f\u00fc bunun kan\u0131tlar\u0131d\u0131r. M. \u015eehmus G\u00fczel, T\u00fcrkiye Sosyal Tarih Ara\u015ft\u0131rma Vakf\u0131 \u2013T\u00dcSTAV yay\u0131nlar\u0131nca yay\u0131nlanan 48 sayfal\u0131k &#8220;Ergani Y\u00fcr\u00fcyor&#8221; an\u0131lar kitap\u00e7\u0131\u011f\u0131yla; bizlere bu kan\u0131tlardan birini, o g\u00fczel g\u00fcnlerin hik\u00e2yesini anlatmakta; toplumsal uyan\u0131\u015f\u0131m\u0131z\u0131n an\u0131larda kalm\u0131\u015f ve neredeyse unutulmaya y\u00fcz tutmu\u015f bir kesitini sunarak haf\u0131zalar\u0131m\u0131z\u0131n tazelenmesine<\/p>\n","protected":false},"author":2,"featured_media":0,"comment_status":"open","ping_status":"open","sticky":false,"template":"","format":"standard","meta":{"footnotes":""},"categories":[1197,1064],"tags":[2674,1978,2724,129,2641,2728,2730,2726,2732,2725,1619,2733,2731,2727,1311,1561,2729],"class_list":["post-5183","post","type-post","status-publish","format-standard","hentry","category-kultur","category-tarih","tag-adil-ozturk","tag-ddko","tag-elektrik-yuruyusu","tag-ergani","tag-ergani-yuruyor","tag-francis-combes","tag-haci-hasenin-bahcesi","tag-kimil-mitingi","tag-kurtce-feryat","tag-lise-boykotu","tag-m-sehmus-guzel-2","tag-rahmi-guzel","tag-saray-mahallesi","tag-tip-2","tag-tos-2","tag-tustav","tag-ucevler"],"_links":{"self":[{"href":"https:\/\/www.uzulmez.site\/index.php?rest_route=\/wp\/v2\/posts\/5183","targetHints":{"allow":["GET"]}}],"collection":[{"href":"https:\/\/www.uzulmez.site\/index.php?rest_route=\/wp\/v2\/posts"}],"about":[{"href":"https:\/\/www.uzulmez.site\/index.php?rest_route=\/wp\/v2\/types\/post"}],"author":[{"embeddable":true,"href":"https:\/\/www.uzulmez.site\/index.php?rest_route=\/wp\/v2\/users\/2"}],"replies":[{"embeddable":true,"href":"https:\/\/www.uzulmez.site\/index.php?rest_route=%2Fwp%2Fv2%2Fcomments&post=5183"}],"version-history":[{"count":1,"href":"https:\/\/www.uzulmez.site\/index.php?rest_route=\/wp\/v2\/posts\/5183\/revisions"}],"predecessor-version":[{"id":5185,"href":"https:\/\/www.uzulmez.site\/index.php?rest_route=\/wp\/v2\/posts\/5183\/revisions\/5185"}],"wp:attachment":[{"href":"https:\/\/www.uzulmez.site\/index.php?rest_route=%2Fwp%2Fv2%2Fmedia&parent=5183"}],"wp:term":[{"taxonomy":"category","embeddable":true,"href":"https:\/\/www.uzulmez.site\/index.php?rest_route=%2Fwp%2Fv2%2Fcategories&post=5183"},{"taxonomy":"post_tag","embeddable":true,"href":"https:\/\/www.uzulmez.site\/index.php?rest_route=%2Fwp%2Fv2%2Ftags&post=5183"}],"curies":[{"name":"wp","href":"https:\/\/api.w.org\/{rel}","templated":true}]}}