{"id":5065,"date":"2011-02-02T13:49:00","date_gmt":"2011-02-02T13:49:00","guid":{"rendered":"https:\/\/www.uzulmez.site\/?p=5065"},"modified":"2023-05-21T14:03:47","modified_gmt":"2023-05-21T14:03:47","slug":"tarihi-yapilari-kurtarmak-insanlik-borcudur","status":"publish","type":"post","link":"https:\/\/www.uzulmez.site\/?p=5065","title":{"rendered":"Tarihi Yap\u0131lar\u0131 Kurtarmak \u0130nsanl\u0131k Borcudur"},"content":{"rendered":"\n<p>Ocak ay\u0131n\u0131n son haftas\u0131<strong> \u201c\u00c7\u00fcng\u00fc\u015f\u2019teki Kilise Kurtar\u0131lamaz m\u0131?\u201d<\/strong> ba\u015fl\u0131kl\u0131 yaz\u0131m \u00e7e\u015fitli gazete ve web sitelerinde yay\u0131nland\u0131. Bu yaz\u0131n\u0131n yay\u0131nlan\u0131\u015f\u0131ndan \u00f6nce \u00fcyesi oldu\u011fum <em>Diyarbekir Yahoo Grubu<\/em>\u2019nda belli aral\u0131klarla kiliseye ait g\u00fcnde iki adet olmak \u00fczere toplamda 18 adet foto\u011fraf\u0131 ve ard\u0131ndan s\u00f6z konusu yaz\u0131m\u0131 grup \u00fcyeleriyle payla\u015ft\u0131m.<\/p>\n\n\n\n<p>Yaz\u0131 ve foto\u011fraflar\u0131n yay\u0131nlanmas\u0131ndan sonra ba\u015fta <strong>HAYCAR &#8211;<\/strong><strong>Hayrat Canland\u0131ran Ve Ara\u015ft\u0131ran Mimar Ve M\u00fchendisler Dayan\u0131\u015fma Derne\u011fi<\/strong> \u00fcyeleri olmak \u00fczere, hem grup \u00fcyelerinden, hem de de\u011fi\u015fik kesimlerden \u00e7ok say\u0131da telefonla veya g\u00f6nderilen mail\u2019lerle \u00e7ok olumlu mesajlar alarak teselli buldum. Umar\u0131m yaz\u0131m ve foto\u011fraflar bir i\u015fe yarar.<\/p>\n\n\n\n<p>Bizler, bu Ermeni kilisesi gibi ne yaz\u0131k ki halklar aras\u0131ndaki ili\u015fkileri de harabe ald\u0131k. Bu nedenle kiliseye sahip \u00e7\u0131k\u0131lmas\u0131, kilisenin onar\u0131lmas\u0131 ve kurtar\u0131lmas\u0131 \u00e7ok \u00f6nem ta\u015f\u0131maktad\u0131r. E\u011fer kilise kurtar\u0131l\u0131rsa, insanl\u0131k borcumuzu \u00f6demenin yan\u0131nda \u00e7ocuklar\u0131m\u0131z aras\u0131nda daha iyi bir ili\u015fkinin kurulmas\u0131na y\u00f6nelik yap\u0131lan \u00e7al\u0131\u015fmalara da bir katk\u0131 sa\u011flanm\u0131\u015f oluruz diye d\u00fc\u015f\u00fcn\u00fcyorum.<\/p>\n\n\n\n<p>Telefonla veya mail atarak duyarl\u0131l\u0131k g\u00f6steren herkese \u00e7ok te\u015fekk\u00fcr ediyorum ve Nurettin De\u011firmenci\u2019den gelen yaz\u0131y\u0131 payla\u015fmak istiyorum:<\/p>\n\n\n\n<p>\u201c<em>Sevgili M\u00fcsl\u00fcm,<\/em><\/p>\n\n\n\n<p><em>Yaz\u0131lar\u0131n\u0131 okuyor, \u00e7ekti\u011fin resimlere dikkatlice bak\u0131yorum. Resimlerde sadece y\u0131k\u0131lan, harap olan kutsal mek\u00e2nlar\u0131 de\u011fil; onlar\u0131n yak\u0131l\u0131p y\u0131k\u0131lmas\u0131na \u00f6nderlik eden ba\u011fnaz d\u00fc\u015f\u00fcnceli y\u00f6neticileri, sessiz kalan ilkel insanlar\u0131 g\u00f6r\u00fcyorum.<\/em><\/p>\n\n\n\n<p><em>1960\u2019l\u0131 y\u0131llarda \u00c7ermik\u2019te harabe halinde kilise kal\u0131nt\u0131lar\u0131 vard\u0131. Bu kal\u0131nt\u0131lar hakk\u0131nda kimse konu\u015fmazd\u0131. Ya\u015fl\u0131lar, gen\u00e7lere ve \u00e7ocuklara, y\u0131k\u0131nt\u0131lar hakk\u0131nda k\u0131r\u0131nt\u0131 bi\u00e7iminde bile bilgi vermezdi. \u00c7ocuklar ve gen\u00e7ler, y\u0131k\u0131nt\u0131lar\u0131 merak etmezdi. Ara s\u0131ra alt\u0131n aray\u0131c\u0131lar\u0131n geceleri y\u0131k\u0131nt\u0131larda dola\u015ft\u0131\u011f\u0131 s\u00f6ylenirdi.<\/em><\/p>\n\n\n\n<p><em>Sonra, \u201cK\u00fc\u00e7\u00fck Hoca\u201d unvanl\u0131 biri, y\u0131k\u0131nt\u0131lar\u0131n bulundu\u011fu yerlere cami yapt\u0131rma \u00e7abas\u0131na giri\u015fti; \u00e7o\u011funlukla ba\u015far\u0131l\u0131 oldu. Ankara ve \u0130stanbul\u2019da ya\u015fayan \u00c7ermikliler ba\u015fta olmak \u00fczere resmi kurumlardan edindi\u011fi desteklerle camiler yap\u0131ld\u0131. \u00c7ermiklilerin ve resmi g\u00f6revlilerin sessiz kalmas\u0131 sonucu, \u00c7ermiklilerin belle\u011fi tarihi kiliseler t\u00fcmden yok oldu.<\/em><\/p>\n\n\n\n<p><em>Nas\u0131l olmu\u015fsa; \u00c7\u00fcng\u00fc\u015f\u2019te, g\u00f6revlilerin g\u00f6z\u00fcnden ka\u00e7an y\u0131k\u0131lm\u0131\u015f yap\u0131 varl\u0131\u011f\u0131n\u0131 s\u00fcrd\u00fcrebilmi\u015f.<\/em><\/p>\n\n\n\n<p><em>Bu harabe halindeki yap\u0131n\u0131n durumu, tarihi eser ve kutsal mek\u00e2n olarak bizleri \u00fcz\u00fcyor. Peki, o yap\u0131y\u0131 ortaya \u00e7\u0131karan ve orada y\u0131llarca dua eden Ermenilerin, her t\u00fcrl\u00fc insani felakete u\u011frayan geriye kalanlar\u0131 nas\u0131l ac\u0131 duyuyorlard\u0131r acaba?<\/em><\/p>\n\n\n\n<p><em>\u0130nsan olmak, olu\u015fumlara ve olaylara, uzayl\u0131 gibi bakabilmektir.<\/em><\/p>\n\n\n\n<p><em>T\u00fcrkiye\u2019deki renkli-desenli y\u00f6neticiler, hem kutsal mek\u00e2nlara sayg\u0131l\u0131 oldu\u011funu s\u00f6yler, hem 21. y\u00fczy\u0131lda ya\u015fad\u0131\u011f\u0131n\u0131 iddia eder, hem de kendinden olmad\u0131\u011f\u0131 sayd\u0131\u011f\u0131 tarihi eserleri ortadan kald\u0131rmak i\u00e7in sinsice \u00e7aba harcar; i\u015fte \u00e7ok y\u00fczl\u00fcl\u00fck buna derim.<\/em><\/p>\n\n\n\n<p><em>Bereket versin, Kemalistlerin dini inan\u0131\u015flar\u0131 yoktur da tarihi kiliselerin yok edilmesini, di\u011fer tarih eserlerin yok edilmesi gibi rahatl\u0131kla kabulleniyorlar.<\/em><\/p>\n\n\n\n<p><em>Tarihi yap\u0131lar\u0131 korumak, gelecek nesillere ula\u015fmas\u0131n\u0131 sa\u011flamak insanl\u0131k borcudur. Bu insanl\u0131k g\u00f6revini ba\u015far\u0131yla yerine getirenler evrensel mutlulu\u011fu hak ederler.<\/em><\/p>\n\n\n\n<p><em>Bizler karanl\u0131kta ya\u015fayan canl\u0131lar gibi b\u00fcy\u00fcd\u00fck ve do\u011fumumuzdan 40-50 y\u0131l \u00f6nceki olaylara, 1000 y\u0131l \u00f6nce ortaya \u00e7\u0131km\u0131\u015f olaylar gibi yabanc\u0131 kald\u0131k. Sorgulama nedir bilmeyen canl\u0131lar olarak yeti\u015ftik. Solcu, sa\u011fc\u0131, Atat\u00fcrk\u00e7\u00fc, dindar\u2026 olduk; ama ger\u00e7eklere g\u00f6zlerimizi kapamay\u0131, kulaklar\u0131m\u0131z\u0131 t\u0131kamay\u0131 \u00e7ocuklu\u011fumuzda belleklerimize kaz\u0131d\u0131k.<\/em><\/p>\n\n\n\n<p><em>Ger\u00e7ekler, tatl\u0131 yalanlarla b\u00fcy\u00fcm\u00fc\u015f insanlar\u0131 rahats\u0131z eder, ac\u0131 verir. Di\u011fer yandan, \u201cGer\u00e7ekleri ara\u015ft\u0131rmak gerekir!\u201d diyen bizler, ac\u0131 ger\u00e7ekler kar\u015f\u0131s\u0131nda hiddetlenmekten, \u00f6fkelenmekten kendimizi alam\u0131yoruz. K\u0131saca: \u00c7o\u011funlukla dua, beddua, \u00f6vg\u00fc, s\u00f6vg\u00fc ile g\u00fcnlerimizi ya\u015f\u0131yoruz.<\/em><\/p>\n\n\n\n<p><em>Ya\u015fad\u0131\u011f\u0131m\u0131z ortam renkli yalanlarla \u00e7evrilidir. Yalanlar\u0131n \u00fcst\u00fcn\u00fcn a\u00e7\u0131lmas\u0131 \u015fiddetli tepkilere neden oluyor. De\u011fi\u015fik tepkilerden \u00f6t\u00fcr\u00fc, yalanlar\u0131 yaratan d\u00fc\u015f\u00fcnce sistemleri aras\u0131nda \u00f6l\u00e7\u00fcl\u00fc ili\u015fki kuram\u0131yoruz. \u00d6rnekler verelim:<\/em><\/p>\n\n\n\n<p><em>1-Baz\u0131 kesimlere g\u00f6re, \u0130ttihat ve Terakki Cemiyeti;<\/em><\/p>\n\n\n\n<p><em>2-Baz\u0131 kesimlere g\u00f6re, II. Abd\u00fclhamit k\u00f6t\u00fcl\u00fcklerin kayna\u011f\u0131d\u0131r.<\/em><\/p>\n\n\n\n<p><em>Bu iki d\u00fc\u015f\u00fcnce sistemi ne kadar birbirinden kopuktur?<\/em><\/p>\n\n\n\n<p><em>II. Abd\u00fclhamit d\u00fc\u015f\u00fcnce sistemi, \u0130ttihat ve Terakki Cemiyetini yaratmam\u0131\u015f m\u0131d\u0131r?<\/em><\/p>\n\n\n\n<p><em>3-T\u00fcrkiye Cumhuriyeti temel felsefi ile II. Abd\u00fclhamit ve \u0130ttihat ve Terakki Cemiyeti felsefeleri aras\u0131nda nas\u0131l yak\u0131nl\u0131k vard\u0131r? T\u00fcrkiye Cumhuriyeti temel felsefesi, \u0130ttihat ve Terakki Cemiyeti temel felsefesinden ne kadar uzakt\u0131r?<\/em><\/p>\n\n\n\n<p><em>4-G\u00fcn\u00fcm\u00fczdeki resmi ideoloji ile II. Abd\u00fclhamit d\u00fc\u015f\u00fcnce sistemi aras\u0131nda nas\u0131l ili\u015fki vard\u0131r?<\/em><\/p>\n\n\n\n<p><em>\u0130stanbul B\u00fcy\u00fck\u015fehir Belediye Ba\u015fkan aday\u0131 Bedrettin Dalan, \u201cDolmabah\u00e7e Saray\u0131 sanat ad\u0131na bir rezalettir ve mimar\u0131 Ermeni Balyan Usta\u2019d\u0131r\u201d dedi. (13-1-1994)<\/em><\/p>\n\n\n\n<p><em>Bu h\u0131rs\u0131z, yalanc\u0131, g\u00f6rev yapt\u0131\u011f\u0131 kurumu soyan, ka\u00e7ak (olduk\u00e7a vatansever!) ile \u0130ttihat ve Terakki Cemiyeti y\u00f6neticileri aras\u0131ndaki ili\u015fki nedir, birbirlerine ne kadar yak\u0131nd\u0131rlar acaba?<\/em><\/p>\n\n\n\n<p><em>Yaz\u0131 ve \u00e7ekti\u011fin resimlerden \u00f6t\u00fcr\u00fc seni kutlar, \u00e7al\u0131\u015fmalar\u0131nda ba\u015far\u0131lar dilerim. (26.01.2011)\u201d<\/em><\/p>\n\n\n\n<p class=\"has-small-font-size\"><em><strong>2 Mart 2011 tarihinde<\/strong>:<br>http:\/\/www.gelawej.net ba\u015fta olmak \u00fczere bir\u00e7ok site ve yerel gazetede yay\u0131mland\u0131.<\/em><\/p>\n\n\n\n<p><\/p>\n\n\n<div class=\"taxonomy-post_tag wp-block-post-terms\"><a href=\"https:\/\/www.uzulmez.site\/?tag=bedrettin-dalan\" rel=\"tag\">Bedrettin Dalan<\/a><span class=\"wp-block-post-terms__separator\">, <\/span><a href=\"https:\/\/www.uzulmez.site\/?tag=cermik-2\" rel=\"tag\">\u00e7ermik<\/a><span class=\"wp-block-post-terms__separator\">, <\/span><a href=\"https:\/\/www.uzulmez.site\/?tag=cungus\" rel=\"tag\">\u00e7\u00fcng\u00fc\u015f<\/a><span class=\"wp-block-post-terms__separator\">, <\/span><a href=\"https:\/\/www.uzulmez.site\/?tag=cungusteki-kilise-kurtarilamaz-mi\" rel=\"tag\">\u00c7\u00fcng\u00fc\u015f\u2019teki Kilise Kurtar\u0131lamaz m\u0131?<\/a><span class=\"wp-block-post-terms__separator\">, <\/span><a href=\"https:\/\/www.uzulmez.site\/?tag=dolmabahce-sarayi\" rel=\"tag\">Dolmabah\u00e7e Saray\u0131<\/a><span class=\"wp-block-post-terms__separator\">, <\/span><a href=\"https:\/\/www.uzulmez.site\/?tag=ermeni-balyan-usta\" rel=\"tag\">Ermeni Balyan Usta<\/a><span class=\"wp-block-post-terms__separator\">, <\/span><a href=\"https:\/\/www.uzulmez.site\/?tag=ermeni-kilisesi\" rel=\"tag\">Ermeni kilisesi<\/a><span class=\"wp-block-post-terms__separator\">, <\/span><a href=\"https:\/\/www.uzulmez.site\/?tag=haycar-hayrat-canlandiran-ve-arastiran-mimar-ve-muhendisler-dayanisma-dernegi\" rel=\"tag\">HAYCAR -Hayrat Canland\u0131ran Ve Ara\u015ft\u0131ran Mimar Ve M\u00fchendisler Dayan\u0131\u015fma Derne\u011fi<\/a><span class=\"wp-block-post-terms__separator\">, <\/span><a href=\"https:\/\/www.uzulmez.site\/?tag=ii-abdulhamit\" rel=\"tag\">II. Abd\u00fclhamit<\/a><span class=\"wp-block-post-terms__separator\">, <\/span><a href=\"https:\/\/www.uzulmez.site\/?tag=ittihat-ve-terakki-cemiyeti\" rel=\"tag\">ittihat ve terakki cemiyeti<\/a><span class=\"wp-block-post-terms__separator\">, <\/span><a href=\"https:\/\/www.uzulmez.site\/?tag=kucuk-hoca\" rel=\"tag\">K\u00fc\u00e7\u00fck Hoca<\/a><span class=\"wp-block-post-terms__separator\">, <\/span><a href=\"https:\/\/www.uzulmez.site\/?tag=nurettin-degirmenci\" rel=\"tag\">nurettin de\u011firmenci<\/a><\/div>","protected":false},"excerpt":{"rendered":"<p>Ocak ay\u0131n\u0131n son haftas\u0131 \u201c\u00c7\u00fcng\u00fc\u015f\u2019teki Kilise Kurtar\u0131lamaz m\u0131?\u201d ba\u015fl\u0131kl\u0131 yaz\u0131m \u00e7e\u015fitli gazete ve web sitelerinde yay\u0131nland\u0131. Bu yaz\u0131n\u0131n yay\u0131nlan\u0131\u015f\u0131ndan \u00f6nce \u00fcyesi oldu\u011fum Diyarbekir Yahoo Grubu\u2019nda belli aral\u0131klarla kiliseye ait g\u00fcnde iki adet olmak \u00fczere toplamda 18 adet foto\u011fraf\u0131 ve ard\u0131ndan s\u00f6z konusu yaz\u0131m\u0131 grup \u00fcyeleriyle payla\u015ft\u0131m. Yaz\u0131 ve foto\u011fraflar\u0131n yay\u0131nlanmas\u0131ndan sonra ba\u015fta HAYCAR &#8211;Hayrat Canland\u0131ran Ve Ara\u015ft\u0131ran Mimar Ve M\u00fchendisler Dayan\u0131\u015fma Derne\u011fi \u00fcyeleri olmak \u00fczere, hem grup \u00fcyelerinden, hem de de\u011fi\u015fik kesimlerden \u00e7ok say\u0131da telefonla veya g\u00f6nderilen mail\u2019lerle \u00e7ok olumlu mesajlar alarak teselli buldum. Umar\u0131m yaz\u0131m ve foto\u011fraflar bir i\u015fe yarar. Bizler, bu Ermeni kilisesi gibi ne yaz\u0131k ki halklar<\/p>\n","protected":false},"author":2,"featured_media":0,"comment_status":"open","ping_status":"open","sticky":false,"template":"","format":"standard","meta":{"footnotes":""},"categories":[1197,1064],"tags":[2377,1107,2375,2369,2372,2376,2371,2370,2373,2374,2368,298],"class_list":["post-5065","post","type-post","status-publish","format-standard","hentry","category-kultur","category-tarih","tag-bedrettin-dalan","tag-cermik-2","tag-cungus","tag-cungusteki-kilise-kurtarilamaz-mi","tag-dolmabahce-sarayi","tag-ermeni-balyan-usta","tag-ermeni-kilisesi","tag-haycar-hayrat-canlandiran-ve-arastiran-mimar-ve-muhendisler-dayanisma-dernegi","tag-ii-abdulhamit","tag-ittihat-ve-terakki-cemiyeti","tag-kucuk-hoca","tag-nurettin-degirmenci"],"_links":{"self":[{"href":"https:\/\/www.uzulmez.site\/index.php?rest_route=\/wp\/v2\/posts\/5065","targetHints":{"allow":["GET"]}}],"collection":[{"href":"https:\/\/www.uzulmez.site\/index.php?rest_route=\/wp\/v2\/posts"}],"about":[{"href":"https:\/\/www.uzulmez.site\/index.php?rest_route=\/wp\/v2\/types\/post"}],"author":[{"embeddable":true,"href":"https:\/\/www.uzulmez.site\/index.php?rest_route=\/wp\/v2\/users\/2"}],"replies":[{"embeddable":true,"href":"https:\/\/www.uzulmez.site\/index.php?rest_route=%2Fwp%2Fv2%2Fcomments&post=5065"}],"version-history":[{"count":1,"href":"https:\/\/www.uzulmez.site\/index.php?rest_route=\/wp\/v2\/posts\/5065\/revisions"}],"predecessor-version":[{"id":5066,"href":"https:\/\/www.uzulmez.site\/index.php?rest_route=\/wp\/v2\/posts\/5065\/revisions\/5066"}],"wp:attachment":[{"href":"https:\/\/www.uzulmez.site\/index.php?rest_route=%2Fwp%2Fv2%2Fmedia&parent=5065"}],"wp:term":[{"taxonomy":"category","embeddable":true,"href":"https:\/\/www.uzulmez.site\/index.php?rest_route=%2Fwp%2Fv2%2Fcategories&post=5065"},{"taxonomy":"post_tag","embeddable":true,"href":"https:\/\/www.uzulmez.site\/index.php?rest_route=%2Fwp%2Fv2%2Ftags&post=5065"}],"curies":[{"name":"wp","href":"https:\/\/api.w.org\/{rel}","templated":true}]}}