{"id":4962,"date":"2020-11-20T12:34:00","date_gmt":"2020-11-20T12:34:00","guid":{"rendered":"https:\/\/www.uzulmez.site\/?p=4962"},"modified":"2023-07-01T15:36:03","modified_gmt":"2023-07-01T15:36:03","slug":"ergani-ilcesi-monografisi-2","status":"publish","type":"post","link":"https:\/\/www.uzulmez.site\/?p=4962","title":{"rendered":"Ergani \u0130l\u00e7esi Monografisi-2"},"content":{"rendered":"\n<p>Yaz\u0131n\u0131n \u00f6ncesi: <a href=\"https:\/\/www.uzulmez.site\/?p=4959\" data-type=\"post\" data-id=\"4959\">Bir Mezuniyet Tezi: Ergani \u0130l\u00e7esinin Monografisi<\/a><\/p>\n\n\n\n<div style=\"height:30px\" aria-hidden=\"true\" class=\"wp-block-spacer\"><\/div>\n\n\n\n<p>Tarihi mek\u00e2n ve yap\u0131lara sahip \u00e7\u0131kmak \u00e7ok \u00f6nemlidir. \u00c7\u00fcnk\u00fc mek\u00e2nlar, yap\u0131lar, kurum ve tarihi nesneler bir yerle\u015fim yerinin kimli\u011fini olu\u015fturur. Nas\u0131l kimliksiz bir insan hi\u00e7se, tarihi mek\u00e2n ve yap\u0131lar da yok oldu\u011funda\/edildi\u011finde o kent kimli\u011fini yitirerek hi\u00e7le\u015fir. \u0130nsanlar ge\u00e7mi\u015fini unutur, tarihle aras\u0131ndaki ba\u011flar kopar. Maurice Halbwachs&#8217;n\u0131n dedi\u011fi gibi &#8220;<em>yer, hat\u0131rlaman\u0131n \u00e7er\u00e7evesini sunar<\/em>.&#8221; Ne yaz\u0131k ki, Ergani\u2019de tarihi yap\u0131lar\u0131, mek\u00e2nlar\u0131 koruyamad\u0131k; \u00fc\u00e7 katl\u0131 g\u00fczelim ta\u015f yap\u0131l\u0131 \u0130nk\u0131lap \u0130lk Okulu gibi nice yap\u0131 y\u0131k\u0131ld\u0131, yerine beton y\u0131\u011f\u0131n\u0131 yap\u0131lar y\u00fckseldi. Saray mahallesindeki ta\u015f yap\u0131lar harabeye d\u00f6nd\u00fc. Konak ve g\u00fczelim ta\u015f evler bir bir yok oldu. Ergani\u2019nin kimli\u011fiyle \u00f6zde\u015fle\u015fen Belediye Park\u0131 ve ikiz karde\u015fi eski Adliye binas\u0131n\u0131n \u00f6n\u00fcndeki park kimli\u011finden kopar\u0131l\u0131p her ikisi birle\u015ftirilerek acayip bir parka d\u00f6n\u00fc\u015ft\u00fc. Tesellimiz eski Kaymakaml\u0131k binas\u0131n\u0131n kurtar\u0131l\u0131\u015f\u0131 oldu. Sizleri bilmem, ama payla\u015ft\u0131\u011f\u0131m bu d\u00f6rt foto\u011fraf bende bu duygular\u0131 \u00e7a\u011fr\u0131\u015ft\u0131rd\u0131.<\/p>\n\n\n\n<p><em>Kaynak: \u0130stanbul \u00dcniversitesi Edebiyat Fak\u00fcltesi K\u00fct\u00fcphanesi, Yerel Yer Numaras\u0131: 04264<\/em><\/p>\n\n\n\n<p><em>(*) Bir nolu foto\u011fraf bir \u00f6nceki yaz\u0131mda yer almaktad\u0131r.<\/em><\/p>\n\n\n<div class=\"wp-block-image\">\n<figure class=\"aligncenter size-full is-resized\"><img fetchpriority=\"high\" decoding=\"async\" src=\"https:\/\/www.uzulmez.site\/wp-content\/uploads\/2023\/05\/resim-23.png\" alt=\"\" class=\"wp-image-4963\" width=\"506\" height=\"339\" srcset=\"https:\/\/www.uzulmez.site\/wp-content\/uploads\/2023\/05\/resim-23.png 417w, https:\/\/www.uzulmez.site\/wp-content\/uploads\/2023\/05\/resim-23-300x201.png 300w\" sizes=\"(max-width: 506px) 100vw, 506px\" \/><figcaption class=\"wp-element-caption\">2. Ergani\u2019nin Yama\u00e7taki Bah\u00e7elerden Ovaya Do\u011fru G\u00f6r\u00fcn\u00fc\u015f\u00fc (1966)<\/figcaption><\/figure><\/div>\n\n\n<p class=\"has-text-align-center\"><\/p>\n\n\n<div class=\"wp-block-image\">\n<figure class=\"aligncenter size-full is-resized\"><img decoding=\"async\" src=\"https:\/\/www.uzulmez.site\/wp-content\/uploads\/2023\/05\/resim-24.png\" alt=\"\" class=\"wp-image-4964\" width=\"513\" height=\"346\" srcset=\"https:\/\/www.uzulmez.site\/wp-content\/uploads\/2023\/05\/resim-24.png 445w, https:\/\/www.uzulmez.site\/wp-content\/uploads\/2023\/05\/resim-24-300x202.png 300w\" sizes=\"(max-width: 513px) 100vw, 513px\" \/><figcaption class=\"wp-element-caption\">3. Ergani\u2019de Kaymakaml\u0131k Binas\u0131 (1966)<\/figcaption><\/figure><\/div>\n\n\n<p class=\"has-text-align-center\"><\/p>\n\n\n<div class=\"wp-block-image\">\n<figure class=\"aligncenter size-full is-resized\"><img decoding=\"async\" src=\"https:\/\/www.uzulmez.site\/wp-content\/uploads\/2023\/05\/resim-25.png\" alt=\"\" class=\"wp-image-4965\" width=\"515\" height=\"764\" srcset=\"https:\/\/www.uzulmez.site\/wp-content\/uploads\/2023\/05\/resim-25.png 293w, https:\/\/www.uzulmez.site\/wp-content\/uploads\/2023\/05\/resim-25-202x300.png 202w\" sizes=\"(max-width: 515px) 100vw, 515px\" \/><figcaption class=\"wp-element-caption\">4. Ergani\u2019de Ulu Cami (1966)<\/figcaption><\/figure><\/div>\n\n\n<p class=\"has-text-align-center\"><\/p>\n\n\n<div class=\"wp-block-image\">\n<figure class=\"aligncenter size-full is-resized\"><img loading=\"lazy\" decoding=\"async\" src=\"https:\/\/www.uzulmez.site\/wp-content\/uploads\/2023\/05\/resim-26.png\" alt=\"\" class=\"wp-image-4966\" width=\"578\" height=\"390\" srcset=\"https:\/\/www.uzulmez.site\/wp-content\/uploads\/2023\/05\/resim-26.png 492w, https:\/\/www.uzulmez.site\/wp-content\/uploads\/2023\/05\/resim-26-300x202.png 300w, https:\/\/www.uzulmez.site\/wp-content\/uploads\/2023\/05\/resim-26-480x324.png 480w\" sizes=\"(max-width: 578px) 100vw, 578px\" \/><figcaption class=\"wp-element-caption\">5. Ergani\u2019de Hastahane Binas\u0131 (1966)<\/figcaption><\/figure><\/div>\n\n\n<p class=\"has-text-align-center\"><\/p>\n\n\n\n<p>Yaz\u0131n\u0131n devam\u0131: <a href=\"https:\/\/www.uzulmez.site\/?p=4969\" data-type=\"post\" data-id=\"4969\">Ergani \u0130l\u00e7esi Monografisi-3<\/a><\/p>\n\n\n\n<div style=\"height:30px\" aria-hidden=\"true\" class=\"wp-block-spacer\"><\/div>\n\n\n\n<p class=\"has-small-font-size\"><em><strong>20 Kas\u0131m 2020 tarihinde<\/strong>:<br>https:\/\/www.erganihaber.net\/haber\/8097\/ergani-ilcesinin-monografisi-2.html de yay\u0131mland\u0131.<\/em><\/p>\n\n\n<div class=\"taxonomy-post_tag wp-block-post-terms\"><a href=\"https:\/\/www.uzulmez.site\/?tag=ergani-ilcesi-monografisi\" rel=\"tag\">ergani il\u00e7esi monografisi<\/a><span class=\"wp-block-post-terms__separator\">, <\/span><a href=\"https:\/\/www.uzulmez.site\/?tag=gulden-ulug\" rel=\"tag\">g\u00fclden ulu\u011f<\/a><span class=\"wp-block-post-terms__separator\">, <\/span><a href=\"https:\/\/www.uzulmez.site\/?tag=hastahane-binasi-yil-1966\" rel=\"tag\">Hastahane Binas\u0131 (Y\u0131l: 1966)<\/a><span class=\"wp-block-post-terms__separator\">, <\/span><a href=\"https:\/\/www.uzulmez.site\/?tag=istanbul-universitesi-edebiyat-fakultesi-kutuphanesi\" rel=\"tag\">istanbul \u00fcniversitesi edebiyat fak\u00fcltesi k\u00fct\u00fcphanesi<\/a><span class=\"wp-block-post-terms__separator\">, <\/span><a href=\"https:\/\/www.uzulmez.site\/?tag=kaymakamlik-binasi-yil-1966\" rel=\"tag\">Kaymakaml\u0131k Binas\u0131 (Y\u0131l: 1966)<\/a><span class=\"wp-block-post-terms__separator\">, <\/span><a href=\"https:\/\/www.uzulmez.site\/?tag=maurice-halbwachs\" rel=\"tag\">Maurice Halbwachs<\/a><span class=\"wp-block-post-terms__separator\">, <\/span><a href=\"https:\/\/www.uzulmez.site\/?tag=ulu-cami-yil-1966\" rel=\"tag\">Ulu Cami (Y\u0131l: 1966)<\/a><\/div>","protected":false},"excerpt":{"rendered":"<p>Yaz\u0131n\u0131n \u00f6ncesi: Bir Mezuniyet Tezi: Ergani \u0130l\u00e7esinin Monografisi Tarihi mek\u00e2n ve yap\u0131lara sahip \u00e7\u0131kmak \u00e7ok \u00f6nemlidir. \u00c7\u00fcnk\u00fc mek\u00e2nlar, yap\u0131lar, kurum ve tarihi nesneler bir yerle\u015fim yerinin kimli\u011fini olu\u015fturur. Nas\u0131l kimliksiz bir insan hi\u00e7se, tarihi mek\u00e2n ve yap\u0131lar da yok oldu\u011funda\/edildi\u011finde o kent kimli\u011fini yitirerek hi\u00e7le\u015fir. \u0130nsanlar ge\u00e7mi\u015fini unutur, tarihle aras\u0131ndaki ba\u011flar kopar. Maurice Halbwachs&#8217;n\u0131n dedi\u011fi gibi &#8220;yer, hat\u0131rlaman\u0131n \u00e7er\u00e7evesini sunar.&#8221; Ne yaz\u0131k ki, Ergani\u2019de tarihi yap\u0131lar\u0131, mek\u00e2nlar\u0131 koruyamad\u0131k; \u00fc\u00e7 katl\u0131 g\u00fczelim ta\u015f yap\u0131l\u0131 \u0130nk\u0131lap \u0130lk Okulu gibi nice yap\u0131 y\u0131k\u0131ld\u0131, yerine beton y\u0131\u011f\u0131n\u0131 yap\u0131lar y\u00fckseldi. Saray mahallesindeki ta\u015f yap\u0131lar harabeye d\u00f6nd\u00fc. Konak ve g\u00fczelim ta\u015f evler bir bir yok oldu.<\/p>\n","protected":false},"author":2,"featured_media":0,"comment_status":"open","ping_status":"open","sticky":false,"template":"","format":"standard","meta":{"footnotes":""},"categories":[1197],"tags":[2279,2278,2285,2283,2281,2284,2280],"class_list":["post-4962","post","type-post","status-publish","format-standard","hentry","category-kultur","tag-ergani-ilcesi-monografisi","tag-gulden-ulug","tag-hastahane-binasi-yil-1966","tag-istanbul-universitesi-edebiyat-fakultesi-kutuphanesi","tag-kaymakamlik-binasi-yil-1966","tag-maurice-halbwachs","tag-ulu-cami-yil-1966"],"_links":{"self":[{"href":"https:\/\/www.uzulmez.site\/index.php?rest_route=\/wp\/v2\/posts\/4962","targetHints":{"allow":["GET"]}}],"collection":[{"href":"https:\/\/www.uzulmez.site\/index.php?rest_route=\/wp\/v2\/posts"}],"about":[{"href":"https:\/\/www.uzulmez.site\/index.php?rest_route=\/wp\/v2\/types\/post"}],"author":[{"embeddable":true,"href":"https:\/\/www.uzulmez.site\/index.php?rest_route=\/wp\/v2\/users\/2"}],"replies":[{"embeddable":true,"href":"https:\/\/www.uzulmez.site\/index.php?rest_route=%2Fwp%2Fv2%2Fcomments&post=4962"}],"version-history":[{"count":4,"href":"https:\/\/www.uzulmez.site\/index.php?rest_route=\/wp\/v2\/posts\/4962\/revisions"}],"predecessor-version":[{"id":6633,"href":"https:\/\/www.uzulmez.site\/index.php?rest_route=\/wp\/v2\/posts\/4962\/revisions\/6633"}],"wp:attachment":[{"href":"https:\/\/www.uzulmez.site\/index.php?rest_route=%2Fwp%2Fv2%2Fmedia&parent=4962"}],"wp:term":[{"taxonomy":"category","embeddable":true,"href":"https:\/\/www.uzulmez.site\/index.php?rest_route=%2Fwp%2Fv2%2Fcategories&post=4962"},{"taxonomy":"post_tag","embeddable":true,"href":"https:\/\/www.uzulmez.site\/index.php?rest_route=%2Fwp%2Fv2%2Ftags&post=4962"}],"curies":[{"name":"wp","href":"https:\/\/api.w.org\/{rel}","templated":true}]}}