{"id":4957,"date":"2020-04-17T11:42:00","date_gmt":"2020-04-17T11:42:00","guid":{"rendered":"https:\/\/www.uzulmez.site\/?p=4957"},"modified":"2023-06-19T09:48:10","modified_gmt":"2023-06-19T09:48:10","slug":"kahveler-tek-basina-icildigi-icin-tadi-yok","status":"publish","type":"post","link":"https:\/\/www.uzulmez.site\/?p=4957","title":{"rendered":"Kahveler Tek Ba\u015f\u0131na \u0130\u00e7ildi\u011fi \u0130\u00e7in Tad\u0131 Yok"},"content":{"rendered":"\n<p><em>\u201cArt\u0131k yaln\u0131zca sese s\u0131\u011f\u0131n\u0131yoruz<br>I\u015f\u0131kl\u0131 geceye.<br>Kime gidece\u011fiz,<br>Hangi s\u00f6zle anlataca\u011f\u0131z ac\u0131y\u0131,<br>Hangi dilde ba\u011f\u0131\u015flanmay\u0131 dileyece\u011fiz?<br>Bize saf bir ba\u015flang\u0131\u00e7 gerekli<br>Kelimelerin g\u00fcn do\u011fumunda\u201d -Bejan Matur<\/em><\/p>\n\n\n\n<p>\u0130nan\u0131lmas\u0131 zor ve sonu\u00e7lar\u0131 hi\u00e7 de iyi olmayan g\u00fcnler ya\u015f\u0131yoruz. Koronavir\u00fcs denilen k\u00fc\u00e7\u00fcc\u00fck bir \u015fey esir ald\u0131 bizleri. Ya\u015fant\u0131m\u0131z\u0131 sil ba\u015ftan de\u011fi\u015ftirdi. \u00c7aresizce, ya\u015famla \u00f6l\u00fcm aras\u0131nda k\u0131st\u0131r\u0131lm\u0131\u015f bir vaziyette evlerimize kapand\u0131k. Bilim kurgu atmosferini and\u0131ran \u015fehrin bo\u015f sokaklar\u0131yla evlerimizin \u00e7o\u011fu \u015fimdi bir kabuktan ibaret, b\u00f6cekler gibi koruyucu kabuklar\u0131m\u0131za \u00e7ekildik.<\/p>\n\n\n\n<p>Zay\u0131f ve \u00e7aresiziz. Yaslar\u0131m\u0131z\u0131 tutam\u0131yoruz. Dokunmaya, sar\u0131lmaya, tenin s\u0131cakl\u0131\u011f\u0131na hasret kald\u0131k. Dualar\u0131n yerini \u201cne olacak\u201d bekleyi\u015fi ald\u0131. En geli\u015fkin cihazlar\u0131 uzay\u0131n derinli\u011fine g\u00f6nderenler, Mars\u2019a yolculu\u011fu tasarlayanlar, her \u015feye sahip olunca her \u015feye h\u00e2kim olacaklar\u0131n\u0131 d\u00fc\u015f\u00fcnenler, k\u00fc\u00e7\u00fcc\u00fck bir vir\u00fcs\u00fcn yay\u0131lmas\u0131 kar\u015f\u0131s\u0131nda \u015fimdi \u00e7aresiz.<\/p>\n\n\n\n<p>Hastal\u0131k ve \u00f6l\u00fcm\u00fcn geometrik art\u0131\u015fta oldu\u011fu b\u00f6ylesi zor g\u00fcnlerde zorluklar hep birlikte a\u015f\u0131lmas\u0131 gerekirken, kendini bilmez bencil kindar kafalardan ne yaz\u0131k ki h\u00e2l\u00e2 \u00e7atlak sesler \u00e7\u0131k\u0131yor. \u0130nfaz yasas\u0131nda etnik ve siyasi d\u00fc\u015f\u00fcnce ayr\u0131m\u0131 yap\u0131lmas\u0131n\u0131n yan\u0131nda, muhalefet vir\u00fcs olarak tan\u0131mlanmaktad\u0131r. D\u00fcnya Sa\u011fl\u0131k \u00d6rg\u00fct\u00fc gibi kurumlar, baz\u0131 devletler, farkl\u0131 uluslara mensup insanlar karalan\u0131p su\u00e7lan\u0131yor ve mevcut duvarlara yeni duvarlar ekleniyor; t\u00fcm duvarlar\u0131n hep birlikte k\u00fcresel bir sa\u00e7mal\u0131k oldu\u011funu bilmelerine ra\u011fmen. Ama Covit 19 s\u0131n\u0131r, etnik k\u00f6ken ve sosyal stat\u00fc tan\u0131m\u0131yor. \u00d6r\u00fclen t\u00fcm duvarlar\u0131 a\u015f\u0131yor, hava gibi yay\u0131l\u0131p her yere ve her kese dokunuyor.<\/p>\n\n\n\n<p>Burada yaman bir \u00e7eli\u015fki var. Vir\u00fcs\u00fcn yay\u0131l\u0131m\u0131 k\u00fcresel, \u00f6nlemler ulusal s\u0131n\u0131rlar d\u00e2hilinde. Herkes evinin i\u00e7ini temizlesin deniliyor, peki evlerimizin \u00f6n\u00fc ne olacak? Kafalar kar\u0131\u015f\u0131k. M\u00fchendis bir arkada\u015f\u0131m payla\u015ft\u0131\u011f\u0131 bir mesajdaki gibi: \u201c\u00dclke ters d\u00fcz oldu\u2026 Sa\u011fc\u0131lar cami kapatt\u0131, solcular s\u0131k\u0131y\u00f6netim istiyor, sofiler alkol pe\u015finde\u2026\u201d<\/p>\n\n\n\n<p>D\u00fcnyam\u0131z uzun s\u00fcredir ilk defa bu denli k\u00fcresel boyutta \u00e7aresizlik, hastal\u0131k ve \u00f6l\u00fcmle kar\u015f\u0131 kar\u015f\u0131ya kald\u0131. Bilim insanlar\u0131 ve yetkililerin \u201cevde kal\u201d a\u00e7\u0131klamalar\u0131na uyarak evlerimize kapand\u0131k; bekliyoruz. Yap\u0131lacak \u00e7ok fazla bir \u015fey yok. Kendimizi, \u00f6zellikle de ak\u0131l sa\u011fl\u0131\u011f\u0131m\u0131z\u0131 korumal\u0131 ve hayat\u0131 kucaklamal\u0131y\u0131z. Tan\u0131d\u0131klara, \u00e7evremizde bulunan insanlara yard\u0131mc\u0131 olup moral vermeliyiz. Derin ac\u0131lar ya\u015fasak da bu g\u00fcnlerin mutlaka ge\u00e7ece\u011fine inanmal\u0131y\u0131z. Ya\u015fayaca\u011f\u0131m\u0131z daha g\u00fczel g\u00fcnlerimiz ve biriktirece\u011fimiz \u00e7ok g\u00fczel an\u0131lar\u0131m\u0131z olacak. \u0130nan\u0131n, o g\u00fcnler hi\u00e7 de uzak de\u011fil. Yapmam\u0131z gereken \u015fey ya\u015fam\u0131n anlam\u0131n\u0131 yeniden d\u00fc\u015f\u00fcn\u00fcp h\u0131rs ve nefisimizi terbiye ederek do\u011fan\u0131n sesine birazc\u0131k kulak vermektir.<\/p>\n\n\n\n<p>Sanat ele\u015ftirmeni, yazar John Berger <strong>Portreler<\/strong> adl\u0131 kitab\u0131nda Juan Mu\u00f1oz (1953-2001) hakk\u0131nda yazd\u0131\u011f\u0131 yaz\u0131s\u0131nda hayali olarak Naz\u0131m Hikmet\u2019le mektupla\u015f\u0131r. Bu mektuplar\u0131ndan birinde, her ne kadar farkl\u0131 bir ba\u011flamda s\u00f6ylemi\u015f olsa da, sanki bug\u00fcn bizlere seslenmektedir:<\/p>\n\n\n\n<p>\u201cTarih ba\u015ftan ba\u015fa ger\u00e7ekle\u015fmesi beklenilen, yitirilen ve yeniden ye\u015feren \u00fcmitlerden ibaret. Ve yeni \u00fcmitler yeni kuramlara yol a\u00e7\u0131yor. Ama b\u00fcy\u00fck kalabal\u0131klar i\u00e7in, cesaret ve sevgiden ba\u015fka hi\u00e7bir \u015feyi ya da pek az \u015feyi olanlar i\u00e7in, \u00fcmidin alg\u0131lan\u0131\u015f\u0131 farkl\u0131d\u0131r. Bu durumda \u00fcmit di\u015flerini ge\u00e7irdi\u011fin bir \u015feydir. Unutma bunu. Ger\u00e7ek\u00e7i ol. \u00dcmit di\u015flerin aras\u0131ndayken yorgunluk v\u0131z gelir, ihtiyac\u0131n oldu\u011funda direnme g\u00fcc\u00fc bulursun; bu g\u00fc\u00e7 sayesinde olmad\u0131k yerde ba\u011f\u0131r\u0131lmayaca\u011f\u0131n\u0131, asla yakarmamak gerekti\u011fini bilirsin. \u00dcmidi di\u015fleriyle yakalam\u0131\u015f gen\u00e7 bir k\u0131z\u0131n ya da delikanl\u0131n\u0131n karde\u015fli\u011fi sayg\u0131 uyand\u0131r\u0131r. Ger\u00e7ek hayatta \u00fcmit beslemeyenler yaln\u0131zl\u0131\u011fa mahk\u00fbmdur. Ac\u0131nmaktan ba\u015fka bir \u015fey gelmez ellerinden. Ve geceyi kazas\u0131z belas\u0131z atlat\u0131p yeni bir g\u00fcn\u00fc hayal ederken di\u015flerin aras\u0131ndaki bu \u00fcmitlerin taze ya da y\u0131pranm\u0131\u015f olmas\u0131 \u00f6nemli de\u011fildir. Bir kahve i\u00e7sek mi?\u201d (Metis Yay\u0131nlar\u0131, s.456-7)<\/p>\n\n\n\n<p>***<\/p>\n\n\n\n<p>\u015eimdi kahveler tek ba\u015f\u0131na i\u00e7ildi\u011fi i\u00e7in tad\u0131 yok, bu zor g\u00fcnleri bir atlatal\u0131m, tad\u0131na doyum olmaz g\u00fczelim kahveleri ben yapaca\u011f\u0131m. S\u00f6z.<\/p>\n\n\n\n<p class=\"has-small-font-size\"><em><strong>17 Nisan 2020 tarihinde ve sonras\u0131nda<\/strong>:<br>http:\/\/www.ruhanews.com\/kose-yazisi\/428\/kahveler-tek-basina-icildigi-icin-tadi-yok.html<br>https:\/\/www.gaphaberleri.com\/kose-yazisi\/680\/kahveler-tek-basina-icildigi-icin-tadi-yok.html<br>https:\/\/www.tigrishaber.com\/kahveler-tek-basina-icildigi-icin-tadi-yok-3987yy.htm<br>http:\/\/www.erganihaber.net\/kose-yazisi\/1365\/kahveler-tek-basina-icildigi-icin-tadi-yok.html<br>http:\/\/www.karikaturistik.com\/<br>yay\u0131mland\u0131.<\/em><\/p>\n\n\n<div class=\"taxonomy-post_tag wp-block-post-terms\"><a href=\"https:\/\/www.uzulmez.site\/?tag=bejan-matur\" rel=\"tag\">Bejan Matur<\/a><span class=\"wp-block-post-terms__separator\">, <\/span><a href=\"https:\/\/www.uzulmez.site\/?tag=covit-19\" rel=\"tag\">Covit 19<\/a><span class=\"wp-block-post-terms__separator\">, <\/span><a href=\"https:\/\/www.uzulmez.site\/?tag=john-berger\" rel=\"tag\">john berger<\/a><span class=\"wp-block-post-terms__separator\">, <\/span><a href=\"https:\/\/www.uzulmez.site\/?tag=juan-munoz\" rel=\"tag\">Juan Mu\u00f1oz<\/a><span class=\"wp-block-post-terms__separator\">, <\/span><a href=\"https:\/\/www.uzulmez.site\/?tag=koronavirus\" rel=\"tag\">koronavir\u00fcs<\/a><span class=\"wp-block-post-terms__separator\">, <\/span><a href=\"https:\/\/www.uzulmez.site\/?tag=nazim-hikmet\" rel=\"tag\">naz\u0131m hikmet<\/a><span class=\"wp-block-post-terms__separator\">, <\/span><a href=\"https:\/\/www.uzulmez.site\/?tag=portreler\" rel=\"tag\">Portreler<\/a><span class=\"wp-block-post-terms__separator\">, <\/span><a href=\"https:\/\/www.uzulmez.site\/?tag=virus\" rel=\"tag\">Vir\u00fcs<\/a><\/div>","protected":false},"excerpt":{"rendered":"<p>\u201cArt\u0131k yaln\u0131zca sese s\u0131\u011f\u0131n\u0131yoruzI\u015f\u0131kl\u0131 geceye.Kime gidece\u011fiz,Hangi s\u00f6zle anlataca\u011f\u0131z ac\u0131y\u0131,Hangi dilde ba\u011f\u0131\u015flanmay\u0131 dileyece\u011fiz?Bize saf bir ba\u015flang\u0131\u00e7 gerekliKelimelerin g\u00fcn do\u011fumunda\u201d -Bejan Matur \u0130nan\u0131lmas\u0131 zor ve sonu\u00e7lar\u0131 hi\u00e7 de iyi olmayan g\u00fcnler ya\u015f\u0131yoruz. Koronavir\u00fcs denilen k\u00fc\u00e7\u00fcc\u00fck bir \u015fey esir ald\u0131 bizleri. Ya\u015fant\u0131m\u0131z\u0131 sil ba\u015ftan de\u011fi\u015ftirdi. \u00c7aresizce, ya\u015famla \u00f6l\u00fcm aras\u0131nda k\u0131st\u0131r\u0131lm\u0131\u015f bir vaziyette evlerimize kapand\u0131k. Bilim kurgu atmosferini and\u0131ran \u015fehrin bo\u015f sokaklar\u0131yla evlerimizin \u00e7o\u011fu \u015fimdi bir kabuktan ibaret, b\u00f6cekler gibi koruyucu kabuklar\u0131m\u0131za \u00e7ekildik. Zay\u0131f ve \u00e7aresiziz. Yaslar\u0131m\u0131z\u0131 tutam\u0131yoruz. Dokunmaya, sar\u0131lmaya, tenin s\u0131cakl\u0131\u011f\u0131na hasret kald\u0131k. Dualar\u0131n yerini \u201cne olacak\u201d bekleyi\u015fi ald\u0131. En geli\u015fkin cihazlar\u0131 uzay\u0131n derinli\u011fine g\u00f6nderenler, Mars\u2019a yolculu\u011fu tasarlayanlar, her \u015feye sahip olunca her<\/p>\n","protected":false},"author":2,"featured_media":0,"comment_status":"open","ping_status":"open","sticky":false,"template":"","format":"standard","meta":{"footnotes":""},"categories":[3901,97],"tags":[2271,2270,684,2268,641,140,2272,2269],"class_list":["post-4957","post","type-post","status-publish","format-standard","hentry","category-bilim","category-politika","tag-bejan-matur","tag-covit-19","tag-john-berger","tag-juan-munoz","tag-koronavirus","tag-nazim-hikmet","tag-portreler","tag-virus"],"_links":{"self":[{"href":"https:\/\/www.uzulmez.site\/index.php?rest_route=\/wp\/v2\/posts\/4957","targetHints":{"allow":["GET"]}}],"collection":[{"href":"https:\/\/www.uzulmez.site\/index.php?rest_route=\/wp\/v2\/posts"}],"about":[{"href":"https:\/\/www.uzulmez.site\/index.php?rest_route=\/wp\/v2\/types\/post"}],"author":[{"embeddable":true,"href":"https:\/\/www.uzulmez.site\/index.php?rest_route=\/wp\/v2\/users\/2"}],"replies":[{"embeddable":true,"href":"https:\/\/www.uzulmez.site\/index.php?rest_route=%2Fwp%2Fv2%2Fcomments&post=4957"}],"version-history":[{"count":1,"href":"https:\/\/www.uzulmez.site\/index.php?rest_route=\/wp\/v2\/posts\/4957\/revisions"}],"predecessor-version":[{"id":4958,"href":"https:\/\/www.uzulmez.site\/index.php?rest_route=\/wp\/v2\/posts\/4957\/revisions\/4958"}],"wp:attachment":[{"href":"https:\/\/www.uzulmez.site\/index.php?rest_route=%2Fwp%2Fv2%2Fmedia&parent=4957"}],"wp:term":[{"taxonomy":"category","embeddable":true,"href":"https:\/\/www.uzulmez.site\/index.php?rest_route=%2Fwp%2Fv2%2Fcategories&post=4957"},{"taxonomy":"post_tag","embeddable":true,"href":"https:\/\/www.uzulmez.site\/index.php?rest_route=%2Fwp%2Fv2%2Ftags&post=4957"}],"curies":[{"name":"wp","href":"https:\/\/api.w.org\/{rel}","templated":true}]}}