{"id":4654,"date":"2015-06-19T10:34:00","date_gmt":"2015-06-19T10:34:00","guid":{"rendered":"https:\/\/www.uzulmez.site\/?p=4654"},"modified":"2023-05-11T10:52:55","modified_gmt":"2023-05-11T10:52:55","slug":"yazi-yazmanin-bir-erdemi-olmalidir","status":"publish","type":"post","link":"https:\/\/www.uzulmez.site\/?p=4654","title":{"rendered":"Yaz\u0131 Yazman\u0131n Bir Erdemi Olmal\u0131d\u0131r"},"content":{"rendered":"\n<p><em>Aptal insanlar\u0131n \u00e7o\u011fu \u015fahsi menfaatlerinin \u00f6tesini d\u00fc\u015f\u00fcnmeleri \u00e7ok zor oldu\u011fundan kolayca kepazeliklere imza atarlar.<\/em><\/p>\n\n\n\n<p><strong>Tigris Haber<\/strong> (Diyarbak\u0131r) gazetesinde, yay\u0131na ba\u015flad\u0131\u011f\u0131 g\u00fcnden beri imk\u00e2n bulduk\u00e7a bana ayr\u0131lan k\u00f6\u015fede yaz\u0131lar yaz\u0131yorum. Gazeteyi \u0130stanbul\u2019da olmam nedeniyle ancak internet ortam\u0131ndan, gazetenin web sitesinden takip edebiliyorum.<\/p>\n\n\n\n<p>S\u0131dd\u0131k Alg\u00fcl denen \u015fahs\u0131nda ayn\u0131 gazetede dizi halinde \u201c<strong><em>Kaybolan Meslekler<\/em><\/strong>\u201d ba\u015fl\u0131\u011f\u0131 alt\u0131nda yaz\u0131lar\u0131 yay\u0131nlan\u0131yor. \u015eu anda g\u00f6rebildi\u011fim kadar\u0131yla Tigris Haber\u2019in web sitesinde 14 Haziran 2015 tarihinde girilmi\u015f \u201c<strong><em>Kaybolan Meslekler <\/em><\/strong><em>(15)<\/em>\u201d yay\u0131nda.<\/p>\n\n\n\n<p>S\u0131dd\u0131k Alg\u00fcl\u2019\u00fcn k\u00f6\u015fesinde yay\u0131nlanan \u201c<em>kaybolan meslekler<\/em>\u201dle ilgili on be\u015f yaz\u0131n\u0131n hemen hemen t\u00fcm\u00fc her \u015feyiyle bana aittir. \u0130ntihal edilen yaz\u0131m Haziran 2007\u2019de Ergani\u2019de o zaman g\u00fcnl\u00fck yay\u0131nlanan <strong>Ergani Postas\u0131<\/strong> gazetesinde \u201c<strong><em>Kaybolan Meslekler, Kaybolan Nesneler<\/em><\/strong>\u201d ba\u015fl\u0131\u011f\u0131 alt\u0131nda yay\u0131nland\u0131. Sonra da kendi \u015fahsi web sitemde yay\u0131na konuldu.<\/p>\n\n\n\n<p>S\u00f6z konusu yaz\u0131m \u015fu anda \u015fahsi sitemde yay\u0131ndad\u0131r.<\/p>\n\n\n\n<p>Merak edenler <a href=\"http:\/\/www.uzulmez.info\/muslum\/makale\/meslekler.htm\" target=\"_blank\" rel=\"noopener\"><em>http:\/\/www.uzulmez.info\/muslum\/makale\/meslekler.htm<\/em><\/a> den bak\u0131p inceleyebilir. S\u0131dd\u0131k Alg\u00fcl\u2019un k\u00f6\u015fesinde yay\u0131nlanan yaz\u0131larla sitemdeki yaz\u0131 kar\u015f\u0131la\u015ft\u0131r\u0131p durumun vahametini g\u00f6r\u00fclebilir.<\/p>\n\n\n\n<p>Ba\u015fta da yazd\u0131\u011f\u0131m gibi, yaz\u0131lar\u0131n yakla\u015f\u0131k %90\u2019\u0131 noktas\u0131 virg\u00fcl\u00fc ile bana ait. Bu sav\u0131m\u0131n kan\u0131t\u0131 olarak benim \u201c<em>Kaybolan Meslekler, Kaybolan Nesneler<\/em>\u201d ba\u015fl\u0131kl\u0131 yaz\u0131mla S\u0131dd\u0131k Alg\u00fcl\u2019\u00fcn k\u00f6\u015fesinde yay\u0131nlan yaz\u0131lar\u0131ndan sadece \u00fc\u00e7 \u00f6rnek verece\u011fim. Geriye kalanlara art\u0131k sizler karar verin.<\/p>\n\n\n\n<p><strong><em>Birinci \u00f6rnek<\/em><\/strong><em>; <\/em>\u201c<em>Kaybolan Meslekler, Kaybolan Nesneler<\/em>\u201d ba\u015fl\u0131kl\u0131 yaz\u0131m\u0131n hemen ba\u015flang\u0131\u00e7 k\u0131sm\u0131ndan:<\/p>\n\n\n\n<p>\u00ab<strong>Kaybolan Meslekler, Tarihe Kar\u0131\u015fan Nesneler<\/strong><\/p>\n\n\n\n<p>\u201c<em>Zihnim kendi zaman\u0131 i\u00e7inde ilerlemeye ihtiya\u00e7 duyar, bir ba\u015fkas\u0131n\u0131n zaman\u0131na boyun e\u011fmez<\/em>!\u201d -Rousseau<\/p>\n\n\n\n<p>I. Kaybolan Meslekler<\/p>\n\n\n\n<p>Sanat\u00e7\u0131lar, yazarlar ve gazetecilerin ya\u015fad\u0131\u011f\u0131 d\u00f6nemin tan\u0131klar\u0131 oldu\u011fu s\u00f6ylenir. Bu tan\u0131kl\u0131k, sanat\u00e7\u0131 ve yazar\u0131n u\u00e7suz bucaks\u0131z d\u00fc\u015fsel d\u00fcnyas\u0131nda an\u0131, foto\u011fraf ve yaz\u0131lar\u0131nda kal\u0131c\u0131la\u015f\u0131rsa bir anlam kazan\u0131r. Kan\u0131mca sanat\u00e7\u0131lar, yazarlar ve gazeteciler topluma kar\u015f\u0131 sorumlu olduklar\u0131ndan biraz da buna mecburdurlar.<\/p>\n\n\n\n<p>D\u00fcnya \u00e7ok h\u0131zl\u0131 d\u00f6n\u00fcyor. Teknoloji ak\u0131llara durgunluk verecek \u015fekilde geli\u015fiyor, ilerliyor. Al\u0131\u015fkanl\u0131klar, ya\u015fam bi\u00e7imleri, t\u00fcketim kal\u0131plar\u0131 s\u00fcrekli de\u011fi\u015fime zorlan\u0131yor, de\u011fi\u015fiyor. H\u0131zla de\u011fi\u015fen ya\u015fam\u0131n an\u2019lar\u0131n\u0131 yakalay\u0131p gelecek nesillere aktarmak, ancak sanat\u00e7\u0131, yazar ve gazetecilerin bu g\u00f6revi yerine getirmeleri ile m\u00fcmk\u00fcnd\u00fcr.<\/p>\n\n\n\n<p>\u015eimdi S\u0131dd\u0131k Alg\u00fcl\u2019\u00fcn 19 May\u0131s 2015\u2019te k\u00f6\u015fesinde ilk yay\u0131nlanan yaz\u0131s\u0131 olan \u201c<em>Onlarla Beraber Ba\u015fka \u015eeylerimizi de Yitiriyoruz Kaybolan Meslekler (1)<\/em>\u201din giri\u015f k\u0131sm\u0131na bakal\u0131m:<\/p>\n\n\n\n<p>\u00ab<strong>Onlarla Beraber Ba\u015fka \u015eeylerimizi de Yitiriyoruz Kaybolan Meslekler (1)<\/strong><\/p>\n\n\n\n<p>\u201c<em>Zihnim kendi zaman\u0131 i\u00e7inde ilerlemeye ihtiya\u00e7 duyar, bir ba\u015fkas\u0131n\u0131n zaman\u0131na boyun e\u011fmez<\/em>!\u201d demi\u015f Rousseau\u2026<\/p>\n\n\n\n<p>I. Kaybolan Meslekler<\/p>\n\n\n\n<p>Sanat\u00e7\u0131lar, yazarlar ve gazetecilerin ya\u015fad\u0131\u011f\u0131 d\u00f6nemin tan\u0131klar\u0131 oldu\u011fu s\u00f6ylenir. Bu tan\u0131kl\u0131k, sanat\u00e7\u0131 ve yazar\u0131n u\u00e7suz bucaks\u0131z d\u00fc\u015fsel d\u00fcnyas\u0131nda an\u0131, foto\u011fraf ve yaz\u0131lar\u0131nda kal\u0131c\u0131la\u015f\u0131rsa bir anlam kazan\u0131r. Kan\u0131mca sanat\u00e7\u0131lar, yazarlar ve gazeteciler topluma kar\u015f\u0131 sorumlu olduklar\u0131ndan biraz da buna mecburdurlar.<\/p>\n\n\n\n<p>D\u00fcnya \u00e7ok h\u0131zl\u0131 d\u00f6n\u00fcyor. Teknoloji ak\u0131llara durgunluk verecek \u015fekilde geli\u015fiyor, ilerliyor. Al\u0131\u015fkanl\u0131klar, ya\u015fam bi\u00e7imleri, t\u00fcketim kal\u0131plar\u0131 s\u00fcrekli de\u011fi\u015fime zorlan\u0131yor, de\u011fi\u015fiyor. H\u0131zla de\u011fi\u015fen ya\u015fam\u0131n an\u2019lar\u0131n\u0131 yakalay\u0131p gelecek nesillere aktarmak, ancak sanat\u00e7\u0131, yazar ve gazetecilerin bu g\u00f6revi yerine getirmeleri ile m\u00fcmk\u00fcnd\u00fcr.\u00bb<\/p>\n\n\n\n<p><strong><em>\u0130kinci \u00f6rnek<\/em><\/strong><em>; <\/em>\u201c<em>Kaybolan Meslekler, Kaybolan Nesneler<\/em>\u201d ba\u015fl\u0131kl\u0131 yaz\u0131m\u0131n ortalar\u0131ndan bir yerden,\u201c<em>Culfac\u0131l\u0131k\/ Dokumac\u0131l\u0131k<\/em>\u201d yaz\u0131mdan:<\/p>\n\n\n\n<p>\u00ab<strong>Culfa ile culfac\u0131 aras\u0131ndaki ili\u015fki nedir?<\/strong><\/p>\n\n\n\n<p>Ermenice s\u00f6zc\u00fcklerin T\u00fcrk\u00e7e veya Fars\u00e7aya d\u00fczenli \u00e7evrildi\u011fi iddia edilemez. \u201c<em>Culfal\u0131 dokumac\u0131lar<\/em>\u201d, culfac\u0131lar; \u201c<em>Culfa tezgahlar\u0131<\/em>\u201d, culfa olarak neden k\u0131salt\u0131lmas\u0131n?<\/p>\n\n\n\n<p>Atalar\u0131m\u0131z da \u00f6yle yapm\u0131\u015f olabilir. Belki de bu bi\u00e7imdeki de\u011fi\u015fikli\u011fi Ermeni ustalar yapm\u0131\u015ft\u0131r. Ermenilerden bez sat\u0131n alanlar, baz\u0131 s\u00f6zc\u00fckleri de de\u011fi\u015ftirerek benimsiyorlard\u0131. (<em>Kaynak: <strong>Armeniansand Russia 1626-1796 A documentary Record<\/strong>-George A. Bournoutian<\/em>)<\/p>\n\n\n\n<p>Ergani\u2019de \u00e7ulfac\u0131 var m\u0131yd\u0131 yok muydu bilemiyorum. Ama dokuma bezlerinin \u00c7ermik\u2019ten Malatya\u2019dan getirildi\u011fini hat\u0131rl\u0131yorum. Culfac\u0131l\u0131k Malatyal\u0131lar taraf\u0131ndan \u00c7ermik\u2019e getirilmi\u015ftir.<\/p>\n\n\n\n<p>Faho Dedem (Fahri De\u011firmenci), \u00c7ermik\u2019te en tan\u0131nm\u0131\u015f culfac\u0131lardan biriydi. Onun culfa tezg\u00e2h\u0131 ba\u015f\u0131nda oturu\u015fu, meki\u011fin elinde bal\u0131k gibi, ipliklerin aras\u0131ndan bir sa\u011fa bir sola kay\u0131\u015f\u0131, meki\u011fin gidi\u015f geli\u015fine paralel dedemin elleriyle otomatik olarak meki\u011fi yakalay\u0131\u015f\u0131 ve yeniden at\u0131\u015f\u0131, ayaklar\u0131n\u0131n peryodik olarak bir inip bir kalk\u0131\u015f\u0131 ve en \u00f6nemlisi tezg\u00e2h ba\u015f\u0131nda vakurlu bir \u015fekilde boynundaki mahrama denilen b\u00fcy\u00fck mendille al\u0131n terini sili\u015fi halen g\u00f6zlerimin \u00f6n\u00fcndedir.\u00bb<\/p>\n\n\n\n<p>\u015eimdi, S\u0131dd\u0131k Alg\u00fcl\u2019\u00fcn k\u00f6\u015fesinde 4 Haziran 2015\u2019te yay\u0131nlanan \u201c<em>Kaybolan Meslekler (12)<\/em>\u201de bir g\u00f6zatal\u0131m:<\/p>\n\n\n\n<p>\u00ab<strong>Culfa ile culfac\u0131 aras\u0131ndaki ili\u015fki nedir?<\/strong><\/p>\n\n\n\n<p>Ermenice s\u00f6zc\u00fcklerin T\u00fcrk\u00e7e veya Fars\u00e7aya d\u00fczenli \u00e7evrildi\u011fi iddia edilemez. \u201c<em>Culfal\u0131 dokumac\u0131lar<\/em>\u201d, culfac\u0131lar; \u201c<em>Culfatezgahlar\u0131<\/em>\u201d, culfa olarak neden k\u0131salt\u0131lmas\u0131n?<\/p>\n\n\n\n<p>Atalar\u0131m\u0131z da \u00f6yle yapm\u0131\u015f olabilir. Belki de bu bi\u00e7imdeki de\u011fi\u015fikli\u011fi Ermeni ustalar yapm\u0131\u015ft\u0131r. Ermenilerden bez sat\u0131n alanlar, baz\u0131 s\u00f6zc\u00fckleri de de\u011fi\u015ftirerek benimsiyorlard\u0131.(<em>Kaynak: ArmeniansandRussia 1626-1796 A documentaryRecord-George A. Bournoutian<\/em>)<\/p>\n\n\n\n<p>Ergani\u2019de \u00e7ulfac\u0131 var m\u0131yd\u0131 yok muydu bilemiyorum. Ama dokuma bezlerinin \u00c7ermik\u2019ten, Malatya\u2019dan getirildi\u011fini hat\u0131rl\u0131yorum. Culfac\u0131l\u0131k Malatyal\u0131lar taraf\u0131ndan \u00c7ermik\u2019e getirilmi\u015ftir.<\/p>\n\n\n\n<p>Faho Dedem (Fahri De\u011firmenci), \u00c7ermik\u2019te en tan\u0131nm\u0131\u015f culfac\u0131lardan biriydi. Onun culfa tezg\u00e2h\u0131 ba\u015f\u0131nda oturu\u015fu, meki\u011fin elinde bal\u0131k gibi, ipliklerin aras\u0131ndan bir sa\u011fa bir sola kay\u0131\u015f\u0131, meki\u011fin gidi\u015f geli\u015fine paralel dedemin elleriyle otomatik olarak meki\u011fi yakalay\u0131\u015f\u0131 ve yeniden at\u0131\u015f\u0131, ayaklar\u0131n\u0131n peryodik olarak bir inip bir kalk\u0131\u015f\u0131 ve en \u00f6nemlisi tezg\u00e2h ba\u015f\u0131nda vakurlu bir \u015fekilde boynundaki mahrama denilen b\u00fcy\u00fck mendille al\u0131n terini sili\u015fi halen g\u00f6zlerimin \u00f6n\u00fcndedir.\u00bb<\/p>\n\n\n\n<p>S\u0131dd\u0131k Alg\u00fcl burada dikkatsizli\u011fi sonucu bariz bir \u015fekilde yakay\u0131 ele vermi\u015f, h\u0131rs\u0131zl\u0131\u011f\u0131nda su\u00e7\u00fcst\u00fc yakalanm\u0131\u015ft\u0131r. Yaz\u0131da isim olarak an\u0131lan Faho (Fahri De\u011firmenci) benim dedemdir. S\u0131dd\u0131k Alg\u00fcl\u2019e sormak laz\u0131m, Fahri De\u011firmenci isminde Culfac\u0131 bir dedeniz var m\u0131?<\/p>\n\n\n\n<p>[\u201c<em>Culfac\u0131l\u0131k\/ Dokumac\u0131l\u0131k<\/em>\u201d ba\u015fl\u0131kl\u0131 yaz\u0131m daha sonra yeniden g\u00f6zden ge\u00e7irilerek \u201c<em>\u00c7ermik\u2019te Culfac\u0131l\u0131k ve Culfac\u0131lar<\/em>\u201d ba\u015fl\u0131\u011f\u0131 alt\u0131nda \u201c<strong>Yaz\u0131l\u0131 Kaynaklarda \u00c7ERM\u0130K<\/strong>\u201d adl\u0131 kitab\u0131mda (<em>Kent I\u015f\u0131klar\u0131, \u0130stanbul 2012, s. 180-184<\/em>) yerini alm\u0131\u015ft\u0131r.]<\/p>\n\n\n\n<p><strong><em>\u00dc\u00e7\u00fcnc\u00fc \u00f6rnek<\/em><\/strong><em>; <\/em>\u201c<em>Kaybolan Meslekler, Kaybolan Nesneler<\/em>\u201d ba\u015fl\u0131kl\u0131 yaz\u0131mda yer alan \u201c<em>Hanc\u0131l\u0131k ve Nalbantl\u0131k<\/em>\u201d\u0131n giri\u015f k\u0131sm\u0131ndan:<\/p>\n\n\n\n<p>\u00ab<strong>Hanc\u0131l\u0131k ve Nalbantl\u0131k<\/strong><\/p>\n\n\n\n<p>\u201c<em>Evlerinin \u00f6n\u00fc hand\u0131r<\/em><\/p>\n\n\n\n<p><em>Yanar y\u00fcre\u011fim k\u00fclhand\u0131r<\/em>\u201d<\/p>\n\n\n\n<p>Eskiden otel ve motorlu ta\u015f\u0131t yoktu. Ba\u015fka il ve il\u00e7elerden y\u00fck ve binek hayvanlar\u0131yla gelenler veya k\u00f6ylerden hayvanlar\u0131yla \u00fcr\u00fcnlerini pazarda satmaya getiren k\u00f6yl\u00fcler, hem kendileri, hem de hayvanlar\u0131yla birlikte kervansaraylar\u0131nda veya hanlarda kal\u0131rlard\u0131. Han sahiplerine veya i\u015fletenlere hanc\u0131 denirdi.<\/p>\n\n\n\n<p>Ergani\u2019de kervansaray\u0131 oldu\u011funu duymad\u0131m, ama Hilar\u2019da Riya Bezirgana\u2019y\u0131 (Bezirgan Yolu\u2019nu) duydum. Bu yol, Anadolu\u2019dan gelip, Diyarbak\u0131r \u00fczerinden Mezopotamya ve do\u011fuda \u0130ran\u2019a, \u00c7in\u2019e giden b\u00fcy\u00fck bir ticaret yoludur. \u015eimdi arkeolojik kaz\u0131 yap\u0131lan \u00c7ay\u00f6n\u00fc tepesiyle \u00e7ay\u0131n aras\u0131ndan ge\u00e7erdi. Kaz\u0131 sebebiyle bu yol kayboldu.\u00bb<\/p>\n\n\n\n<p>S\u0131dd\u0131k Alg\u00fcl\u2019\u00fcn 15 Haziran 2015\u2019te k\u00f6\u015fesinde son yay\u0131nlanan yaz\u0131s\u0131na, \u201c<em>Kaybolan Meslekler (15)<\/em>\u201din giri\u015f k\u0131sm\u0131na bir bakal\u0131m:<\/p>\n\n\n\n<p>\u00ab<strong>Hanc\u0131l\u0131k ve Nalbantl\u0131k<\/strong><\/p>\n\n\n\n<p>\u201c<em>Evlerinin \u00f6n\u00fc hand\u0131r<\/em><\/p>\n\n\n\n<p><em>Yanar y\u00fcre\u011fim k\u00fclhand\u0131r<\/em>\u201d<\/p>\n\n\n\n<p>Eskiden otel ve motorlu ta\u015f\u0131t yoktu. Ba\u015fka il ve il\u00e7elerden y\u00fck ve binek hayvanlar\u0131yla gelenler veya k\u00f6ylerden hayvanlar\u0131yla \u00fcr\u00fcnlerini pazarda satmaya getiren k\u00f6yl\u00fcler, hem kendileri, hem de hayvanlar\u0131yla birlikte kervansaraylar\u0131nda veya hanlarda kal\u0131rlard\u0131. Han sahiplerine veya i\u015fletenlere hanc\u0131 denirdi.<\/p>\n\n\n\n<p>Hilar\u2019da Riya Bezirgana (Bezirgan Yolu\u2019nu) oldu\u011fu \u00e7evre k\u00f6yl\u00fcler taraf\u0131ndan s\u00f6ylenmektedir. Bu yol, Anadolu\u2019dan gelip, Diyarbak\u0131r \u00fczerinden Mezopotamya ve do\u011fuda \u0130ran\u2019a, \u00c7in\u2019e giden b\u00fcy\u00fck bir ticaret yoludur. \u015eimdi arkeolojik kaz\u0131 yap\u0131lan \u00c7ay\u00f6n\u00fc tepesiyle \u00e7ay\u0131n aras\u0131ndan ge\u00e7erdi. Kaz\u0131 sebebiyle bu yol kayboldu.\u00bb<\/p>\n\n\n\n<p>[S\u0131dd\u0131k Alg\u00fcl Nalbant G\u00fcven (\u0130\u015f\u00e7i)\u2019nin bir at\u0131 nallarken \u00e7ekilmi\u015f foto\u011fraf\u0131na da yer vermi\u015f k\u00f6\u015fesindeki yaz\u0131da ve alt\u0131na da \u201c<em>Nalbant G\u00fcven \u0130\u015f\u00e7i i\u015f ba\u015f\u0131nda<\/em>\u201d diye yazm\u0131\u015f. Bu foto\u011fraf\u0131 Erganili gazeteci dostum Esat Ta\u015ftekin benim i\u00e7in \u00e7ekip g\u00f6ndermi\u015fti. Yaz\u0131mdan al\u0131nan bu ve di\u011fer foto\u011fraf ve desenlerin hi\u00e7 birinde, yaz\u0131larda oldu\u011fu gibi kaynak g\u00f6stermemi\u015ftir. S\u0131dd\u0131k Alg\u00fcl Nalbant G\u00fcven\u2019i nerden tan\u0131yor acaba?]<\/p>\n\n\n\n<p>Bu \u00fc\u00e7 \u00f6rnekte de g\u00f6r\u00fcld\u00fc\u011f\u00fc gibi yaz\u0131lar noktas\u0131 ve virg\u00fcl\u00fcyle bana aittir. Ayn\u0131 gazetede yaz\u0131lar yaz\u0131yoruz, ay\u0131pt\u0131r. Yap\u0131lan eme\u011fe sayg\u0131s\u0131zl\u0131kt\u0131r, a\u00e7\u0131k\u00e7as\u0131 h\u0131rs\u0131zl\u0131kt\u0131r. Yasalar\u0131m\u0131za g\u00f6re de su\u00e7tur.<\/p>\n\n\n\n<p>S\u0131dd\u0131k Alg\u00fcl!<\/p>\n\n\n\n<p>Ba\u015fkas\u0131n\u0131n emek verip yazd\u0131klar\u0131n\u0131 araklayarak gazete ve web sitelerinde yaz\u0131lar yazabilirsin, ama hat\u0131rlatmak isterim:<\/p>\n\n\n\n<p>Kendisi yazm\u0131\u015f gibi sunanlar yazar olamaz! Olsa olsa yazar m\u00fcsveddesi olur. Ne yapmak istiyorsunuz anlam\u0131\u015f de\u011filim. Sizden, \u015fimdilik yasal haklar\u0131m sakl\u0131 kalmak kayd\u0131yla ciddi bir A\u00c7IKLAMA bekliyorum. (17 Haziran 2015)<\/p>\n\n\n\n<p><strong>A\u00e7\u0131klama:<\/strong><\/p>\n\n\n\n<p>Yukardaki yaz\u0131m\u0131 yay\u0131nlanmas\u0131 i\u00e7in 18 Haziran 2015 tarihinde Tigris Haber Gazetesi Genel Yay\u0131n Y\u00f6netmeni ve Yaz\u0131 \u0130\u015fleri M\u00fcd\u00fcr\u00fc Mehdi Tanaman ve di\u011fer yetkililere g\u00f6nderdim, birka\u00e7 kez de telefonla g\u00f6r\u00fc\u015ft\u00fcm. Ama maalesef yaz\u0131m gazetede yay\u0131nlanmad\u0131. Daha sonra benim giri\u015fimim sonucu a\u015fa\u011f\u0131daki sitelerle birlikte bir\u00e7ok internet sitesi ve forumunda yaz\u0131m yay\u0131nland\u0131:<\/p>\n\n\n\n<p><strong><em>(Berfin Bahar, Y\u0131l 2015, Say\u0131 211)<\/em><\/strong><\/p>\n\n\n\n<p><\/p>\n\n\n\n<p class=\"has-small-font-size\"><em><strong>19 Haziran 2015 tarihinde ve sonras\u0131nda:<\/strong><br>http:\/\/www.insanokur.org\/yazi-yazmanin-bir-erdemi-olmalidir-muslum-uzulmez\/<br>http:\/\/gelawej.net\/index.php\/yazarlar\/muslum-uzulmez\/1945-yazi-yazmanin-bir-erdemi-olmalidir<br>http:\/\/kuyerel.org\/yazarlarimizYaziGoster.aspx?id=2289&amp;yazarId=39<br>http:\/\/www.turktime.com\/haber\/Muslum-Uzulmez-Intihalci-Siddik-Akgul-u-Gomdu\/341738<br>http:\/\/www.haberola.com\/arastirmaci-yazar-muslum-uzulmez-intihalci-siddik-akgulu-gomdu-31918.html<br>http:\/\/www.gonulsitesi.net\/index.php?option=com_content&amp;view=article&amp;id=1845:yaz-yazmann-bir-erdemi-olmaldr&amp;catid=1:yazarlarmz&amp;Itemid=44<br>http:\/\/www.erganihaber.net\/koseyazisi-884-Yazi-Yazmanin-Bir-Erdemi-Olmalidir.html<br>http:\/\/www.erganisoz.com\/kose_yazisi.asp?id=8787<br>http:\/\/www.ergani.gen.tr\/index.php?option=com_content&amp;view=article&amp;id=171:yaz-yazmann-bir-erdemi-olmaldr&amp;catid=4:yazlar&amp;Itemid=47<br>yay\u0131mland\u0131.<\/em><\/p>\n\n\n<div class=\"taxonomy-post_tag wp-block-post-terms\"><a href=\"https:\/\/www.uzulmez.site\/?tag=berfin-bahar\" rel=\"tag\">berfin bahar<\/a><span class=\"wp-block-post-terms__separator\">, <\/span><a href=\"https:\/\/www.uzulmez.site\/?tag=cermik-2\" rel=\"tag\">\u00e7ermik<\/a><span class=\"wp-block-post-terms__separator\">, <\/span><a href=\"https:\/\/www.uzulmez.site\/?tag=culfa\" rel=\"tag\">Culfa<\/a><span class=\"wp-block-post-terms__separator\">, <\/span><a href=\"https:\/\/www.uzulmez.site\/?tag=culfaci\" rel=\"tag\">culfac\u0131<\/a><span class=\"wp-block-post-terms__separator\">, <\/span><a href=\"https:\/\/www.uzulmez.site\/?tag=culfacilik\" rel=\"tag\">Culfac\u0131l\u0131k<\/a><span class=\"wp-block-post-terms__separator\">, <\/span><a href=\"https:\/\/www.uzulmez.site\/?tag=ergani\" rel=\"tag\">ergani<\/a><span class=\"wp-block-post-terms__separator\">, <\/span><a href=\"https:\/\/www.uzulmez.site\/?tag=ergani-postasi\" rel=\"tag\">Ergani Postas\u0131<\/a><span class=\"wp-block-post-terms__separator\">, <\/span><a href=\"https:\/\/www.uzulmez.site\/?tag=fahri-degirmenci\" rel=\"tag\">fahri de\u011firmenci<\/a><span class=\"wp-block-post-terms__separator\">, <\/span><a href=\"https:\/\/www.uzulmez.site\/?tag=hancilik-ve-nalbantlik\" rel=\"tag\">Hanc\u0131l\u0131k ve Nalbantl\u0131k<\/a><span class=\"wp-block-post-terms__separator\">, <\/span><a href=\"https:\/\/www.uzulmez.site\/?tag=hilar\" rel=\"tag\">hilar<\/a><span class=\"wp-block-post-terms__separator\">, <\/span><a href=\"https:\/\/www.uzulmez.site\/?tag=kaybolan-meslekler\" rel=\"tag\">Kaybolan Meslekler<\/a><span class=\"wp-block-post-terms__separator\">, <\/span><a href=\"https:\/\/www.uzulmez.site\/?tag=kaybolan-nesneler\" rel=\"tag\">Kaybolan Nesneler<\/a><span class=\"wp-block-post-terms__separator\">, <\/span><a href=\"https:\/\/www.uzulmez.site\/?tag=nalbant-guven\" rel=\"tag\">Nalbant G\u00fcven<\/a><span class=\"wp-block-post-terms__separator\">, <\/span><a href=\"https:\/\/www.uzulmez.site\/?tag=riya-bezirgana\" rel=\"tag\">Riya Bezirgana<\/a><span class=\"wp-block-post-terms__separator\">, <\/span><a href=\"https:\/\/www.uzulmez.site\/?tag=rousseau\" rel=\"tag\">Rousseau<\/a><span class=\"wp-block-post-terms__separator\">, <\/span><a href=\"https:\/\/www.uzulmez.site\/?tag=siddik-algul\" rel=\"tag\">S\u0131dd\u0131k Alg\u00fcl<\/a><span class=\"wp-block-post-terms__separator\">, <\/span><a href=\"https:\/\/www.uzulmez.site\/?tag=tigris-haber\" rel=\"tag\">Tigris Haber<\/a><span class=\"wp-block-post-terms__separator\">, <\/span><a href=\"https:\/\/www.uzulmez.site\/?tag=yazili-kaynaklarda-cermik\" rel=\"tag\">yaz\u0131l\u0131 kaynaklarda \u00e7ermik<\/a><\/div>","protected":false},"excerpt":{"rendered":"<p>Aptal insanlar\u0131n \u00e7o\u011fu \u015fahsi menfaatlerinin \u00f6tesini d\u00fc\u015f\u00fcnmeleri \u00e7ok zor oldu\u011fundan kolayca kepazeliklere imza atarlar. Tigris Haber (Diyarbak\u0131r) gazetesinde, yay\u0131na ba\u015flad\u0131\u011f\u0131 g\u00fcnden beri imk\u00e2n bulduk\u00e7a bana ayr\u0131lan k\u00f6\u015fede yaz\u0131lar yaz\u0131yorum. Gazeteyi \u0130stanbul\u2019da olmam nedeniyle ancak internet ortam\u0131ndan, gazetenin web sitesinden takip edebiliyorum. S\u0131dd\u0131k Alg\u00fcl denen \u015fahs\u0131nda ayn\u0131 gazetede dizi halinde \u201cKaybolan Meslekler\u201d ba\u015fl\u0131\u011f\u0131 alt\u0131nda yaz\u0131lar\u0131 yay\u0131nlan\u0131yor. \u015eu anda g\u00f6rebildi\u011fim kadar\u0131yla Tigris Haber\u2019in web sitesinde 14 Haziran 2015 tarihinde girilmi\u015f \u201cKaybolan Meslekler (15)\u201d yay\u0131nda. S\u0131dd\u0131k Alg\u00fcl\u2019\u00fcn k\u00f6\u015fesinde yay\u0131nlanan \u201ckaybolan meslekler\u201dle ilgili on be\u015f yaz\u0131n\u0131n hemen hemen t\u00fcm\u00fc her \u015feyiyle bana aittir. \u0130ntihal edilen yaz\u0131m Haziran 2007\u2019de Ergani\u2019de o zaman g\u00fcnl\u00fck yay\u0131nlanan Ergani<\/p>\n","protected":false},"author":2,"featured_media":0,"comment_status":"open","ping_status":"open","sticky":false,"template":"","format":"standard","meta":{"footnotes":""},"categories":[1197],"tags":[1272,1107,1637,1638,1636,129,1545,451,1634,892,1639,1633,1641,1640,1632,1635,1535,1549],"class_list":["post-4654","post","type-post","status-publish","format-standard","hentry","category-kultur","tag-berfin-bahar","tag-cermik-2","tag-culfa","tag-culfaci","tag-culfacilik","tag-ergani","tag-ergani-postasi","tag-fahri-degirmenci","tag-hancilik-ve-nalbantlik","tag-hilar","tag-kaybolan-meslekler","tag-kaybolan-nesneler","tag-nalbant-guven","tag-riya-bezirgana","tag-rousseau","tag-siddik-algul","tag-tigris-haber","tag-yazili-kaynaklarda-cermik"],"_links":{"self":[{"href":"https:\/\/www.uzulmez.site\/index.php?rest_route=\/wp\/v2\/posts\/4654","targetHints":{"allow":["GET"]}}],"collection":[{"href":"https:\/\/www.uzulmez.site\/index.php?rest_route=\/wp\/v2\/posts"}],"about":[{"href":"https:\/\/www.uzulmez.site\/index.php?rest_route=\/wp\/v2\/types\/post"}],"author":[{"embeddable":true,"href":"https:\/\/www.uzulmez.site\/index.php?rest_route=\/wp\/v2\/users\/2"}],"replies":[{"embeddable":true,"href":"https:\/\/www.uzulmez.site\/index.php?rest_route=%2Fwp%2Fv2%2Fcomments&post=4654"}],"version-history":[{"count":1,"href":"https:\/\/www.uzulmez.site\/index.php?rest_route=\/wp\/v2\/posts\/4654\/revisions"}],"predecessor-version":[{"id":4655,"href":"https:\/\/www.uzulmez.site\/index.php?rest_route=\/wp\/v2\/posts\/4654\/revisions\/4655"}],"wp:attachment":[{"href":"https:\/\/www.uzulmez.site\/index.php?rest_route=%2Fwp%2Fv2%2Fmedia&parent=4654"}],"wp:term":[{"taxonomy":"category","embeddable":true,"href":"https:\/\/www.uzulmez.site\/index.php?rest_route=%2Fwp%2Fv2%2Fcategories&post=4654"},{"taxonomy":"post_tag","embeddable":true,"href":"https:\/\/www.uzulmez.site\/index.php?rest_route=%2Fwp%2Fv2%2Ftags&post=4654"}],"curies":[{"name":"wp","href":"https:\/\/api.w.org\/{rel}","templated":true}]}}