{"id":4593,"date":"2015-02-09T17:39:00","date_gmt":"2015-02-09T17:39:00","guid":{"rendered":"https:\/\/www.uzulmez.site\/?p=4593"},"modified":"2023-04-23T17:51:30","modified_gmt":"2023-04-23T17:51:30","slug":"anilar-yumagi-diyarbakir-hatirasi","status":"publish","type":"post","link":"https:\/\/www.uzulmez.site\/?p=4593","title":{"rendered":"An\u0131lar Yuma\u011f\u0131: \u201cDiyarbak\u0131r Hat\u0131ras\u0131\u201d"},"content":{"rendered":"\n<p><em>tarih kitaplar\u0131 yazm\u0131yor.<br>kuruldu\u011fundan bu yana<br>kim bilir ne ordular s\u00fcr\u00fcld\u00fc \u00fcst\u00fcne<br>bir bilen olsa da anlatsa\u2026<\/em><\/p>\n\n\n\n<p><\/p>\n\n\n\n<p>\u0130brahim Evirgen ile dostlu\u011fumuz 10 y\u0131l \u00f6ncesine dayanmaktad\u0131r. 2005 y\u0131l\u0131 Ekiminde Diyarbak\u0131r\u2019a gitti\u011fimde karde\u015fim Miktat bizleri tan\u0131\u015ft\u0131rm\u0131\u015ft\u0131. O zamanlar Diyarbak\u0131r\u2019da matbaa i\u015fleriyle u\u011fra\u015f\u0131yordu. Ayr\u0131ca Diyarbak\u0131r\u2019da g\u00fcnl\u00fck yay\u0131mlanan <strong>Yeni Yurt<\/strong> gazetesini \u00e7\u0131kart\u0131yor ve gazetenin ba\u015fyazarl\u0131\u011f\u0131n\u0131 yap\u0131yordu. Matbaa ve gazetecilik babadan kendisine yadig\u00e2r kalan bir i\u015f ve meslek. \u0130brahim Evirgen i\u00e7in do\u011fu\u015ftan bir gazeteci ve bas\u0131n emek\u00e7isidir dersek kan\u0131mca abartm\u0131\u015f olmay\u0131z.<\/p>\n\n\n\n<p>1953 y\u0131l\u0131nda yay\u0131n hayat\u0131na ba\u015flayan ve aral\u0131ks\u0131z 60 y\u0131l yay\u0131mlanan <strong>Yeni Yurt <\/strong>gazetesi \u00e7e\u015fitli nedenlerden dolay\u0131 1 Nisan 2014 tarihinden itibaren <strong>Tigris Haber<\/strong> gazetesine devredildi\u011fi i\u00e7in, \u015fimdi sadece matbaa i\u015fleriyle u\u011fra\u015f\u0131yor. Ama de\u011fi\u015fik yay\u0131n organlar\u0131nda zaman zaman makalelerini yine yaz\u0131yor.<\/p>\n\n\n\n<p>\u201c<em>Yolu kitaptan ve sevgiden ge\u00e7en herkesle<\/em>\u201d payla\u015fmak i\u00e7in, bu yaz\u0131lar\u0131na \u015fimdi \u00e7ok farkl\u0131 bir yenisini, \u201c<em>ya\u015fanm\u0131\u015f ve ger\u00e7ek olaylar<\/em>\u201ddan olu\u015fan an\u0131lar yuma\u011f\u0131 <strong>Diyarbak\u0131r Hat\u0131ras\u0131<\/strong> kitab\u0131n\u0131 ekledi; \u201c<em>y\u00fczlerce kalem erbab\u0131n\u0131n yeti\u015fti\u011fi Mezopotamya\u2019n\u0131n bu bereketli topraklar\u0131nda, elimden geldi\u011fince ilk kez, ben de bir kitap yazmaya \u00e7al\u0131\u015ft\u0131m<\/em>\u201d diyerek.<\/p>\n\n\n\n<p>De\u011ferli dostumun <strong>Diyarbak\u0131r Hat\u0131ras\u0131<\/strong> adl\u0131 kitab\u0131n\u0131n kitap\u00e7\u0131 raflar\u0131nda yerini almas\u0131 beni \u00e7ok sevindirdi. Kadir k\u0131ymet bilerek kitab\u0131n\u0131 \u201c<em>De\u011ferli A\u011fabeyim M\u00fcsl\u00fcm \u00dcz\u00fclmez\u2019e<\/em>\u2026\u201d diye imzalay\u0131p g\u00f6ndermesi ise mutlu etti.<\/p>\n\n\n\n<p>Diyarbak\u0131r \u00fczerine yapt\u0131\u011f\u0131 ara\u015ft\u0131rmalarla tan\u0131nan rahmetli Ara\u015ft\u0131rmac\u0131-Yazar \u015eevket Beysano\u011flu \u201c<em>Kara Sevdam Diyarbak\u0131r<\/em>\u201d ba\u015fl\u0131kl\u0131 \u015fiirinde; \u201c<em>Sinende do\u011fdum senin, sinende yataca\u011f\u0131m. \/Bu can tende olduk\u00e7a seni anlataca\u011f\u0131m<\/em>.\u201d diye seslenir. \u0130brahim Evirgen de bu sesleni\u015fi sanki vasiyet kabul etmi\u015f gibi; okullar\u0131, \u201c<em>camileri, kiliseleri, t\u00fcrbeleri, medreseleri ve b\u00fct\u00fcn tarihi miras\u0131yla bir a\u00e7\u0131k hava m\u00fczesi olan Diyarbak\u0131r\u2019\u0131 \u00f6mr\u00fcm\u00fcz yettik\u00e7e anlatmaya devam edece\u011fiz<\/em>\u201d diyerek izinden gidece\u011fini beyan etmekte (s.64). Bu beyan\u0131ndan, yay\u0131mlanan bu kitab\u0131n\u0131 yazacaklar\u0131n\u0131n ilki oldu\u011funu anlayabiliriz.<\/p>\n\n\n\n<p><strong>Diyarbak\u0131r Hat\u0131ras\u0131<\/strong>, iki b\u00f6l\u00fcmden olu\u015fuyor. \u0130brahim Evirgen, birinci b\u00f6l\u00fcmde kadim \u015fehrimiz Amed\u2019in \u00e7e\u015fitli e\u011fitim kurumlar\u0131nda \u00f6\u011fretmenlik yapt\u0131\u011f\u0131 d\u00f6nemde, bizzat tan\u0131k oldu\u011fu olaylar\u0131, \u00f6yk\u00fc tad\u0131nda ele almakta. \u0130kinci b\u00f6l\u00fcmde ise, baba yadig\u00e2r\u0131 <strong>Yeni Yurt<\/strong> gazetesinde sosyal ya\u015fama dair yay\u0131nlanan yaz\u0131lar\u0131ndan bir se\u00e7ki olu\u015fturmu\u015f. Her iki b\u00f6l\u00fcmde de yer alan yaz\u0131lar iyi se\u00e7ilmi\u015f. Ama benim beklentim daha fazlas\u0131: Yeterli bir birikim ve donan\u0131ma sahip olmas\u0131 ve elinin alt\u0131nda zengin bir ar\u015fiv bulunmas\u0131 nedeniyle \u0130brahim Evirgen arkada\u015f\u0131m\u0131z\u0131n \u00e7\u0131tay\u0131 y\u00fckseltmesi gerekir diye d\u00fc\u015f\u00fcn\u00fcyorum.<\/p>\n\n\n\n<p>Kitap, mizahi bir dille kaleme al\u0131nm\u0131\u015f. Severek okudum. \u0130nsan\u0131 eski zamanlara g\u00f6t\u00fcr\u00fcyor; an\u0131lar, dostluklar, mek\u00e2nlar g\u00f6z \u00f6n\u00fcnde canlan\u0131yor. Okurken insan\u0131 bazen h\u00fcz\u00fcnlendiriyor, bazen kederlendiriyor, bazen g\u00fcld\u00fcr\u00fcyor, daha \u00e7ok ise d\u00fc\u015f\u00fcnd\u00fcr\u00fcyor. Ke\u015fke eli kalem tutan her insan\u0131m\u0131z \u0130brahim Evirgen gibi duyarl\u0131 davranabilse; ya\u015fad\u0131klar\u0131n\u0131, g\u00f6rd\u00fcklerini, duyduklar\u0131n\u0131, d\u00fc\u015f\u00fcncelerini, duygular\u0131n\u0131 kaleme alabilse\u2026 Ne iyi olurdu<a><\/a>. Yaz\u0131lacak o kadar \u00e7ok \u015feyimiz var ki!..<\/p>\n\n\n\n<p><strong>Diyarbak\u0131r Hat\u0131ras\u0131<\/strong>\u2019n\u0131 bizlere arma\u011fan etti\u011fi i\u00e7in, \u0130brahim Evirgen karde\u015fimi kutluyor ve yeni \u00e7\u0131kacak kitaplar\u0131n\u0131n m\u00fcjdesini bekliyorum.<\/p>\n\n\n\n<p>Eline, koluna ve kalemine sa\u011fl\u0131k arkada\u015f\u0131m\u2026<\/p>\n\n\n\n<p><em><strong>K\u00fcnyesi<\/strong><\/em>:<br><em>\u0130brahim Evirgen, <strong>Diyarbak\u0131r Hat\u0131ras\u0131<\/strong>, Yelkovan Ajans Ltd. \u015eti., Ankara-2014, 116 Sayfa.<\/em><\/p>\n\n\n\n<p class=\"has-small-font-size\"><em><strong>9 \u015eubat 2015 tarihinde ve sonras\u0131nda<\/strong><\/em>:<br>http:\/\/gelawej.net de,<br>http:\/\/www.insanokur.org da,<br>http:\/\/www.tigrishaber.com da,<br>http:\/\/www.erganihaber.net de yay\u0131mland\u0131.<\/p>\n\n\n<div class=\"taxonomy-post_tag wp-block-post-terms\"><a href=\"https:\/\/www.uzulmez.site\/?tag=diyarbakir-hatirasi\" rel=\"tag\">Diyarbak\u0131r Hat\u0131ras\u0131<\/a><span class=\"wp-block-post-terms__separator\">, <\/span><a href=\"https:\/\/www.uzulmez.site\/?tag=ibrahim-evirgen\" rel=\"tag\">ibrahim evirgen<\/a><span class=\"wp-block-post-terms__separator\">, <\/span><a href=\"https:\/\/www.uzulmez.site\/?tag=kara-sevdam-diyarbakir\" rel=\"tag\">Kara Sevdam Diyarbak\u0131r<\/a><span class=\"wp-block-post-terms__separator\">, <\/span><a href=\"https:\/\/www.uzulmez.site\/?tag=miktat-uzulmez\" rel=\"tag\">miktat \u00fcz\u00fclmez<\/a><span class=\"wp-block-post-terms__separator\">, <\/span><a href=\"https:\/\/www.uzulmez.site\/?tag=sevket-beysanoglu\" rel=\"tag\">\u015eevket Beysano\u011flu<\/a><span class=\"wp-block-post-terms__separator\">, <\/span><a href=\"https:\/\/www.uzulmez.site\/?tag=tigris-haber\" rel=\"tag\">Tigris Haber<\/a><span class=\"wp-block-post-terms__separator\">, <\/span><a href=\"https:\/\/www.uzulmez.site\/?tag=yeni-yurt\" rel=\"tag\">yeni yurt<\/a><\/div>","protected":false},"excerpt":{"rendered":"<p>tarih kitaplar\u0131 yazm\u0131yor.kuruldu\u011fundan bu yanakim bilir ne ordular s\u00fcr\u00fcld\u00fc \u00fcst\u00fcnebir bilen olsa da anlatsa\u2026 \u0130brahim Evirgen ile dostlu\u011fumuz 10 y\u0131l \u00f6ncesine dayanmaktad\u0131r. 2005 y\u0131l\u0131 Ekiminde Diyarbak\u0131r\u2019a gitti\u011fimde karde\u015fim Miktat bizleri tan\u0131\u015ft\u0131rm\u0131\u015ft\u0131. O zamanlar Diyarbak\u0131r\u2019da matbaa i\u015fleriyle u\u011fra\u015f\u0131yordu. Ayr\u0131ca Diyarbak\u0131r\u2019da g\u00fcnl\u00fck yay\u0131mlanan Yeni Yurt gazetesini \u00e7\u0131kart\u0131yor ve gazetenin ba\u015fyazarl\u0131\u011f\u0131n\u0131 yap\u0131yordu. Matbaa ve gazetecilik babadan kendisine yadig\u00e2r kalan bir i\u015f ve meslek. \u0130brahim Evirgen i\u00e7in do\u011fu\u015ftan bir gazeteci ve bas\u0131n emek\u00e7isidir dersek kan\u0131mca abartm\u0131\u015f olmay\u0131z. 1953 y\u0131l\u0131nda yay\u0131n hayat\u0131na ba\u015flayan ve aral\u0131ks\u0131z 60 y\u0131l yay\u0131mlanan Yeni Yurt gazetesi \u00e7e\u015fitli nedenlerden dolay\u0131 1 Nisan 2014 tarihinden itibaren Tigris Haber gazetesine devredildi\u011fi i\u00e7in, \u015fimdi<\/p>\n","protected":false},"author":2,"featured_media":0,"comment_status":"open","ping_status":"open","sticky":false,"template":"","format":"standard","meta":{"footnotes":""},"categories":[1197],"tags":[1532,1534,1533,1531,1530,1535,1529],"class_list":["post-4593","post","type-post","status-publish","format-standard","hentry","category-kultur","tag-diyarbakir-hatirasi","tag-ibrahim-evirgen","tag-kara-sevdam-diyarbakir","tag-miktat-uzulmez","tag-sevket-beysanoglu","tag-tigris-haber","tag-yeni-yurt"],"_links":{"self":[{"href":"https:\/\/www.uzulmez.site\/index.php?rest_route=\/wp\/v2\/posts\/4593","targetHints":{"allow":["GET"]}}],"collection":[{"href":"https:\/\/www.uzulmez.site\/index.php?rest_route=\/wp\/v2\/posts"}],"about":[{"href":"https:\/\/www.uzulmez.site\/index.php?rest_route=\/wp\/v2\/types\/post"}],"author":[{"embeddable":true,"href":"https:\/\/www.uzulmez.site\/index.php?rest_route=\/wp\/v2\/users\/2"}],"replies":[{"embeddable":true,"href":"https:\/\/www.uzulmez.site\/index.php?rest_route=%2Fwp%2Fv2%2Fcomments&post=4593"}],"version-history":[{"count":1,"href":"https:\/\/www.uzulmez.site\/index.php?rest_route=\/wp\/v2\/posts\/4593\/revisions"}],"predecessor-version":[{"id":4594,"href":"https:\/\/www.uzulmez.site\/index.php?rest_route=\/wp\/v2\/posts\/4593\/revisions\/4594"}],"wp:attachment":[{"href":"https:\/\/www.uzulmez.site\/index.php?rest_route=%2Fwp%2Fv2%2Fmedia&parent=4593"}],"wp:term":[{"taxonomy":"category","embeddable":true,"href":"https:\/\/www.uzulmez.site\/index.php?rest_route=%2Fwp%2Fv2%2Fcategories&post=4593"},{"taxonomy":"post_tag","embeddable":true,"href":"https:\/\/www.uzulmez.site\/index.php?rest_route=%2Fwp%2Fv2%2Ftags&post=4593"}],"curies":[{"name":"wp","href":"https:\/\/api.w.org\/{rel}","templated":true}]}}