{"id":4517,"date":"2016-06-03T10:06:00","date_gmt":"2016-06-03T10:06:00","guid":{"rendered":"https:\/\/www.uzulmez.site\/?p=4517"},"modified":"2023-04-22T10:18:29","modified_gmt":"2023-04-22T10:18:29","slug":"elma-tadinda-bir-masal-elma-hukumdarligi","status":"publish","type":"post","link":"https:\/\/www.uzulmez.site\/?p=4517","title":{"rendered":"Elma Tad\u0131nda Bir Masal: Elma H\u00fck\u00fcmdarl\u0131\u011f\u0131"},"content":{"rendered":"\n<p>Masallar\u0131, efsaneleri severim. Ben ve benim ku\u015fa\u011f\u0131m, do\u011fdu\u011fumuz ve b\u00fcy\u00fcd\u00fc\u011f\u00fcm\u00fcz co\u011frafi mek\u00e2nda masallar\u0131, efsaneleri okuyarak de\u011fil, dinleyerek b\u00fcy\u00fcd\u00fc. Kitap ya\u015fam\u0131m\u0131zda yoktu o zamanlar. Okul kitaplar\u0131nda yaz\u0131lan masal ve efsaneler bizlere hitap etmiyordu. Bu nedenle, okul kitaplar\u0131nda yaz\u0131lanlar\u0131 de\u011fil, anlat\u0131lanlar\u0131 can kula\u011f\u0131yla dinlerdik. Bir varm\u0131\u015f bir yokmu\u015fla ba\u015flard\u0131 \u00e7ocuklu\u011fumuzun k\u0131\u015f geceleri. Bir yerden duyulmu\u015f, dilden dile gelmi\u015f, bir gizem i\u00e7inde, d\u00fcn ya\u015fanm\u0131\u015f gibi anlat\u0131l\u0131rd\u0131. Zelo nenem ve babam g\u00fczel masal anlat\u0131rlard\u0131. Anlat\u0131lan masal ve efsaneler so\u011fuk k\u0131\u015f gecelerinde y\u00fcre\u011fimizi \u0131s\u0131t\u0131rd\u0131. Masallara olan ilgim buradan geliyor.<\/p>\n\n\n\n<p>Masallar inat\u00e7\u0131d\u0131r. Kaybolmaz. Unutulmaz. Kal\u0131c\u0131d\u0131r. Ama s\u00fcre\u00e7 i\u00e7erisinde anlat\u0131lar eksiltilir veya \u00e7o\u011falt\u0131l\u0131r, sonu\u00e7ta de\u011fi\u015fir ve kendine has bir \u00f6zellik kazan\u0131r. \u00d6z\u00fcn\u00fc yitirmeden kendisini yeniden \u00fcretir. Ge\u00e7mi\u015fin sesi, rengi ve \u00e7a\u011fr\u0131s\u0131 olarak dinleyicilerin haf\u0131zalar\u0131na kaz\u0131n\u0131r. Ya\u015fam\u0131n \u0131zd\u0131raplar\u0131na kar\u015f\u0131, direnen insanlar\u0131 umutland\u0131rmak i\u00e7in imdada yeti\u015fir. 1961 Nobel \u00f6d\u00fcll\u00fc Yugoslav yazar Ivo Andric, bu nedenle olacak ki, tarih\u00e7ilerin \u201c<em>yalanlar ger\u00e7e\u011fi<\/em>\u201dnin alt\u0131nda yatanlar\u0131 tan\u0131mlamas\u0131 gerekti\u011fini savunur. \u201c<em>Bir insan\u0131n veya k\u00fclt\u00fcr\u00fcn yalanlar\u0131, abart\u0131lar\u0131, s\u00fcslemeleri tamamen yaratma ve d\u00fczmece olsa da rastgele de\u011fildir<\/em>\u201d. Bilgisel varsay\u0131mlar\u0131 a\u00e7\u0131\u011fa \u00e7\u0131kart\u0131rlar.<\/p>\n\n\n\n<p>G\u00f6rkem \u00c7ak\u0131n\u2019\u0131n kaleme ald\u0131\u011f\u0131 <strong>Elma H\u00fck\u00fcmdarl\u0131\u011f\u0131: E\u011firdir<\/strong> kitab\u0131 elime ge\u00e7ince merakla okumaya ba\u015flad\u0131m. Y\u00f6resel \u00f6zellikteki masallarda g\u00fcnl\u00fck olaylar yerine mitolojik de\u011ferlerden yararlan\u0131lm\u0131\u015f. Yaz\u0131m dili, kurgusu g\u00fczel. Okurken edebi bir tat veriyor. Tatl\u0131. Elma dad\u0131nda diyebilirim. \u00c7ocuklar\u0131n d\u00fc\u015fsel d\u00fcnyas\u0131 i\u00e7in tam bir ziyafet. Masallar\u0131n i\u00e7erisine serpi\u015ftirilen desenler ise anlat\u0131mlara farkl\u0131 bir renk katm\u0131\u015f, masallar\u0131 zenginle\u015ftirmi\u015f. Masallar \u00fc\u00e7 b\u00f6l\u00fcmden olu\u015fuyor, bir birinin devam\u0131 niteli\u011finde.<\/p>\n\n\n\n<p>G\u00f6rkem \u00c7ak\u0131n, iyilikle k\u00f6t\u00fcl\u00fc\u011f\u00fcn m\u00fccadelesini anlatt\u0131\u011f\u0131 masal kitab\u0131nda bizleri <em>\u201cbelki uzak belki de yak\u0131n bir zamana<\/em>\u201d g\u00f6t\u00fcrmekte. E\u011firdir<sup>(*)<\/sup> Bo\u011fazova boyunca s\u0131ralanan da\u011flarda, Kasnak Orman\u0131\u2019nda ya\u015fayan kelebeklerin bilinmeyen gizemli elma d\u00fcnyas\u0131na yapt\u0131klar\u0131 maceral\u0131 yolculu\u011fu anlatmakta. Anlat\u0131lanlar, \u201c<em>ne ger\u00e7ek, ne yalan\u2026<\/em>\u201d T\u00fcm\u00fc Kasnak Me\u015fesi orman sakini merakl\u0131 bir u\u011fur b\u00f6ce\u011finin an\u0131lar\u0131.<\/p>\n\n\n\n<p>Masallar\u0131n ilki olan \u201c<strong><em>Son Apollo Kelebe\u011fi<\/em><\/strong>\u201dnin hemen giri\u015finde yaz\u0131ld\u0131\u011f\u0131 gibi<em>; \u201cNineler gen\u00e7 bir k\u0131z iken, dedelerin ise delikanl\u0131 zamanlar\u0131nda E\u011firdir, d\u00fcnyan\u0131n en ya\u015fanacak yerlerinden biriymi\u015f\u2026 Gel zaman git zaman, bug\u00fcnler gelmi\u015f. Zaman de\u011fi\u015fse de, E\u011firdir ayn\u0131 g\u00fczelli\u011finde kalm\u0131\u015f. Bu hik\u00e2yeyi g\u00fcnl\u00fc\u011f\u00fcne aktaran u\u011fur b\u00f6ce\u011fi, gelecekte k\u00f6t\u00fc biri E\u011firdir\u2019e gelirse neler olabilece\u011fini anlatm\u0131\u015f. Gelin birlikte bakal\u0131m\u2026<\/em>\u201d (s.1)<\/p>\n\n\n\n<p>Hayat, nerede ve nas\u0131l olursa olsun umutlar\u0131n pe\u015finden ko\u015fmak de\u011fil mi?<\/p>\n\n\n\n<p><em>(*) E\u011firdir, Isparta iline ba\u011fl\u0131 E\u011firdir G\u00f6l\u00fc k\u0131y\u0131s\u0131nda yer alan bir il\u00e7emizdir.<\/em><\/p>\n\n\n\n<p><em><strong>K\u00fcnyesi<\/strong><\/em>:<br><em>G\u00f6rkem \u00c7ak\u0131n, Elma H\u00fck\u00fcmdarl\u0131\u011f\u0131: E\u011firdir, E\u011firdir Belediyesi Yay\u0131mlar\u0131, 2016-Isparta, 90 sayfa.<\/em><\/p>\n\n\n\n<p class=\"has-small-font-size\"><em><strong>3 Haziran 2016 tarihind<\/strong><\/em>e:<br><em>http:\/\/www.insanokur.org\/elma-tadinda-bir-masal-elma-hukumdarligi-muslum-uzulmez\/<br>yay\u0131mland\u0131.<\/em><\/p>\n\n\n<div class=\"taxonomy-post_tag wp-block-post-terms\"><a href=\"https:\/\/www.uzulmez.site\/?tag=apollo-kelebegi\" rel=\"tag\">Apollo Kelebe\u011fi<\/a><span class=\"wp-block-post-terms__separator\">, <\/span><a href=\"https:\/\/www.uzulmez.site\/?tag=bogazova\" rel=\"tag\">Bo\u011fazova<\/a><span class=\"wp-block-post-terms__separator\">, <\/span><a href=\"https:\/\/www.uzulmez.site\/?tag=egirdir\" rel=\"tag\">E\u011firdir<\/a><span class=\"wp-block-post-terms__separator\">, <\/span><a href=\"https:\/\/www.uzulmez.site\/?tag=elma\" rel=\"tag\">Elma<\/a><span class=\"wp-block-post-terms__separator\">, <\/span><a href=\"https:\/\/www.uzulmez.site\/?tag=elma-hukumdarligi\" rel=\"tag\">Elma H\u00fck\u00fcmdarl\u0131\u011f\u0131<\/a><span class=\"wp-block-post-terms__separator\">, <\/span><a href=\"https:\/\/www.uzulmez.site\/?tag=gorkem-cakin\" rel=\"tag\">G\u00f6rkem \u00c7ak\u0131n<\/a><span class=\"wp-block-post-terms__separator\">, <\/span><a href=\"https:\/\/www.uzulmez.site\/?tag=ivo-andric\" rel=\"tag\">Ivo Andric<\/a><span class=\"wp-block-post-terms__separator\">, <\/span><a href=\"https:\/\/www.uzulmez.site\/?tag=masal\" rel=\"tag\">masal<\/a><span class=\"wp-block-post-terms__separator\">, <\/span><a href=\"https:\/\/www.uzulmez.site\/?tag=zelo-nene\" rel=\"tag\">Zelo nene<\/a><\/div>\n\n\n<p><\/p>\n","protected":false},"excerpt":{"rendered":"<p>Masallar\u0131, efsaneleri severim. Ben ve benim ku\u015fa\u011f\u0131m, do\u011fdu\u011fumuz ve b\u00fcy\u00fcd\u00fc\u011f\u00fcm\u00fcz co\u011frafi mek\u00e2nda masallar\u0131, efsaneleri okuyarak de\u011fil, dinleyerek b\u00fcy\u00fcd\u00fc. Kitap ya\u015fam\u0131m\u0131zda yoktu o zamanlar. Okul kitaplar\u0131nda yaz\u0131lan masal ve efsaneler bizlere hitap etmiyordu. Bu nedenle, okul kitaplar\u0131nda yaz\u0131lanlar\u0131 de\u011fil, anlat\u0131lanlar\u0131 can kula\u011f\u0131yla dinlerdik. Bir varm\u0131\u015f bir yokmu\u015fla ba\u015flard\u0131 \u00e7ocuklu\u011fumuzun k\u0131\u015f geceleri. Bir yerden duyulmu\u015f, dilden dile gelmi\u015f, bir gizem i\u00e7inde, d\u00fcn ya\u015fanm\u0131\u015f gibi anlat\u0131l\u0131rd\u0131. Zelo nenem ve babam g\u00fczel masal anlat\u0131rlard\u0131. Anlat\u0131lan masal ve efsaneler so\u011fuk k\u0131\u015f gecelerinde y\u00fcre\u011fimizi \u0131s\u0131t\u0131rd\u0131. Masallara olan ilgim buradan geliyor. Masallar inat\u00e7\u0131d\u0131r. Kaybolmaz. Unutulmaz. Kal\u0131c\u0131d\u0131r. Ama s\u00fcre\u00e7 i\u00e7erisinde anlat\u0131lar eksiltilir veya \u00e7o\u011falt\u0131l\u0131r, sonu\u00e7ta de\u011fi\u015fir ve kendine<\/p>\n","protected":false},"author":2,"featured_media":0,"comment_status":"open","ping_status":"open","sticky":false,"template":"","format":"standard","meta":{"footnotes":""},"categories":[1197],"tags":[1453,1455,1454,1448,1450,1451,1452,406,1449],"class_list":["post-4517","post","type-post","status-publish","format-standard","hentry","category-kultur","tag-apollo-kelebegi","tag-bogazova","tag-egirdir","tag-elma","tag-elma-hukumdarligi","tag-gorkem-cakin","tag-ivo-andric","tag-masal","tag-zelo-nene"],"_links":{"self":[{"href":"https:\/\/www.uzulmez.site\/index.php?rest_route=\/wp\/v2\/posts\/4517","targetHints":{"allow":["GET"]}}],"collection":[{"href":"https:\/\/www.uzulmez.site\/index.php?rest_route=\/wp\/v2\/posts"}],"about":[{"href":"https:\/\/www.uzulmez.site\/index.php?rest_route=\/wp\/v2\/types\/post"}],"author":[{"embeddable":true,"href":"https:\/\/www.uzulmez.site\/index.php?rest_route=\/wp\/v2\/users\/2"}],"replies":[{"embeddable":true,"href":"https:\/\/www.uzulmez.site\/index.php?rest_route=%2Fwp%2Fv2%2Fcomments&post=4517"}],"version-history":[{"count":1,"href":"https:\/\/www.uzulmez.site\/index.php?rest_route=\/wp\/v2\/posts\/4517\/revisions"}],"predecessor-version":[{"id":4518,"href":"https:\/\/www.uzulmez.site\/index.php?rest_route=\/wp\/v2\/posts\/4517\/revisions\/4518"}],"wp:attachment":[{"href":"https:\/\/www.uzulmez.site\/index.php?rest_route=%2Fwp%2Fv2%2Fmedia&parent=4517"}],"wp:term":[{"taxonomy":"category","embeddable":true,"href":"https:\/\/www.uzulmez.site\/index.php?rest_route=%2Fwp%2Fv2%2Fcategories&post=4517"},{"taxonomy":"post_tag","embeddable":true,"href":"https:\/\/www.uzulmez.site\/index.php?rest_route=%2Fwp%2Fv2%2Ftags&post=4517"}],"curies":[{"name":"wp","href":"https:\/\/api.w.org\/{rel}","templated":true}]}}