{"id":4500,"date":"2017-02-02T18:09:00","date_gmt":"2017-02-02T18:09:00","guid":{"rendered":"https:\/\/www.uzulmez.site\/?p=4500"},"modified":"2023-07-02T10:17:55","modified_gmt":"2023-07-02T10:17:55","slug":"uygarlik-tarihinde-cermik","status":"publish","type":"post","link":"https:\/\/www.uzulmez.site\/?p=4500","title":{"rendered":"Uygarl\u0131k Tarihinde \u00c7ermik"},"content":{"rendered":"\n<p><em>yeni bir \u00fclke bulamazs\u0131n, ba\u015fka bir deniz bulamazs\u0131n<br>bu \u015fehir arkandan gelecektir. -Kavafis<\/em><\/p>\n\n\n\n<p>Kentler kitaplarla bulu\u015ftu\u011funda yeniden ya\u015fam bulur, yar\u0131nlara kendini ta\u015f\u0131r. Kentler ve yerel tarihle ilgili yap\u0131lacak her \u00e7al\u0131\u015fma bu nedenle \u00f6nemlidir. Bu t\u00fcrden yap\u0131lan \u00e7al\u0131\u015fmalar olanaklar \u00f6l\u00e7\u00fcs\u00fcnde desteklenmelidir. B\u00f6ylesi \u00e7al\u0131\u015fmalar ya\u015fam\u0131n demokratikle\u015fmesine katk\u0131 sunman\u0131n yan\u0131nda kendi \u00e7evremizi, kendi insanlar\u0131m\u0131z\u0131, bildi\u011fimiz ve ya\u015fad\u0131\u011f\u0131m\u0131z mek\u00e2nlar\u0131, dolays\u0131yla da kendi ge\u00e7mi\u015fimizi anlamam\u0131za yard\u0131mc\u0131 olacakt\u0131r. Esas olan sesi k\u0131s\u0131lm\u0131\u015f, sindirilmi\u015f, yok say\u0131lm\u0131\u015f veya varl\u0131klar\u0131 g\u00f6zden ka\u00e7\u0131r\u0131lm\u0131\u015f olan birey, s\u0131n\u0131f veya toplumlar\u0131n sesine kulak vermek, onlar\u0131 anlamak ve ya\u015fad\u0131klar\u0131 mek\u00e2nlarla ili\u015fkilerini anlatabilmektir. Her ailenin, her a\u015firetin, her halk\u0131n ve her bir mek\u00e2n\u0131n kendi ya\u015fanm\u0131\u015fl\u0131\u011f\u0131 ve tarihi oldu\u011funu ak\u0131ldan \u00e7\u0131kartmamal\u0131y\u0131z. G\u00f6revimiz bu ya\u015fanm\u0131\u015fl\u0131klar\u0131 ve tarihleri \u201ckutsal tarafs\u0131zl\u0131k kurallar\u0131na kar\u015f\u0131 g\u00fcnah i\u015fleyerek\u201d yaz\u0131p hayat\u0131n i\u00e7ine sokmakt\u0131r.<\/p>\n\n\n\n<p>\u00c7ermik\/\u00c7\u00earm\u00fbg\/Aberna \u00e7ok eski bir yerle\u015fim yeridir. \u0130l\u00e7e olarak Diyarbak\u0131r\u2019a ba\u011fl\u0131d\u0131r. Ad\u0131n\u0131 do\u011fusunda bulunan kapl\u0131cadan almaktad\u0131r. Bu tarih\u00ee mek\u00e2na; Huriler, Mittanniler, Asurlular, Urartular, \u0130skitler, Medler, Persler, Makedonlar, Selevkoslar, Partlar, Ermeniler, Romal\u0131lar, Bizansl\u0131lar, Araplar, Emev\u00eeler, Abbasiler, \u015eeyh-O\u011fullar\u0131, Hamdan\u00eeler, Merv\u00e2n\u00eeler, Sel\u00e7uklular, \u0130nano\u011fullar\u0131, Nisano\u011fullar\u0131, Anadolu Sel\u00e7uklular\u0131, Artuklular, Osmanl\u0131lar belli d\u00f6nemlerde s\u0131ras\u0131yla egemen olmu\u015flard\u0131r. Ama bu devletlerden veya uygarl\u0131klardan ne yaz\u0131k ki geriye kalan bilgi ve belge elimizde \u00e7ok azd\u0131r. Yaz\u0131l\u0131 kaynak hemen hemen yok gibidir. Bildi\u011fim kadar\u0131yla \u00c7ermik Kaymakaml\u0131\u011f\u0131\u2019n\u0131n yay\u0131nlam\u0131\u015f oldu\u011fu kitaplar ve Nurettin De\u011firmenci\u2019nin an\u0131lar\u0131n\u0131 i\u00e7eren <strong>1960\u2019l\u0131 Y\u0131llardan Bir Kesit \u00c7ERM\u0130K<\/strong> adl\u0131 eseri ile M\u00fcsl\u00fcm \u00dcz\u00fclmez\u2019in <em>Yaz\u0131l\u0131 Kaynaklarda \u00c7ERM\u0130K<\/em> adl\u0131 \u00e7al\u0131\u015fmas\u0131n\u0131n d\u0131\u015f\u0131nda ba\u015fka bas\u0131l\u0131 eser yoktur.<\/p>\n\n\n\n<p><strong>Yaz\u0131l\u0131 Kaynaklarda \u00c7ERM\u0130K<\/strong> adl\u0131 kitab\u0131m yay\u0131mland\u0131\u011f\u0131 zaman (2012) yazd\u0131\u011f\u0131m \u00f6ns\u00f6z\u00fcn sonunda, kitab\u0131m\u0131n \u201ck\u00fclt\u00fcrel ya\u015fam\u0131m\u0131za bir zenginlik kataca\u011f\u0131n\u0131; ve \u2018tarihin h\u00fck\u00fcm s\u00fcrd\u00fc\u011f\u00fc, zaman\u0131n durdu\u011fu, tabiat\u0131n konu\u015ftu\u011fu\u2019 \u00c7ermikle ilgili g\u00fczel eserlerin yaz\u0131l\u0131\u015f\u0131na vesile olaca\u011f\u0131n\u0131 umuyorum\u201d diye bir temennide bulunmu\u015ftum. Temennim ger\u00e7ekle\u015fti, \u00d6mer K\u0131l\u0131\u00e7 uzun s\u00fcredir \u00fczerinde \u00e7al\u0131\u015ft\u0131\u011f\u0131 <strong>Uygarl\u0131k Tarihinde \u00c7ERM\u0130K<\/strong> adl\u0131 \u00e7al\u0131\u015fmas\u0131n\u0131 nihayet bitirerek oylumlu g\u00fczel bir kitaba imza att\u0131.<\/p>\n\n\n\n<p><em>Uygarl\u0131k Tarihinde \u00c7ERM\u0130K<\/em>, Kent I\u015f\u0131klar\u0131 yay\u0131nlar\u0131 taraf\u0131ndan 2017 y\u0131l\u0131 sonunda yay\u0131mland\u0131. Kitap b\u00fcy\u00fck boy, karton kapakl\u0131 ve tam 804 sayfa. \u0130\u00e7erisinde \u00c7ermikle ilgili ne ararsan var, on \u00fc\u00e7 b\u00f6l\u00fcmden olu\u015fuyor: \u00c7ermik\u2019in tarihi, co\u011frafyas\u0131, k\u00f6y ve mezralar\u0131, buraya egemen olan medeniyetler, burada kullan\u0131lan diller, ekonomisi, e\u011fitimi, beyleri, tarihi eserleri, a\u015firetleri, aile yap\u0131s\u0131, sosyo-k\u00fclt\u00fcrel hayat\u0131, sanat\u00e7\u0131lar\u0131, akademisyenleri, edebiyat\u00e7\u0131lar\u0131 ve tarihi ki\u015filikleri gibi bir\u00e7ok konu detayl\u0131 bir \u015fekilde aktar\u0131l\u0131yor.<\/p>\n\n\n\n<p>Do\u011fup b\u00fcy\u00fcd\u00fc\u011f\u00fcm\u00fcz yerler ki\u015filik ve kimliklerimizin olu\u015fmas\u0131nda \u00f6nemli rol oynar. G\u00fcn\u00fcm\u00fczde insanlar bir yandan toplumsal \u00e7\u00f6z\u00fclmeyi ya\u015farken di\u011fer yandan da kendi kimliklerini ar\u0131yor. Sanayile\u015fme, modernle\u015fme, teknolojik geli\u015fme ve nihayetinde k\u00fcreselle\u015fmeyle birlikte her yer birbirine benzemeye ba\u015flad\u0131, ama insanlar\u0131n do\u011fup b\u00fcy\u00fcd\u00fc\u011f\u00fc yerlere kar\u015f\u0131 olan ilgi ve sevgisi azalmay\u0131p s\u00fcrekli art\u0131yor. Bunun en iyi g\u00f6stergesi ise kentlere dair yay\u0131nlanan kitaplar\u0131n nitelik\u00e7e iyile\u015fmesi ve say\u0131sal art\u0131\u015f\u0131d\u0131r. <em>Uygarl\u0131k Tarihinde \u00c7ERM\u0130K<\/em> adl\u0131 kitab\u0131n\u0131n da buna g\u00fczel bir \u00f6rnek olu\u015fturdu\u011funu d\u00fc\u015f\u00fcn\u00fcyorum.<\/p>\n\n\n\n<p>Bu t\u00fcr kitaplar kendimizi ve \u00e7evremizi tan\u0131mam\u0131za yard\u0131mc\u0131 oluyor. Kendimizi ve yak\u0131n \u00e7evremizi tan\u0131madan, bilmeden d\u00fcnyay\u0131 ve evreni nas\u0131l tan\u0131y\u0131p bilece\u011fiz, nas\u0131l toplumsal de\u011fi\u015fimi, d\u00f6n\u00fc\u015f\u00fcm\u00fc ve geli\u015fmeyi ger\u00e7ekle\u015ftirece\u011fiz? Kentlerle ilgili kitaplar\u0131n\u0131n \u00f6nem kazanmas\u0131n\u0131n bir nedeni de buradan geliyor kan\u0131mca. <em>Uygarl\u0131k Tarihinde \u00c7ERM\u0130K <\/em>kitab\u0131 bu a\u00e7\u0131dan iyi bir \u00e7al\u0131\u015fma. Kendimizi tan\u0131mam\u0131z a\u00e7\u0131s\u0131ndan ger\u00e7ek anlamda bir kaynak eser. Kitab\u0131n yaz\u0131l\u0131\u015f ser\u00fcvenini \u00e7ok iyi bilenlerden biri oldu\u011fum i\u00e7in rahatl\u0131kla uzun bir u\u011fra\u015f\u0131 ve yo\u011fun bir emek harcand\u0131\u011f\u0131n\u0131 s\u00f6yleyebilirim.<\/p>\n\n\n\n<p>Kitab\u0131 okudu\u011fumuzda \u00e7ok de\u011ferli bilgiler edinmenin yan\u0131nda, \u2018iki kadim nehir aras\u0131nda, \u0131p\u0131\u015f\u0131l bir g\u00f6ky\u00fcz\u00fcn\u00fcn tan\u0131kl\u0131\u011f\u0131nda, \u00e7oluk \u00e7ocu\u011fuyla ve t\u00fcm zenginlikleriyle yemye\u015fil bir hal\u0131 gibi serilen\u2019 kadim bir co\u011frafyan\u0131n \u00e7ok eski bir yerle\u015fim yeri olan \u00c7ermik\u2019i daha iyi tan\u0131m\u0131\u015f olaca\u011f\u0131z. \u00d6mer K\u0131l\u0131\u00e7 arkada\u015f\u0131m\u0131 y\u00fcrekten kutluyorum.<\/p>\n\n\n\n<p><em>Uygarl\u0131k Tarihinde \u00c7ERM\u0130K<\/em> kitab\u0131n\u0131n \u00c7ermik ve b\u00f6lge hakk\u0131nda bilgi edinmek isteyenlere, ara\u015ft\u0131rma yapacak olanlara, merak edenlere, ilgi duyanlara, kitap okumay\u0131 sevenlere g\u00fczel bir arma\u011fan oldu\u011funu d\u00fc\u015f\u00fcn\u00fcyorum. Eline sa\u011fl\u0131k \u00d6mer K\u0131l\u0131\u00e7. Devam\u0131n\u0131 bekliyoruz\u2026<\/p>\n\n\n\n<p class=\"has-small-font-size\"><em><strong>2 \u015eubat 2018 tarihinde ve sonra<\/strong><\/em>s\u0131nda:<br><em>http:\/\/www.tigrishaber.com\/uygarlik-tarihinde-cermik-2708yy.htm<br>http:\/\/avrupaforum.org\/uygarlik-tarihinde-cermik-muslum-uzulmez\/<br>https:\/\/www.insanokur.org\/uygarlik-tarihinde-cermik-muslum-uzulmez\/<br>http:\/\/www.erganihaber.net\/koseyazisi-1251-Uygarlik-Tarihinde-CERMIK.html<br>http:\/\/cermikkaplicagazetesi.com\/uygarlik-tarihinde-cermik\/1024\/<br>http:\/\/www.karikaturistik.com\/<br>yay\u0131mland\u0131.<\/em><\/p>\n\n\n<div class=\"taxonomy-post_tag wp-block-post-terms\"><a href=\"https:\/\/www.uzulmez.site\/?tag=aberna\" rel=\"tag\">aberna<\/a><span class=\"wp-block-post-terms__separator\">, <\/span><a href=\"https:\/\/www.uzulmez.site\/?tag=cermik\" rel=\"tag\">\u00e7ermik<\/a><span class=\"wp-block-post-terms__separator\">, <\/span><a href=\"https:\/\/www.uzulmez.site\/?tag=cermug\" rel=\"tag\">\u00c7\u00earm\u00fbg<\/a><span class=\"wp-block-post-terms__separator\">, <\/span><a href=\"https:\/\/www.uzulmez.site\/?tag=kavafis\" rel=\"tag\">Kavafis<\/a><span class=\"wp-block-post-terms__separator\">, <\/span><a href=\"https:\/\/www.uzulmez.site\/?tag=nurettin-degirmenci\" rel=\"tag\">nurettin de\u011firmenci<\/a><span class=\"wp-block-post-terms__separator\">, <\/span><a href=\"https:\/\/www.uzulmez.site\/?tag=omer-kilic\" rel=\"tag\">\u00d6mer K\u0131l\u0131\u00e7<\/a><span class=\"wp-block-post-terms__separator\">, <\/span><a href=\"https:\/\/www.uzulmez.site\/?tag=uygarlik-tarihi\" rel=\"tag\">Uygarl\u0131k Tarihi<\/a><\/div>\n\n\n<p><\/p>\n","protected":false},"excerpt":{"rendered":"<p>yeni bir \u00fclke bulamazs\u0131n, ba\u015fka bir deniz bulamazs\u0131nbu \u015fehir arkandan gelecektir. -Kavafis Kentler kitaplarla bulu\u015ftu\u011funda yeniden ya\u015fam bulur, yar\u0131nlara kendini ta\u015f\u0131r. Kentler ve yerel tarihle ilgili yap\u0131lacak her \u00e7al\u0131\u015fma bu nedenle \u00f6nemlidir. Bu t\u00fcrden yap\u0131lan \u00e7al\u0131\u015fmalar olanaklar \u00f6l\u00e7\u00fcs\u00fcnde desteklenmelidir. B\u00f6ylesi \u00e7al\u0131\u015fmalar ya\u015fam\u0131n demokratikle\u015fmesine katk\u0131 sunman\u0131n yan\u0131nda kendi \u00e7evremizi, kendi insanlar\u0131m\u0131z\u0131, bildi\u011fimiz ve ya\u015fad\u0131\u011f\u0131m\u0131z mek\u00e2nlar\u0131, dolays\u0131yla da kendi ge\u00e7mi\u015fimizi anlamam\u0131za yard\u0131mc\u0131 olacakt\u0131r. Esas olan sesi k\u0131s\u0131lm\u0131\u015f, sindirilmi\u015f, yok say\u0131lm\u0131\u015f veya varl\u0131klar\u0131 g\u00f6zden ka\u00e7\u0131r\u0131lm\u0131\u015f olan birey, s\u0131n\u0131f veya toplumlar\u0131n sesine kulak vermek, onlar\u0131 anlamak ve ya\u015fad\u0131klar\u0131 mek\u00e2nlarla ili\u015fkilerini anlatabilmektir. Her ailenin, her a\u015firetin, her halk\u0131n ve her bir mek\u00e2n\u0131n kendi ya\u015fanm\u0131\u015fl\u0131\u011f\u0131 ve<\/p>\n","protected":false},"author":2,"featured_media":0,"comment_status":"open","ping_status":"open","sticky":false,"template":"","format":"standard","meta":{"footnotes":""},"categories":[1197],"tags":[1391,304,1392,1389,298,1393,1390],"class_list":["post-4500","post","type-post","status-publish","format-standard","hentry","category-kultur","tag-aberna","tag-cermik","tag-cermug","tag-kavafis","tag-nurettin-degirmenci","tag-omer-kilic","tag-uygarlik-tarihi"],"_links":{"self":[{"href":"https:\/\/www.uzulmez.site\/index.php?rest_route=\/wp\/v2\/posts\/4500","targetHints":{"allow":["GET"]}}],"collection":[{"href":"https:\/\/www.uzulmez.site\/index.php?rest_route=\/wp\/v2\/posts"}],"about":[{"href":"https:\/\/www.uzulmez.site\/index.php?rest_route=\/wp\/v2\/types\/post"}],"author":[{"embeddable":true,"href":"https:\/\/www.uzulmez.site\/index.php?rest_route=\/wp\/v2\/users\/2"}],"replies":[{"embeddable":true,"href":"https:\/\/www.uzulmez.site\/index.php?rest_route=%2Fwp%2Fv2%2Fcomments&post=4500"}],"version-history":[{"count":2,"href":"https:\/\/www.uzulmez.site\/index.php?rest_route=\/wp\/v2\/posts\/4500\/revisions"}],"predecessor-version":[{"id":6730,"href":"https:\/\/www.uzulmez.site\/index.php?rest_route=\/wp\/v2\/posts\/4500\/revisions\/6730"}],"wp:attachment":[{"href":"https:\/\/www.uzulmez.site\/index.php?rest_route=%2Fwp%2Fv2%2Fmedia&parent=4500"}],"wp:term":[{"taxonomy":"category","embeddable":true,"href":"https:\/\/www.uzulmez.site\/index.php?rest_route=%2Fwp%2Fv2%2Fcategories&post=4500"},{"taxonomy":"post_tag","embeddable":true,"href":"https:\/\/www.uzulmez.site\/index.php?rest_route=%2Fwp%2Fv2%2Ftags&post=4500"}],"curies":[{"name":"wp","href":"https:\/\/api.w.org\/{rel}","templated":true}]}}