{"id":4498,"date":"2017-01-26T17:55:00","date_gmt":"2017-01-26T17:55:00","guid":{"rendered":"https:\/\/www.uzulmez.site\/?p=4498"},"modified":"2023-07-01T11:54:00","modified_gmt":"2023-07-01T11:54:00","slug":"cicek-kar-altinda-boy-atar-yazima-dair-okuyucu-mektuplari-2-ali-haydar-uzulmez","status":"publish","type":"post","link":"https:\/\/www.uzulmez.site\/?p=4498","title":{"rendered":"\u00c7i\u00e7ek Kar Alt\u0131nda Boy Atar Yaz\u0131ma Dair Okuyucu Mektuplar\u0131-2: Ali Haydar \u00dcz\u00fclmez"},"content":{"rendered":"\n<p>Yaz\u0131n\u0131n \u00f6ncesi: <a href=\"https:\/\/www.uzulmez.site\/?p=4496\" data-type=\"post\" data-id=\"4496\">\u00c7i\u00e7ek Kar Alt\u0131nda Boy Atar Yaz\u0131ma Dair Okuyucu Mektuplar\u0131-1: Nurettin De\u011firmenci<\/a><\/p>\n\n\n\n<div style=\"height:30px\" aria-hidden=\"true\" class=\"wp-block-spacer\"><\/div>\n\n\n\n<p><a href=\"https:\/\/www.uzulmez.site\/?p=4120\" data-type=\"post\" data-id=\"4120\">\u201c<strong><em>\u00c7i\u00e7ek Kar Alt\u0131nda Boy Atar<\/em><\/strong>\u201d<\/a> ba\u015fl\u0131kl\u0131 yaz\u0131mla ilgili okuyuculardan gelen mektuplardan Nurettin De\u011firmenci\u2019nin mektubunu ge\u00e7en hafta payla\u015fm\u0131\u015ft\u0131m. \u0130zninizle bu hafta Ali Haydar \u00dcz\u00fclmez\u2019nin mektubunu payla\u015fmak istiyorum.<\/p>\n\n\n\n<p><strong><em>Ali Haydar \u00dcz\u00fclmez\u2019den Gelen Mektup:<\/em><\/strong><\/p>\n\n\n\n<p>\u00abSevgili A\u011fabeyim,<\/p>\n\n\n\n<p>\u201c<strong><em>\u00c7i\u00e7ek Kar Alt\u0131nda Boy Atar<\/em><\/strong>\u201d ba\u015fl\u0131kl\u0131 yaz\u0131n\u0131z\u0131 okudum. Yaz\u0131 biraz i\u00e7indeki s\u0131k\u0131nt\u0131lar\u0131 edebi bir dille d\u0131\u015fa vurmu\u015f gibi olmu\u015f. \u0130yi g\u00fczel olmu\u015f ancak ne yapmal\u0131 konusunda bence yeni \u015feyler s\u00f6ylemek gerekir. K\u0131saca \u015f\u00f6yle \u00f6zetleyebilirim: D\u00fcnya kapal\u0131 ekonomi ve toplumdan a\u00e7\u0131k ve k\u00fcresel ekonomik topluma do\u011fru ge\u00e7i\u015f sanc\u0131lar\u0131n\u0131 ya\u015famaktad\u0131r. Eski ideoloji, siyaset ve anlay\u0131\u015flar, kurumlar insanlara yeterli gelmemekte insanlar b\u00fcy\u00fck bir h\u0131zla kentlere gelmeyle birlikte anlay\u0131\u015flar\u0131, ili\u015fkileri, sosyolojik, ideolojik, siyasi, k\u00fclt\u00fcrel, ahlaki her anlamda b\u00fcy\u00fck de\u011fi\u015fimler ya\u015f\u0131yor. \u0130leti\u015fim, ula\u015f\u0131m ve teknoloji sayesinde her \u015fey g\u00f6zlerinin \u00f6n\u00fcnde cereyan ediyor. Kendi durumlar\u0131n\u0131 tekrar tekrar bunlarla mukayese ederek tepki g\u00f6stermektedirler. Bu tepki do\u011fru da olabilir yanl\u0131\u015f da olabilir. Ama sonu\u00e7ta b\u00fcy\u00fck bir \u00e7alkant\u0131 ve huzursuzluk her alanda g\u00f6r\u00fclmekte. Bizde Erdo\u011fan, Avrupa\u2019da bir s\u00fcr\u00fc \u0131rk\u00e7\u0131, milliyet\u00e7i, fa\u015fist hareketler; son olarak ABD\u2019de Trump. Bence bu \u00e7alkant\u0131lar\u0131n ve tepkilerin sonucu y\u00f6netime geldi.<\/p>\n\n\n\n<p>Di\u011fer taraftan g\u00fcn\u00fcm\u00fczde bence birey \u00f6nce \u00e7\u0131k\u0131yor. Birey kendisinin fark\u0131na var\u0131yor ve bireyin manevra alan\u0131 geni\u015fliyor. Bu s\u0131n\u0131rs\u0131z ileti\u015fim ve bilgi sayesinde oluyor. \u0130\u015fte burada, her bir bireye sorumluluklar ve g\u00f6revler d\u00fc\u015fmektedir. Nas\u0131l ki Trump, herkese ters k\u00f6\u015feye yat\u0131rd\u0131ysa, nas\u0131l ki Erdo\u011fan herkesi parma\u011f\u0131nda oynat\u0131yorsa okumu\u015f, iyi e\u011fitim alm\u0131\u015f, birka\u00e7 dil bilen, kent k\u00fclt\u00fcr\u00fcn\u00fc ve ya\u015fam bi\u00e7imini bilen ayr\u0131ca ge\u00e7mi\u015ften g\u00fcn\u00fcm\u00fcze devrimci sol geleneklerden kendisini yeti\u015ftiren bir s\u00fcr\u00fc eli kalem tutan ve b\u00fcy\u00fck i\u015fler ba\u015farabilecek, mesle\u011finde yetkin ve yeterli insanlar b\u00fct\u00fcn bunlar\u0131 anlamakta zorlan\u0131yor, y\u00fczeysel tepkinin d\u0131\u015f\u0131nda kal\u0131c\u0131 bir varl\u0131k g\u00f6steremiyor. Bence en b\u00fcy\u00fck sorun bu. Bu insanlar hep birilerinden medet beklerken kendi ya\u015fad\u0131klar\u0131 i\u015f yerlerini, kentlerini, \u00fclkelerini b\u0131rakarak ba\u015fka yerlere s\u0131\u011f\u0131naklara giderken yanl\u0131\u015f yap\u0131yorlar. Do\u011fru olan, her bireyin, her birimizin bulundu\u011fu alanda mesle\u011fini ve duru\u015funu en kaliteli bir \u015fekilde orta yere koymal\u0131, etraf\u0131ndaki insanlara ayd\u0131nl\u0131k sa\u00e7\u0131p itici g\u00fc\u00e7 olmal\u0131d\u0131r. D\u00f6nem bu d\u00f6nemdir bence. Bunun i\u00e7in u\u011fra\u015f vermeliyiz. A\u011flay\u0131p s\u0131zlay\u0131p, yak\u0131narak ya da olup bitenlere y\u00fczeysel tepki g\u00f6stererek bir yere var\u0131lamayaca\u011f\u0131 a\u00e7\u0131kt\u0131r.<\/p>\n\n\n\n<p>Ayr\u0131ca, bence durum o kadar da k\u00f6t\u00fc de\u011fil. \u00c7\u00fcnk\u00fc insanl\u0131k ba\u015fka bir kanalda \u00f6rne\u011fin bilgi ve ileti\u015fim alan\u0131nda \u00e7ok iyi ve h\u0131zl\u0131 bir yol almakta. \u201c<em>U\u00e7an otomobil<\/em>\u201dlerin 2020\u2019de sat\u0131\u015fa sunulaca\u011f\u0131 s\u00f6ylenmekte. \u0130nsanl\u0131k i\u00e7in yery\u00fcz\u00fc yeterli gelmeyip 2027 y\u0131l\u0131nda Mars\u2019a g\u00f6n\u00fcll\u00fc gitmenin haz\u0131rl\u0131klar\u0131n\u0131 yapmakta. Bu yerel politikac\u0131lar\u0131, ideolojileri, de\u011ferleri, dinleri, anlay\u0131\u015flar\u0131, zihniyetleri yerle bir edecektir diye d\u00fc\u015f\u00fcn\u00fcyorum. De\u011fi\u015fimi, d\u00f6n\u00fc\u015f\u00fcm\u00fc bu d\u00e2hi insanlar ve onlar\u0131n d\u00e2hiyane projeleri yapmaktad\u0131r.<\/p>\n\n\n\n<p>Yine, kutsal olarak bilinen, tabu olan dinler ve dinlerin insanlar\u0131 nas\u0131l \u00e7\u0131kmazlara soktu\u011funu (\u00f6zellikle \u0130slam) ya\u015fayarak g\u00f6r\u00fcyoruz. Hi\u00e7bir \u015feyin eskisi ve bug\u00fcnk\u00fc gibi olmayaca\u011f\u0131 a\u00e7\u0131kt\u0131r. Yine Ortado\u011fu\u2019da her ne kadar tek\u00e7i, hegamonik, K\u00fcrt yap\u0131lanmas\u0131 PYD\/PKK anlay\u0131\u015f\u0131na kar\u015f\u0131 olsak da K\u00fcrtler i\u00e7in ileride b\u00fcy\u00fck kazan\u0131mlar elde ettiklerini s\u00f6yleyebiliriz. K\u0131br\u0131s adas\u0131 kadar bir toprak par\u00e7as\u0131n\u0131 (ki bunlar\u0131n b\u00fcy\u00fck bir k\u0131sm\u0131 kendilerinindir) ve \u0130stanbul Kayseri aras\u0131 uzakl\u0131k kadar 700-800 km\u2019lik bir uzakl\u0131\u011f\u0131 kontrol alt\u0131nda tuttuklar\u0131 gibi bug\u00fcn b\u00f6lgede ABD, Rusya, \u0130ran, T\u00fcrkiye, Suriye y\u00f6netimi kadar olmasa da \u00f6nemli bir akt\u00f6r durumuna gelmi\u015ftir. Bunu 5-10 y\u0131l \u00f6nce d\u00fc\u015f\u00fcnmek bile hayaldi. Oysa bug\u00fcn bunlar ger\u00e7ek. Yine Irak\u2019ta K\u00fcrdistan ba\u011f\u0131ms\u0131zl\u0131\u011f\u0131 dillendirilmekte, buradaki akt\u00f6rler de yukar\u0131da sayd\u0131\u011f\u0131m\u0131z akt\u00f6rlerle \u00f6nemli i\u015fler yapmaktad\u0131r. Bunlar, Ortado\u011fu co\u011frafyas\u0131nda K\u00fcrtlerin ve di\u011fer ezilen halklar\u0131n gelece\u011fi a\u00e7\u0131s\u0131ndan b\u00fcy\u00fck kazan\u0131mlard\u0131r. Bunu da g\u00f6rmek gerekir diye d\u00fc\u015f\u00fcn\u00fcyorum.<\/p>\n\n\n\n<p>Son olarak, D\u00fcnya ve T\u00fcrkiye emek-sol hareketi eski anlay\u0131\u015flardan, kal\u0131plardan, ideolojilerden, \u00f6rg\u00fctsel anlay\u0131\u015flardan ar\u0131nmal\u0131. Demokrasi, hukuk, insan haklar\u0131, \u00f6zg\u00fcrl\u00fckler, ahlaki de\u011ferler ve bilimsel geli\u015fmelerle b\u00fct\u00fcnle\u015ferek yeni hem de yepyeni olgular olu\u015fturmal\u0131. Castro\u2019nun K\u00fcba\u2019s\u0131, Vietnam\u2019daki ve \u00c7in\u2019deki ve de Kuzey Kore\u2019deki kom\u00fcnist tek\u00e7i y\u00f6netimler bug\u00fcn i\u00e7in insanl\u0131\u011f\u0131n ihtiya\u00e7lar\u0131na asla cevap vermemekte. Bunlar ge\u00e7mi\u015fin \u00fcr\u00fcnleridir. Evet, Castro, Che, Ho \u015ei Min, Mao b\u00fcy\u00fck devrimciler, ola\u011fan \u00fcst\u00fc yetenekli insanlard\u0131r. Ama onlar\u0131n kurdu\u011fu d\u00fczenler bug\u00fcn i\u00e7in demokratik de\u011fil. A\u00e7\u0131k, \u015feffaf de\u011fil. \u0130nsan geli\u015fimine, \u00f6zg\u00fcrl\u00fc\u011f\u00fcne cevap vermemektedir. Erdo\u011fan\u2019\u0131n T\u00fcrkiye\u2019de y\u00f6netime gelmesi ile Castro\u2019nun karde\u015fi Rao\u2019nun y\u00f6netime getirilmesi sol ad\u0131na nas\u0131l de\u011ferlendirilmeli. K\u00fcba\u2019da Castro\u2019nun karde\u015finden ba\u015fka bir devrimci sosyalist y\u00f6netici yok mu? Yine bas\u0131ndan \u00f6\u011frendi\u011fimize g\u00f6re, turizm i\u015flerini Castro\u2019nun ye\u011feni y\u00fcr\u00fctmektedir. Buna benzer bir\u00e7ok y\u00f6netim birimi ailesi ve yak\u0131n arkada\u015flar\u0131n\u0131n aileleri taraf\u0131ndan y\u00f6netilmekte. Castro\u2019nun ve Che\u2019nin devrimcili\u011fine hi\u00e7bir diyece\u011fim yok. Onlar insanl\u0131\u011f\u0131n y\u00fcz aklar\u0131. Ama \u00fclkedeki \u015fuan ki y\u00f6netim uygulamalar\u0131 bu insanlar\u0131n ve bizim hayal etti\u011fimiz d\u00fczen sistem ve \u00fctopya de\u011fil. Bu nedenle yukar\u0131da da de\u011findi\u011fim gibi a\u00e7\u0131k, \u015feffaf, yeni \u015feyler yaratmal\u0131 ve \u00fcretmeliyiz. B\u00f6ylece insanl\u0131k bu \u00e7alkant\u0131l\u0131 d\u00f6nemde mutlaka bunlar\u0131 yaratacakt\u0131r. Bize d\u00fc\u015fen g\u00f6rev, destek olmak, do\u011fru, sakin bir \u015fekilde olup bitenleri de\u011ferlendirmek ve gelecek g\u00fcnleri birey olarak ad\u0131m ad\u0131m \u00f6rmektir.<\/p>\n\n\n\n<p>Selametle kal.<\/p>\n\n\n\n<p>13 Ocak 2017<\/p>\n\n\n\n<p>Ali Haydar \u00dcz\u00fclmez\u00bb<\/p>\n\n\n\n<div style=\"height:30px\" aria-hidden=\"true\" class=\"wp-block-spacer\"><\/div>\n\n\n\n<p class=\"has-small-font-size\"><em><strong>26 Ocak 2017 tarihinde ve sonras\u0131nda<\/strong><\/em>:<br><em>http:\/\/www.tigrishaber.com da,<br>http:\/\/www.erganihaber.net de yay\u0131mland\u0131.<\/em><\/p>\n\n\n\n<p><\/p>\n\n\n<div class=\"taxonomy-post_tag wp-block-post-terms\"><a href=\"https:\/\/www.uzulmez.site\/?tag=abd\" rel=\"tag\">abd<\/a><span class=\"wp-block-post-terms__separator\">, <\/span><a href=\"https:\/\/www.uzulmez.site\/?tag=ali-haydar-uzulmez\" rel=\"tag\">ali haydar \u00fcz\u00fclmez<\/a><span class=\"wp-block-post-terms__separator\">, <\/span><a href=\"https:\/\/www.uzulmez.site\/?tag=castro\" rel=\"tag\">Castro<\/a><span class=\"wp-block-post-terms__separator\">, <\/span><a href=\"https:\/\/www.uzulmez.site\/?tag=che\" rel=\"tag\">Che<\/a><span class=\"wp-block-post-terms__separator\">, <\/span><a href=\"https:\/\/www.uzulmez.site\/?tag=erdogan\" rel=\"tag\">Erdo\u011fan<\/a><span class=\"wp-block-post-terms__separator\">, <\/span><a href=\"https:\/\/www.uzulmez.site\/?tag=ho-si-min\" rel=\"tag\">Ho \u015ei Min<\/a><span class=\"wp-block-post-terms__separator\">, <\/span><a href=\"https:\/\/www.uzulmez.site\/?tag=kurdistan\" rel=\"tag\">k\u00fcrdistan<\/a><span class=\"wp-block-post-terms__separator\">, <\/span><a href=\"https:\/\/www.uzulmez.site\/?tag=mao\" rel=\"tag\">Mao<\/a><span class=\"wp-block-post-terms__separator\">, <\/span><a href=\"https:\/\/www.uzulmez.site\/?tag=nurettin-degirmenci\" rel=\"tag\">nurettin de\u011firmenci<\/a><span class=\"wp-block-post-terms__separator\">, <\/span><a href=\"https:\/\/www.uzulmez.site\/?tag=pyd-pkk\" rel=\"tag\">PYD\/PKK<\/a><span class=\"wp-block-post-terms__separator\">, <\/span><a href=\"https:\/\/www.uzulmez.site\/?tag=trump\" rel=\"tag\">Trump<\/a><span class=\"wp-block-post-terms__separator\">, <\/span><a href=\"https:\/\/www.uzulmez.site\/?tag=ucan-otomobil\" rel=\"tag\">U\u00e7an otomobil<\/a><\/div>\n\n\n<p><\/p>\n","protected":false},"excerpt":{"rendered":"<p>Yaz\u0131n\u0131n \u00f6ncesi: \u00c7i\u00e7ek Kar Alt\u0131nda Boy Atar Yaz\u0131ma Dair Okuyucu Mektuplar\u0131-1: Nurettin De\u011firmenci \u201c\u00c7i\u00e7ek Kar Alt\u0131nda Boy Atar\u201d ba\u015fl\u0131kl\u0131 yaz\u0131mla ilgili okuyuculardan gelen mektuplardan Nurettin De\u011firmenci\u2019nin mektubunu ge\u00e7en hafta payla\u015fm\u0131\u015ft\u0131m. \u0130zninizle bu hafta Ali Haydar \u00dcz\u00fclmez\u2019nin mektubunu payla\u015fmak istiyorum. Ali Haydar \u00dcz\u00fclmez\u2019den Gelen Mektup: \u00abSevgili A\u011fabeyim, \u201c\u00c7i\u00e7ek Kar Alt\u0131nda Boy Atar\u201d ba\u015fl\u0131kl\u0131 yaz\u0131n\u0131z\u0131 okudum. Yaz\u0131 biraz i\u00e7indeki s\u0131k\u0131nt\u0131lar\u0131 edebi bir dille d\u0131\u015fa vurmu\u015f gibi olmu\u015f. \u0130yi g\u00fczel olmu\u015f ancak ne yapmal\u0131 konusunda bence yeni \u015feyler s\u00f6ylemek gerekir. K\u0131saca \u015f\u00f6yle \u00f6zetleyebilirim: D\u00fcnya kapal\u0131 ekonomi ve toplumdan a\u00e7\u0131k ve k\u00fcresel ekonomik topluma do\u011fru ge\u00e7i\u015f sanc\u0131lar\u0131n\u0131 ya\u015famaktad\u0131r. Eski ideoloji, siyaset ve anlay\u0131\u015flar, kurumlar<\/p>\n","protected":false},"author":2,"featured_media":0,"comment_status":"open","ping_status":"open","sticky":false,"template":"","format":"standard","meta":{"footnotes":""},"categories":[3403,97],"tags":[187,105,1383,1385,1386,1387,157,1388,298,1382,53,1384],"class_list":["post-4498","post","type-post","status-publish","format-standard","hentry","category-plus","category-politika","tag-abd","tag-ali-haydar-uzulmez","tag-castro","tag-che","tag-erdogan","tag-ho-si-min","tag-kurdistan","tag-mao","tag-nurettin-degirmenci","tag-pyd-pkk","tag-trump","tag-ucan-otomobil"],"_links":{"self":[{"href":"https:\/\/www.uzulmez.site\/index.php?rest_route=\/wp\/v2\/posts\/4498","targetHints":{"allow":["GET"]}}],"collection":[{"href":"https:\/\/www.uzulmez.site\/index.php?rest_route=\/wp\/v2\/posts"}],"about":[{"href":"https:\/\/www.uzulmez.site\/index.php?rest_route=\/wp\/v2\/types\/post"}],"author":[{"embeddable":true,"href":"https:\/\/www.uzulmez.site\/index.php?rest_route=\/wp\/v2\/users\/2"}],"replies":[{"embeddable":true,"href":"https:\/\/www.uzulmez.site\/index.php?rest_route=%2Fwp%2Fv2%2Fcomments&post=4498"}],"version-history":[{"count":2,"href":"https:\/\/www.uzulmez.site\/index.php?rest_route=\/wp\/v2\/posts\/4498\/revisions"}],"predecessor-version":[{"id":6588,"href":"https:\/\/www.uzulmez.site\/index.php?rest_route=\/wp\/v2\/posts\/4498\/revisions\/6588"}],"wp:attachment":[{"href":"https:\/\/www.uzulmez.site\/index.php?rest_route=%2Fwp%2Fv2%2Fmedia&parent=4498"}],"wp:term":[{"taxonomy":"category","embeddable":true,"href":"https:\/\/www.uzulmez.site\/index.php?rest_route=%2Fwp%2Fv2%2Fcategories&post=4498"},{"taxonomy":"post_tag","embeddable":true,"href":"https:\/\/www.uzulmez.site\/index.php?rest_route=%2Fwp%2Fv2%2Ftags&post=4498"}],"curies":[{"name":"wp","href":"https:\/\/api.w.org\/{rel}","templated":true}]}}