{"id":4496,"date":"2017-01-19T17:37:00","date_gmt":"2017-01-19T17:37:00","guid":{"rendered":"https:\/\/www.uzulmez.site\/?p=4496"},"modified":"2023-07-01T11:50:52","modified_gmt":"2023-07-01T11:50:52","slug":"cicek-kar-altinda-boy-atar-yazima-dair-okuyucu-mektuplari-1-nurettin-degirmenci","status":"publish","type":"post","link":"https:\/\/www.uzulmez.site\/?p=4496","title":{"rendered":"\u00c7i\u00e7ek Kar Alt\u0131nda Boy Atar Yaz\u0131ma Dair Okuyucu Mektuplar\u0131-1: Nurettin De\u011firmenci"},"content":{"rendered":"\n<p><a href=\"https:\/\/www.uzulmez.site\/?p=4120\" data-type=\"post\" data-id=\"4120\">\u201c<strong><em>\u00c7i\u00e7ek Kar Alt\u0131nda Boy Atar<\/em><\/strong>\u201d<\/a> ba\u015fl\u0131kl\u0131 yaz\u0131m yay\u0131nland\u0131ktan sonra birka\u00e7 telefon ve elektronik posta marifetiyle mektup ald\u0131m. Gelen telefon ve mektuplarda hem \u00f6vg\u00fc var, hem ele\u015ftiri&#8230; Yaz\u0131ma ilgi g\u00f6sterip zaman ay\u0131rd\u0131klar\u0131 i\u00e7in, l\u00fctfedip d\u00fc\u015f\u00fcncelerini bildirdikleri i\u00e7in t\u00fcm okuyucular\u0131ma buradan te\u015fekk\u00fcrlerimi g\u00f6nderiyorum. Hepinizin ba\u015f\u0131m g\u00f6z\u00fcm \u00fcst\u00fcnde yeri var.<\/p>\n\n\n\n<p>Gelen ele\u015ftirilerde \u00e7o\u011funlukla yaz\u0131n\u0131n biraz karamsar oldu\u011fu, g\u00fcn\u00fcm\u00fczdeki geli\u015fmelerin \u00f6rt\u00fck anlat\u0131ld\u0131\u011f\u0131 veya yeterince a\u00e7\u0131k yans\u0131t\u0131lmad\u0131\u011f\u0131, \u201c<em>duygusal kopu\u015f<\/em>\u201d konusunun ise benimsenmedi\u011fi vs. belirtiliyor. Nurettin De\u011firmenci ve Ali Haydar \u00dcz\u00fclmez\u2019den gelen mektuplarda ise farkl\u0131 yorum ve tespitlerle yaz\u0131ma d\u00fc\u015f\u00fcnsel katk\u0131 sunulmak istenmi\u015f. Bu nedenle bu mektuplar\u0131 s\u0131ras\u0131yla payla\u015fmak istiyorum.<\/p>\n\n\n\n<p><strong><em>Nurettin De\u011firmenci\u2019den Gelen Mektup:<\/em><\/strong><\/p>\n\n\n\n<p>\u00abSevgili M\u00fcsl\u00fcm,<\/p>\n\n\n\n<p>Son iki yaz\u0131n<sup>(*)<\/sup> bana sayg\u0131de\u011fer Parvus Efendi\u2019yi hat\u0131rlat\u0131yor.<\/p>\n\n\n\n<p>Parvus Efendi, \u0130stanbul\u2019un bir k\u00f6\u015fesinde, derin d\u00fc\u015f\u00fcncelere dalar; Osmanl\u0131\u2019n\u0131n, batm\u0131\u015f-\u00e7\u00f6km\u00fc\u015f ekonomisi \u00fczerinde kafa yorar\u2026 O devirde hareminde cariyeleri ile yatan, yemek masalar\u0131nda eksikleri olmayan vezirler ise entrika-kurnazl\u0131k-komplo ile y\u00f6netimlerini s\u00fcrd\u00fcrmeye \u00e7al\u0131\u015f\u0131rlard\u0131.<\/p>\n\n\n\n<p>G\u00fcn\u00fcm\u00fczde, Parvus Efendi\u2019nin, <strong>T\u00fcrkiye\u2019nin Mali Tutsakl\u0131\u011f\u0131<\/strong> ad\u0131nda bir eseri var, ama vezirlerin, aslanlar gibi, geriye b\u0131rakt\u0131klar\u0131 tek bir ize rastlanm\u0131yor.<\/p>\n\n\n\n<p>\u00c7evrendeki demokrat, onurlu, ger\u00e7eklerden korkmayan, adaletli olmaya \u00e7al\u0131\u015fan, toplumuna borcu oldu\u011funu bilen\u2026 \u0130nsanlar ac\u0131 \u00e7ekiyor, hapishanelerde yat\u0131yor; yalanc\u0131, d\u00fczenbaz, ki\u015fili\u011fini ve insanl\u0131\u011f\u0131n\u0131 ink\u00e2r edenler ise l\u00fcks ya\u015fam s\u00fcrmek i\u00e7in olmad\u0131k \u015faklabanl\u0131klar yap\u0131yor.<\/p>\n\n\n\n<p>B\u00f6ylesi bir \u00fclkede mutlu ya\u015famak i\u00e7in toplumun d\u0131\u015f\u0131nda kalmak, karanl\u0131klarda ya\u015famak, inziva ya\u015fam\u0131 s\u00fcrd\u00fcrmek ile m\u00fcmk\u00fcnd\u00fcr. Di\u011fer bir ifadeyle, bakan k\u00f6r, i\u015fiten sa\u011f\u0131r, susan lal olmak gerekir.<\/p>\n\n\n\n<p>Bizler, sahip oldu\u011fumuz kavramlar ve ki\u015fili\u011fimiz ile hep bu toplum y\u00f6netiminin d\u0131\u015f\u0131nda kald\u0131k. Do\u011frusunu istersen toplum y\u00f6netimine d\u00e2hil olmak da istemedik. Ki\u015fili\u011fini kaybetmeden bu toplumun y\u00f6netimine girmek olduk\u00e7a zor g\u00f6z\u00fck\u00fcyor. G\u00fcn\u00fcm\u00fczde ise y\u00f6netime kat\u0131lanlar\u0131n kul olmalar\u0131 birinci ko\u015ful oluyor.<\/p>\n\n\n\n<p>Kul en a\u015fa\u011f\u0131 insan seviyesidir. Kuldan biraz daha de\u011ferli k\u00f6leler olur. Baz\u0131 k\u00f6leler, fiziksel olarak ba\u011f\u0131ml\u0131, bellek olarak \u00f6zg\u00fcr olur. Kul, fiziksel ve ruhsal olarak ba\u011f\u0131ml\u0131 olur. Serf, k\u00f6leden daha iyi ya\u015fam s\u00fcrer. K\u0131tl\u0131k i\u00e7inde ailesi ile s\u00fcr\u00fcn\u00fcr.<\/p>\n\n\n\n<p>Bu a\u015famalardan sonra insan ve \u00f6zg\u00fcr insan seviyeleri gelir. \u00d6zg\u00fcr bir insan\u0131n kul olmas\u0131, bana g\u00f6re, \u00f6lmesinden daha k\u00f6t\u00fcd\u00fcr.<\/p>\n\n\n\n<p>Yalan s\u00f6yleyen, ger\u00e7ekleri ink\u00e2r eden, adaletli olmayan \u00f6zg\u00fcr birey olamaz. Ku\u015fkusuz, G\u00f6recelilik Yasas\u0131 gere\u011fi, mutlak ger\u00e7ek, mutlak do\u011fru, mutlak adalet do\u011faya aittir. \u0130nsanlar, s\u0131n\u0131rl\u0131 bilgileri nedeniyle, istemeden, ger\u00e7eklerden, adaletten, do\u011frulardan uzakla\u015fabilirler. Konumuz, insanlar\u0131n g\u00f6z\u00fcn\u00fcn i\u00e7ine bakarak ger\u00e7ekleri saklamak, do\u011frulardan ka\u00e7mak, adaletten uzakla\u015fmad\u0131r.<\/p>\n\n\n\n<p>Ger\u00e7ek, do\u011fru, adalet insanlar\u0131 kal\u0131c\u0131 ve eskimeyen g\u00fczelli\u011fe ula\u015ft\u0131r\u0131r.<\/p>\n\n\n\n<p>Bunlar\u0131n d\u0131\u015f\u0131nda do\u011fal sevgi, cesaret, umut ya\u015famak ile ilgili; \u00f6fke, korku, umutsuzluk yok olma ile ilgili olup; her iki k\u00fcme de do\u011fan\u0131n canl\u0131lara hediyesidir.<\/p>\n\n\n\n<p>Kavramlarla ilgili sevgi, cesaret, umut ile \u00f6fke, korku, umutsuzluk sadece insanlar i\u00e7indir.<\/p>\n\n\n\n<p>S\u00fcrekli \u00f6fkeli seslerin-g\u00f6r\u00fcnt\u00fclerin, korkunun-tehditlerin ve umutsuzlu\u011fun savruldu\u011fu bir \u00fclkede ya\u015farken; sevgiden, cesaret ve umuttan uzakla\u015fmak normaldir. \u00d6nemli olan sevgiyi, cesareti ve umudu kaybetmemektir.<\/p>\n\n\n\n<p>\u0130\u015fin ac\u0131kl\u0131 taraf\u0131, Parvus Efendi gibi ger\u00e7ekleri bir par\u00e7a g\u00f6r\u00fcp toplumun d\u0131\u015f\u0131na itilenler, kullara ac\u0131yor ve ac\u0131 \u00e7ekiyorlar. Kullar ise g\u00fcn\u00fcbirlik ya\u015famlar\u0131, bakan ama g\u00f6rmeyen g\u00f6zleri, i\u015fiten ama anlamayan kulaklar\u0131, ku\u015flara benzer \u00e7\u0131kard\u0131klar\u0131 sesler ile olduk\u00e7a mutlu g\u00f6z\u00fck\u00fcyorlar. Y\u00f6netimdeki kullar, l\u00fcks ya\u015fant\u0131lar\u0131; y\u00f6netilen kullar, \u00e7\u0131kard\u0131klar\u0131 ezber s\u00f6zc\u00fckleri ile \u00f6v\u00fcn\u00fcyorlar. Her iki kul k\u00fcmesi, ku\u015f sesleri benzer s\u00f6zc\u00fckleri, d\u00fc\u015f\u00fcnenlerin \u00e7\u0131karmas\u0131n\u0131 bekliyorlar.<\/p>\n\n\n\n<p>Sa\u011fl\u0131kl\u0131 ve mutlu g\u00fcnler diliyor, sizleri \u00f6p\u00fcyorum.<\/p>\n\n\n\n<p>(11 Ocak 2017)<\/p>\n\n\n\n<p>Nurettin De\u011firmenci\u00bb<\/p>\n\n\n\n<p><em><sup>(*)<\/sup> S\u00f6z konusu edilen di\u011fer yaz\u0131 <a href=\"https:\/\/www.uzulmez.site\/?p=4564\" data-type=\"post\" data-id=\"4564\">\u201c<strong>Kavu\u015fmak Ya\u015fam\u0131n \u00d6l\u00fcm Ayr\u0131l\u0131\u011f\u0131n Kanunu<\/strong>\u201d<\/a> ba\u015fl\u0131kl\u0131 yaz\u0131md\u0131r.<\/em><\/p>\n\n\n\n<p>Yaz\u0131n\u0131n devam\u0131: <a href=\"https:\/\/www.uzulmez.site\/?p=4498\" data-type=\"post\" data-id=\"4498\">\u00c7i\u00e7ek Kar Alt\u0131nda Boy Atar Yaz\u0131ma Dair Okuyucu Mektuplar\u0131-2: Ali Haydar \u00dcz\u00fclmez<\/a><\/p>\n\n\n\n<div style=\"height:30px\" aria-hidden=\"true\" class=\"wp-block-spacer\"><\/div>\n\n\n\n<p class=\"has-small-font-size\"><strong><em>19 Ocak 2017 tarihinde<\/em><\/strong>:<br><em><strong>http:\/\/www.erganihaber.net\/koseyazisi-1129-Okuyucu-Mektuplari-1.html<br>yay\u0131mland\u0131.<\/strong><\/em><\/p>\n\n\n<div class=\"taxonomy-post_tag wp-block-post-terms\"><a href=\"https:\/\/www.uzulmez.site\/?tag=ali-haydar-uzulmez\" rel=\"tag\">ali haydar \u00fcz\u00fclmez<\/a><span class=\"wp-block-post-terms__separator\">, <\/span><a href=\"https:\/\/www.uzulmez.site\/?tag=duygusal-kopus\" rel=\"tag\">duygusal kopu\u015f<\/a><span class=\"wp-block-post-terms__separator\">, <\/span><a href=\"https:\/\/www.uzulmez.site\/?tag=nurettin-degirmenci\" rel=\"tag\">nurettin de\u011firmenci<\/a><span class=\"wp-block-post-terms__separator\">, <\/span><a href=\"https:\/\/www.uzulmez.site\/?tag=parvus-efendi\" rel=\"tag\">Parvus Efendi<\/a><span class=\"wp-block-post-terms__separator\">, <\/span><a href=\"https:\/\/www.uzulmez.site\/?tag=turkiyenin-mali-tutsakligi\" rel=\"tag\">T\u00fcrkiye\u2019nin Mali Tutsakl\u0131\u011f\u0131<\/a><\/div>\n\n\n<p><\/p>\n","protected":false},"excerpt":{"rendered":"<p>\u201c\u00c7i\u00e7ek Kar Alt\u0131nda Boy Atar\u201d ba\u015fl\u0131kl\u0131 yaz\u0131m yay\u0131nland\u0131ktan sonra birka\u00e7 telefon ve elektronik posta marifetiyle mektup ald\u0131m. Gelen telefon ve mektuplarda hem \u00f6vg\u00fc var, hem ele\u015ftiri&#8230; Yaz\u0131ma ilgi g\u00f6sterip zaman ay\u0131rd\u0131klar\u0131 i\u00e7in, l\u00fctfedip d\u00fc\u015f\u00fcncelerini bildirdikleri i\u00e7in t\u00fcm okuyucular\u0131ma buradan te\u015fekk\u00fcrlerimi g\u00f6nderiyorum. Hepinizin ba\u015f\u0131m g\u00f6z\u00fcm \u00fcst\u00fcnde yeri var. Gelen ele\u015ftirilerde \u00e7o\u011funlukla yaz\u0131n\u0131n biraz karamsar oldu\u011fu, g\u00fcn\u00fcm\u00fczdeki geli\u015fmelerin \u00f6rt\u00fck anlat\u0131ld\u0131\u011f\u0131 veya yeterince a\u00e7\u0131k yans\u0131t\u0131lmad\u0131\u011f\u0131, \u201cduygusal kopu\u015f\u201d konusunun ise benimsenmedi\u011fi vs. belirtiliyor. Nurettin De\u011firmenci ve Ali Haydar \u00dcz\u00fclmez\u2019den gelen mektuplarda ise farkl\u0131 yorum ve tespitlerle yaz\u0131ma d\u00fc\u015f\u00fcnsel katk\u0131 sunulmak istenmi\u015f. Bu nedenle bu mektuplar\u0131 s\u0131ras\u0131yla payla\u015fmak istiyorum. Nurettin De\u011firmenci\u2019den Gelen Mektup: \u00abSevgili M\u00fcsl\u00fcm,<\/p>\n","protected":false},"author":2,"featured_media":0,"comment_status":"open","ping_status":"open","sticky":false,"template":"","format":"standard","meta":{"footnotes":""},"categories":[3403,97],"tags":[105,1378,298,1380,1379],"class_list":["post-4496","post","type-post","status-publish","format-standard","hentry","category-plus","category-politika","tag-ali-haydar-uzulmez","tag-duygusal-kopus","tag-nurettin-degirmenci","tag-parvus-efendi","tag-turkiyenin-mali-tutsakligi"],"_links":{"self":[{"href":"https:\/\/www.uzulmez.site\/index.php?rest_route=\/wp\/v2\/posts\/4496","targetHints":{"allow":["GET"]}}],"collection":[{"href":"https:\/\/www.uzulmez.site\/index.php?rest_route=\/wp\/v2\/posts"}],"about":[{"href":"https:\/\/www.uzulmez.site\/index.php?rest_route=\/wp\/v2\/types\/post"}],"author":[{"embeddable":true,"href":"https:\/\/www.uzulmez.site\/index.php?rest_route=\/wp\/v2\/users\/2"}],"replies":[{"embeddable":true,"href":"https:\/\/www.uzulmez.site\/index.php?rest_route=%2Fwp%2Fv2%2Fcomments&post=4496"}],"version-history":[{"count":2,"href":"https:\/\/www.uzulmez.site\/index.php?rest_route=\/wp\/v2\/posts\/4496\/revisions"}],"predecessor-version":[{"id":6586,"href":"https:\/\/www.uzulmez.site\/index.php?rest_route=\/wp\/v2\/posts\/4496\/revisions\/6586"}],"wp:attachment":[{"href":"https:\/\/www.uzulmez.site\/index.php?rest_route=%2Fwp%2Fv2%2Fmedia&parent=4496"}],"wp:term":[{"taxonomy":"category","embeddable":true,"href":"https:\/\/www.uzulmez.site\/index.php?rest_route=%2Fwp%2Fv2%2Fcategories&post=4496"},{"taxonomy":"post_tag","embeddable":true,"href":"https:\/\/www.uzulmez.site\/index.php?rest_route=%2Fwp%2Fv2%2Ftags&post=4496"}],"curies":[{"name":"wp","href":"https:\/\/api.w.org\/{rel}","templated":true}]}}