{"id":4494,"date":"2017-01-06T17:27:00","date_gmt":"2017-01-06T17:27:00","guid":{"rendered":"https:\/\/www.uzulmez.site\/?p=4494"},"modified":"2023-04-20T17:35:50","modified_gmt":"2023-04-20T17:35:50","slug":"cicek-kar-altinda-boy-atar","status":"publish","type":"post","link":"https:\/\/www.uzulmez.site\/?p=4494","title":{"rendered":"\u00c7i\u00e7ek Kar Alt\u0131nda Boy Atar"},"content":{"rendered":"\n<p><em>Yanl\u0131\u015f\u0131 do\u011fru (ya da e\u011friyi do\u011fru) gibi g\u00f6stermeye \u00e7al\u0131\u015fanlar<br>Kendi kendilerini kand\u0131rd\u0131klar\u0131 gibi ba\u015fkalar\u0131n\u0131 da kand\u0131rmaya \u00e7al\u0131\u015f\u0131r<\/em>.<\/p>\n\n\n\n<p>Kalemim bug\u00fcnlerde sanki bana g\u00fccendi. Harfleri bir biri ard\u0131nca s\u0131ralam\u0131yor. S\u00f6zc\u00fckler havada as\u0131l\u0131 kal\u0131yor. Rahmet damlalar\u0131 gibi beyaz k\u00e2\u011f\u0131tlara\/ bilgisayar ekran\u0131na damlam\u0131yor. Bu s\u0131k\u0131nt\u0131ya katlanarak yine de yazma i\u015fini s\u00fcrd\u00fcrmeye \u00e7al\u0131\u015f\u0131yorum.<\/p>\n\n\n\n<p>Yeni y\u0131la kanla girdik. Mevsimin en so\u011fuk g\u00fcnlerini ve siyaseten en karamsar k\u0131\u015f\u0131 ya\u015f\u0131yoruz. Dondurucu hava her yan\u0131 sard\u0131; so\u011fuk k\u00f6t\u00fc g\u00fcnler bast\u0131rd\u0131k\u00e7a bast\u0131r\u0131yor. Buzhanedeymi\u015fiz gibi ruhumuzu \u0131s\u0131tacak bir \u015feyler ar\u0131yoruz, ama \u0131rz\u0131 k\u0131r\u0131k D\u00fcnya bir kriz i\u00e7inde. Hi\u00e7 i\u00e7 a\u00e7\u0131c\u0131 bir durumda de\u011fil. Yak\u0131n bir zamanda da bir \u0131\u015f\u0131k g\u00f6z\u00fckm\u00fcyor. D\u00fcnya genelinde gelir da\u011f\u0131l\u0131m\u0131ndaki makas durmadan a\u00e7\u0131l\u0131yor. Afrika a\u00e7l\u0131ktan k\u0131vran\u0131yor. Ortado\u011fu yan\u0131yor. M\u00fcsl\u00fcman \u00fclkelerden H\u0131ristiyanlar\u0131n ya\u015fad\u0131\u011f\u0131 geli\u015fmi\u015f Bat\u0131 \u00fclkelerine yo\u011fun dramatik g\u00f6\u00e7 dalgalar\u0131 s\u00fcr\u00fcyor. Ter\u00f6r \u00f6rg\u00fctleri \u00f6l\u00fcmc\u00fcl eylemlerini s\u00fcrd\u00fcr\u00fcyor. Bat\u0131\u2019da \u0131rk\u00e7\u0131l\u0131k y\u00fckseliyor. \u201cD\u00fcnyan\u0131n horozu\u201d Amerika\u2019da Donald Trump beklenmedik \u015fekilde Ba\u015fkan se\u00e7iliyor ve ba\u015fkanl\u0131k koltu\u011funa oturman\u0131n haz\u0131rl\u0131\u011f\u0131n\u0131 yap\u0131yor.<\/p>\n\n\n\n<p>T\u00fcrkiye\u2019de ise devletin \u201c\u00e7ivisi \u00e7\u0131kt\u0131\u201d. Ya\u015fananlar ortada. Zor ve berbat bir s\u00fcre\u00e7ten ge\u00e7iyoruz. Hi\u00e7 kimsenin can, mal ve i\u015f g\u00fcvenli\u011fi yok. Pe\u015f pe\u015fe bombalar patl\u0131yor, insanlar \u00f6l\u00fcp ate\u015f d\u00fc\u015ft\u00fc\u011f\u00fc yeri yak\u0131yor. Kamu kurumlar\u0131ndan y\u00f6neticiler ve \u00e7al\u0131\u015fanlar s\u00fcrekli g\u00f6revden al\u0131n\u0131yor. K\u00fcrt milletvekilleri ve K\u00fcrt belediye ba\u015fkanlar\u0131 tutuklan\u0131yor. Muhalif belediyelere ve \u015firketlere s\u00fcrekli kayyumlar atan\u0131yor. Yaz\u0131l\u0131 ve g\u00f6rsel medya kapat\u0131l\u0131yor ya da susturuluyor. D\u00fc\u015f\u00fcnen insanlar ya i\u015finden at\u0131l\u0131yor ya da hapishanelere t\u0131k\u0131l\u0131yor. Gerilim s\u00fcrekli y\u00fckseltiliyor. ABD, Avrupa ve kom\u015fu \u00fclkelerle ili\u015fkiler limonile\u015fip neredeyse durma noktas\u0131na geldi. \u0130ktidar partisi ise her ne pahas\u0131na Ba\u015fkanl\u0131k ad\u0131 alt\u0131nda kendi Cumhuriyetini kurmaya \u00e7al\u0131\u015f\u0131yor. Ve dinleri oldu\u011fu i\u00e7in adalete, vicdana, ahlaka ihtiya\u00e7lar\u0131 yokmu\u015f gibi davran\u0131yor. Kula kulluk reva\u00e7ta.<\/p>\n\n\n\n<p>Herkesin malumudur. Eski bir volkanik yanarda\u011f olan Karacada\u011f\u2019\u0131n bulundu\u011fu co\u011frafyada bug\u00fcn ya\u015fananlar ve hakl\u0131 talepler fiziksel oldu\u011fu kadar toplumsal ve siyasal yak\u0131c\u0131l\u0131\u011f\u0131n\u0131 kesintisiz s\u00fcrd\u00fcr\u00fcyor. Kulaklara k\u00fcpe olsun: Duygusal kopu\u015f olunca ayr\u0131l\u0131k ka\u00e7\u0131n\u0131lmaz olur!<\/p>\n\n\n\n<p>\u00c7ok neden var k\u00f6t\u00fcmser olmam\u0131z i\u00e7in, ama tarihsel iyimserli\u011fimizle umudumuzu yitirmemeliyiz. Hayallerimizden vazge\u00e7memeliyiz. \u00c7i\u00e7ek kar alt\u0131nda boy atar. Kimsenin ku\u015fkusu olmas\u0131n. G\u00fcn gelecek yapraklar \u00e7i\u00e7eklere, \u00e7i\u00e7ekler yapraklara g\u00fcl\u00fcmseyecektir.<\/p>\n\n\n\n<p>Peki, bu g\u00fcl\u00fcmsemenin olmas\u0131 i\u00e7in ne yapmal\u0131y\u0131z?<\/p>\n\n\n\n<p>Kan\u0131mca, her \u015feyden \u00f6nce D\u00fcnya\u2019daki geli\u015fmeleri iyi anlamaya \u00e7al\u0131\u015fmal\u0131y\u0131z. Bunun i\u00e7in her zamankinden \u00e7ok daha fazla bir \u00e7aba sarf ederek d\u00fcnya literat\u00fcr\u00fcn\u00fc takip etmeli ve yo\u011fun bir okuma eylemi i\u00e7inde olmal\u0131y\u0131z. Her \u015feyi k\u0131l\u0131 k\u0131rk yararak d\u00fc\u015f\u00fcnmeliyiz. Bilgi, ak\u0131l ve cesaretle yeni d\u00fc\u015f\u00fcnceler ve kavramlar \u00fcretmeliyiz. Edindi\u011fimiz bilgiler \u0131\u015f\u0131\u011f\u0131nda bir \u00f6ng\u00f6r\u00fcde bulunmal\u0131y\u0131z. B\u00f6yle bir yol izledi\u011fimizde ger\u00e7ekten \u00f6n\u00fcm\u00fcz\u00fc g\u00f6rebilir ve olabilecekleri kestirebiliriz ancak. \u00d6ng\u00f6r\u00fcs\u00fcz yap\u0131lacak \u015feyler berhavan \u015feylerdir. Ba\u015fka bir ifadeyle, e\u011fer nereye gidilece\u011fi bilinmiyorsa gidilecek yerin bir \u00f6nemi yoktur.<\/p>\n\n\n\n<p>\u0130kincisi, ivedi olarak demokrasinin \u00f6n\u00fcn\u00fc a\u00e7acak politikalar geli\u015ftirmeliyiz. Bug\u00fcn hayat\u0131n her alan\u0131nda g\u00fcven k\u0131r\u0131lmas\u0131 ya\u015fan\u0131yor. Bireyler, devletler, kurumlar\/\u015firketler, uluslar\/etnik topluluklar, inan\u00e7lar, toplumsal s\u0131n\u0131flar aras\u0131nda var olan g\u00fcven sorunu a\u011f\u0131r hasarlara neden olmu\u015ftur. Bu nedenle ortak yarar g\u00f6zeten g\u00fcven verici, \u00e7o\u011fulcu, \u015feffaf birlikler olu\u015fturmal\u0131 ve i\u015fbirli\u011fi yapabilme becerisini g\u00f6sterebilmeliyiz. \u015eiddetten ka\u00e7\u0131narak, g\u00f6n\u00fcl birli\u011fiyle ak\u0131lc\u0131 bir \u015fekilde hep beraber demokratik kurumlar\u0131\/ mevzileri korumaya \u00e7al\u0131\u015fmal\u0131 ve egemen anlay\u0131\u015fa kar\u015f\u0131 bir alternatif olarak ortaya \u00e7\u0131kmal\u0131y\u0131z. \u00c7evremizde bulunanlara kara\u00e7al\u0131n\u0131n tatl\u0131 meyve vermeyece\u011fini, e\u011fri cetvelle do\u011fru \u00e7izilemeyece\u011fini; Faust\u2019un, \u015feytanla anla\u015farak d\u00fcnyan\u0131n t\u00fcm ke\u015fifleri kar\u015f\u0131l\u0131\u011f\u0131nda ruhunu satan adam olarak efsanele\u015fti\u011fini dilimiz d\u00f6nd\u00fc\u011f\u00fcnce anlatmal\u0131y\u0131z.<\/p>\n\n\n\n<p>Bug\u00fcn hakl\u0131 taleplere egemen olanlar k\u00f6r ve sa\u011f\u0131r olabilir. Olsun. Zor g\u00fcnler ge\u00e7ecektir. Yeter ki sa\u011flam durmas\u0131n\u0131, do\u011fru d\u00fc\u015f\u00fcnmesini, ger\u00e7ek\u00e7i politikalar \u00fcretmesini ve dayan\u0131\u015fmay\u0131 bilelim. F\u0131rt\u0131na ne bat\u0131rd\u0131\u011f\u0131 gemilere ne de devirdi\u011fi a\u011fa\u00e7lara ald\u0131r\u0131r, kendi yolunda gider. Tarih her \u015feyin tan\u0131\u011f\u0131d\u0131r ve eninde sonunda herkese hak etti\u011fi de\u011feri verecektir. Bilge Aristoteles bo\u015funa m\u0131: \u201cGer\u00e7ekte do\u011fruyla hem do\u011frunun kendisini ve hem de e\u011friyi biliyoruz: \u00e7\u00fcnk\u00fc cetvel hem do\u011frunun, hem de e\u011frinin yarg\u0131c\u0131d\u0131r; tersine e\u011fri, ne bizzat kendisinin, ne de do\u011frunun yarg\u0131c\u0131d\u0131r\u201d diyor. (Ruh \u00dczerine, Alfa Yay\u0131nlar\u0131, s.59)<\/p>\n\n\n\n<p>\u0130yimserim: \u0130nsan\u0131n i\u00e7ini \u0131s\u0131tan g\u00fcne\u015f \u0131\u015f\u0131\u011f\u0131n\u0131n ayd\u0131nl\u0131\u011f\u0131ndaki g\u00fcnlerin geli\u015fi \u00e7ok uzak de\u011fil, karanl\u0131klar\u0131n karanl\u0131klar\u0131 \u00f6rtt\u00fc\u011f\u00fc g\u00fcnler geride kalacakt\u0131r.<\/p>\n\n\n\n<p><\/p>\n\n\n\n<p class=\"has-small-font-size\"><em><strong>6 Ocak 2017 tarihinde ve sonras\u0131nda<\/strong><\/em>:<br><em>http:\/\/kuyerel.org\/yazarlarimizYaziGoster.aspx?id=2727&amp;yazarId=39<br>http:\/\/www.tigrishaber.com\/cicek-kar-altinda-boy-atar-2199yy.htm<br>http:\/\/www.erganihaber.net\/koseyazisi-1122-Cicek-Kar-Altinda-Boy-Atar.html<br>www.kurdistanaktuel.com<br>yay\u0131mland\u0131.<\/em><\/p>\n\n\n<div class=\"taxonomy-post_tag wp-block-post-terms\"><a href=\"https:\/\/www.uzulmez.site\/?tag=afrika\" rel=\"tag\">Afrika<\/a><span class=\"wp-block-post-terms__separator\">, <\/span><a href=\"https:\/\/www.uzulmez.site\/?tag=aristoteles\" rel=\"tag\">Aristoteles<\/a><span class=\"wp-block-post-terms__separator\">, <\/span><a href=\"https:\/\/www.uzulmez.site\/?tag=bati\" rel=\"tag\">bat\u0131<\/a><span class=\"wp-block-post-terms__separator\">, <\/span><a href=\"https:\/\/www.uzulmez.site\/?tag=donald-trump\" rel=\"tag\">Donald Trump<\/a><span class=\"wp-block-post-terms__separator\">, <\/span><a href=\"https:\/\/www.uzulmez.site\/?tag=dramatik-goc\" rel=\"tag\">Dramatik g\u00f6\u00e7<\/a><span class=\"wp-block-post-terms__separator\">, <\/span><a href=\"https:\/\/www.uzulmez.site\/?tag=dunyanin-horozu\" rel=\"tag\">D\u00fcnyan\u0131n horozu<\/a><span class=\"wp-block-post-terms__separator\">, <\/span><a href=\"https:\/\/www.uzulmez.site\/?tag=faust\" rel=\"tag\">Faust<\/a><span class=\"wp-block-post-terms__separator\">, <\/span><a href=\"https:\/\/www.uzulmez.site\/?tag=kula-kulluk-revacta\" rel=\"tag\">Kula kulluk reva\u00e7ta<\/a><span class=\"wp-block-post-terms__separator\">, <\/span><a href=\"https:\/\/www.uzulmez.site\/?tag=ruh-uzerine\" rel=\"tag\">Ruh \u00dczerine<\/a><\/div>","protected":false},"excerpt":{"rendered":"<p>Yanl\u0131\u015f\u0131 do\u011fru (ya da e\u011friyi do\u011fru) gibi g\u00f6stermeye \u00e7al\u0131\u015fanlarKendi kendilerini kand\u0131rd\u0131klar\u0131 gibi ba\u015fkalar\u0131n\u0131 da kand\u0131rmaya \u00e7al\u0131\u015f\u0131r. Kalemim bug\u00fcnlerde sanki bana g\u00fccendi. Harfleri bir biri ard\u0131nca s\u0131ralam\u0131yor. S\u00f6zc\u00fckler havada as\u0131l\u0131 kal\u0131yor. Rahmet damlalar\u0131 gibi beyaz k\u00e2\u011f\u0131tlara\/ bilgisayar ekran\u0131na damlam\u0131yor. Bu s\u0131k\u0131nt\u0131ya katlanarak yine de yazma i\u015fini s\u00fcrd\u00fcrmeye \u00e7al\u0131\u015f\u0131yorum. Yeni y\u0131la kanla girdik. Mevsimin en so\u011fuk g\u00fcnlerini ve siyaseten en karamsar k\u0131\u015f\u0131 ya\u015f\u0131yoruz. Dondurucu hava her yan\u0131 sard\u0131; so\u011fuk k\u00f6t\u00fc g\u00fcnler bast\u0131rd\u0131k\u00e7a bast\u0131r\u0131yor. Buzhanedeymi\u015fiz gibi ruhumuzu \u0131s\u0131tacak bir \u015feyler ar\u0131yoruz, ama \u0131rz\u0131 k\u0131r\u0131k D\u00fcnya bir kriz i\u00e7inde. Hi\u00e7 i\u00e7 a\u00e7\u0131c\u0131 bir durumda de\u011fil. Yak\u0131n bir zamanda da bir \u0131\u015f\u0131k g\u00f6z\u00fckm\u00fcyor. D\u00fcnya genelinde<\/p>\n","protected":false},"author":2,"featured_media":0,"comment_status":"open","ping_status":"open","sticky":false,"template":"","format":"standard","meta":{"footnotes":""},"categories":[97],"tags":[1371,1372,261,360,1373,1376,1375,1374,1377],"class_list":["post-4494","post","type-post","status-publish","format-standard","hentry","category-politika","tag-afrika","tag-aristoteles","tag-bati","tag-donald-trump","tag-dramatik-goc","tag-dunyanin-horozu","tag-faust","tag-kula-kulluk-revacta","tag-ruh-uzerine"],"_links":{"self":[{"href":"https:\/\/www.uzulmez.site\/index.php?rest_route=\/wp\/v2\/posts\/4494","targetHints":{"allow":["GET"]}}],"collection":[{"href":"https:\/\/www.uzulmez.site\/index.php?rest_route=\/wp\/v2\/posts"}],"about":[{"href":"https:\/\/www.uzulmez.site\/index.php?rest_route=\/wp\/v2\/types\/post"}],"author":[{"embeddable":true,"href":"https:\/\/www.uzulmez.site\/index.php?rest_route=\/wp\/v2\/users\/2"}],"replies":[{"embeddable":true,"href":"https:\/\/www.uzulmez.site\/index.php?rest_route=%2Fwp%2Fv2%2Fcomments&post=4494"}],"version-history":[{"count":1,"href":"https:\/\/www.uzulmez.site\/index.php?rest_route=\/wp\/v2\/posts\/4494\/revisions"}],"predecessor-version":[{"id":4495,"href":"https:\/\/www.uzulmez.site\/index.php?rest_route=\/wp\/v2\/posts\/4494\/revisions\/4495"}],"wp:attachment":[{"href":"https:\/\/www.uzulmez.site\/index.php?rest_route=%2Fwp%2Fv2%2Fmedia&parent=4494"}],"wp:term":[{"taxonomy":"category","embeddable":true,"href":"https:\/\/www.uzulmez.site\/index.php?rest_route=%2Fwp%2Fv2%2Fcategories&post=4494"},{"taxonomy":"post_tag","embeddable":true,"href":"https:\/\/www.uzulmez.site\/index.php?rest_route=%2Fwp%2Fv2%2Ftags&post=4494"}],"curies":[{"name":"wp","href":"https:\/\/api.w.org\/{rel}","templated":true}]}}