{"id":4465,"date":"2018-10-15T12:13:00","date_gmt":"2018-10-15T12:13:00","guid":{"rendered":"https:\/\/www.uzulmez.site\/?p=4465"},"modified":"2023-04-19T12:28:34","modified_gmt":"2023-04-19T12:28:34","slug":"idama-yuruyen-adam","status":"publish","type":"post","link":"https:\/\/www.uzulmez.site\/?p=4465","title":{"rendered":"\u201c\u0130dama Y\u00fcr\u00fcyen Adam\u201d"},"content":{"rendered":"\n<p>Yaz s\u0131ca\u011f\u0131 kavuruyor.<\/p>\n\n\n\n<p>S\u0131caklar\u0131n bu kavurucu etkisi alt\u0131nda Misbah Hicri\u2019nin yeni yay\u0131mlanan \u0130dama Y\u00fcr\u00fcyen Adam (Temmuz 2018-Favori Yay\u0131nlar\u0131) kitab\u0131n\u0131 okudum.<\/p>\n\n\n\n<p>A\u011fustos s\u0131ca\u011f\u0131 insan\u0131n fiziki bedenini yakt\u0131\u011f\u0131 gibi kitaptaki her \u00f6yk\u00fc insan\u0131n y\u00fcre\u011fini yak\u0131p da\u011fl\u0131yor. 1950\u2019lerde ba\u015flay\u0131p 1970\u2019li y\u0131llara varan Urfa ve \u00e7evresinde ya\u015fayan insanlar\u0131n s\u0131k\u0131nt\u0131lar\u0131, e\u011fitimsizlik ve cahilli\u011fin yaratt\u0131\u011f\u0131 tahribat, \u015feyh, a\u011fa ve t\u00f6renin olumsuz etkileri, k\u00f6yden kente g\u00f6\u00e7, i\u015fsizlik, ka\u00e7ak\u00e7\u0131l\u0131k olay\u0131, dostluk, payla\u015f\u0131m, sevgi gibi konular \u015fiirsel bir dille kaleme al\u0131nm\u0131\u015f\u2026 Sade ve ak\u0131c\u0131\u2026 Yazar, \u00f6yk\u00fclerinde \u00e7ocukluk ve gen\u00e7lik d\u00f6neminde ya\u015fad\u0131\u011f\u0131 co\u011frafyada b\u00f6lgenin ekonomik \u00f6zelli\u011finin insanlar\u0131n sosyal ya\u015famlar\u0131na yans\u0131malar\u0131n\u0131 g\u00f6zler \u00f6n\u00fcne sermeye \u00e7al\u0131\u015fm\u0131\u015f.<\/p>\n\n\n\n<p>Urfa, bilindi\u011fi \u00fczere tarihi bir mek\u00e2nd\u0131r. Tarihi s\u00fcre\u00e7 i\u00e7erisinde bir\u00e7ok kavim ve inanca ev sahipli\u011fi yapm\u0131\u015ft\u0131r. Kavimlerden g\u00fcn\u00fcm\u00fcze sadece K\u00fcrtler, T\u00fcrkler, Araplar kalm\u0131\u015f. M\u00fcsl\u00fcmanlar\u0131n d\u0131\u015f\u0131nda farkl\u0131 inan\u00e7lara sahip olanlar var m\u0131 bilmiyorum. Bildi\u011fim, Urfa ve \u00e7evresinde ekonomik ve sosyal geli\u015fmenin olmas\u0131 gereken seviyede geli\u015fmedi\u011fi i\u00e7in \u00fcretim ve payla\u015f\u0131m da istenen d\u00fczeyde olmad\u0131\u011f\u0131, insanlar\u0131n bo\u011faz derdine d\u00fc\u015ft\u00fc\u011f\u00fc, hi\u00e7 arzu edilmemesine ra\u011fmen yapay olu\u015fturulan s\u0131n\u0131rlar\u0131n olu\u015fturulmas\u0131 ve olu\u015fturulan bu s\u0131n\u0131rlar\u0131 ge\u00e7ip mal getirip g\u00f6t\u00fcrmenin \u201cka\u00e7ak\u00e7\u0131l\u0131k\u201d olarak adland\u0131r\u0131ld\u0131\u011f\u0131 ve \u201csu\u00e7\u201d olarak kabul edildi\u011fidir. Ve dahas\u0131 bu \u201csu\u00e7\u201du i\u015fleyen \u00e7o\u011fu insan\u0131n ya\u015fam\u0131n\u0131 hayatlar\u0131yla \u00f6dedi\u011fidir. Dostoyevski, Su\u00e7 ve Ceza adl\u0131 roman\u0131nda bir kahraman\u0131n a\u011fz\u0131ndan bizler \u015funu s\u00f6yler: \u201cSu\u00e7, sosyal d\u00fczenin uygunsuzlu\u011funa kar\u015f\u0131 bir protestodur.\u201d<\/p>\n\n\n\n<p>\u00c7ocukluk ve ilk gen\u00e7lik d\u00f6neminde ya\u015fananlar her insan gibi yazarlar\u0131nda zihinde kal\u0131c\u0131 izler b\u0131rak\u0131r. Misbah Hicri anlad\u0131\u011f\u0131m kadar\u0131yla g\u00f6rd\u00fcklerini, ya\u015fad\u0131klar\u0131n\u0131 kurgulay\u0131p bilin\u00e7alt\u0131ndan ge\u00e7mi\u015fte ya\u015fad\u0131klar\u0131n\u0131 birer birer geri \u00e7a\u011f\u0131rarak \u00f6yk\u00fclerini yazm\u0131\u015f ve yazarken ge\u00e7mi\u015fte ya\u015fam\u0131\u015f veya tan\u0131k oldu\u011fu olaylar\u0131 yeniden ya\u015fam\u0131\u015ft\u0131r. Bir nevi kendi kendisiyle hesapla\u015fm\u0131\u015ft\u0131r. Bunu yaparken de \u00f6yk\u00fcn\u00fcn kendine has anlat\u0131m\u0131ndan \u00e7ok kendi anlat\u0131m yolunu tercih etmi\u015ftir. Bu nedenle yaz\u0131lanlara an\u0131-\u00f6yk\u00fc de diyebiliriz.<\/p>\n\n\n\n<p>Yazar \u00f6yk\u00fclerinde se\u00e7ti\u011fi konular ve \u00fcslubuyla okuyucuya estetik tat veriyor. \u00d6yk\u00fcler ilk okundu\u011funda yerelmi\u015f gibi bir alg\u0131 olu\u015fsa da, dikkatli okuyunca yaz\u0131lar\u0131n yerellikten evrenselli\u011fe s\u0131\u00e7raman\u0131n mayas\u0131n\u0131 i\u00e7inde ta\u015f\u0131d\u0131\u011f\u0131 fark ediliyor.<\/p>\n\n\n\n<p>\u00d6yk\u00fclerin ortak mek\u00e2n\u0131 Urfa, yazar\u0131 Urfal\u0131, konular benzerlik ta\u015f\u0131y\u0131nca ister istemez hemen akla Bekir Y\u0131ld\u0131z geliyor, kitab\u0131 okuyunca\u2026 Ama anlat\u0131m ve \u00fcslup olarak her iki yazar\u0131m\u0131z\u0131n kendilerine \u00f6zg\u00fc birer kalem erbab\u0131 olduklar\u0131n\u0131 bilmekte yarar var.<\/p>\n\n\n\n<p>Arka kapak yaz\u0131s\u0131 kitab\u0131 \u00e7ok iyi tan\u0131tmakta: \u201cAc\u0131n\u0131n umutla, umudun h\u00fcsranla, h\u00fcsran\u0131n g\u00f6zya\u015f\u0131yla yo\u011fruldu\u011fu bir co\u011frafyan\u0131n \u00e7ileke\u015f ve direngen insanlar\u0131n\u0131n ger\u00e7ek ve y\u00fcrek s\u0131zlatacak \u00f6yk\u00fcleri. Okurken kimi zaman h\u00fcz\u00fcnlenecek, kimi zaman tebess\u00fcm edecek, kimi zaman da g\u00f6zya\u015flar\u0131na bo\u011fulacak; onlar\u0131n ya\u015fad\u0131klar\u0131yla birlikte co\u015facak ya da isyan edeceksiniz\u2026\u201d<\/p>\n\n\n\n<p>***<\/p>\n\n\n\n<p>D\u00fcnyada ve T\u00fcrkiye\u2019de belirsizli\u011fin her ge\u00e7en g\u00fcn daha da artt\u0131\u011f\u0131, siyasal ve toplumsal bask\u0131lar\u0131n nefes ald\u0131rmad\u0131\u011f\u0131 bir d\u00f6nemde insanlara yaz\u0131lar\u0131yla, kitaplar\u0131yla birazc\u0131k nefes ald\u0131rmaya \u00e7al\u0131\u015fmas\u0131, umut a\u015f\u0131lamas\u0131, insanlar\u0131m\u0131z\u0131 bizlere tan\u0131tmaya \u00e7al\u0131\u015fmas\u0131 ve g\u00fczel kitaplara imza atmas\u0131 nedeniyle Misbah Hicri arkada\u015f\u0131m\u0131 kutluyorum.<\/p>\n\n\n\n<p><strong><em>(Berfin Bahar Ayl\u0131k K\u00fclt\u00fcr ve Edebiyat Dergisi, Ekim 2018, Say\u0131: 248)<\/em><\/strong><\/p>\n\n\n\n<p><\/p>\n\n\n\n<p class=\"has-small-font-size\"><strong><em>15 10 2018 tarihinde ve sonras\u0131nda<\/em><\/strong>:<br><em>http:\/\/www.gaphaberleri.com\/kose-yazisi\/524\/idama-yuruyen-adam.html<br>http:\/\/www.ruhanews.com\/kose-yazisi\/311\/idama-yuruyen-adam.html<br>http:\/\/avrupaforum.org\/idama-yuruyen-adam-muslum-uzulmez\/<br>http:\/\/www.tigrishaber.com\/idama-yuruyen-adam-3068yy.htm<br>http:\/\/www.erganihaber.net\/koseyazisi-1294-Idama-Yuruyen-Adam.html<br>yay\u0131mland\u0131.<\/em><\/p>\n\n\n\n<p><\/p>\n\n\n<div class=\"taxonomy-post_tag wp-block-post-terms\"><a href=\"https:\/\/www.uzulmez.site\/?tag=bekir-yildiz\" rel=\"tag\">Bekir Y\u0131ld\u0131z<\/a><span class=\"wp-block-post-terms__separator\">, <\/span><a href=\"https:\/\/www.uzulmez.site\/?tag=berfin-bahar\" rel=\"tag\">berfin bahar<\/a><span class=\"wp-block-post-terms__separator\">, <\/span><a href=\"https:\/\/www.uzulmez.site\/?tag=dostoyevski\" rel=\"tag\">dostoyevski<\/a><span class=\"wp-block-post-terms__separator\">, <\/span><a href=\"https:\/\/www.uzulmez.site\/?tag=favori-yayinlari\" rel=\"tag\">Favori Yay\u0131nlar\u0131<\/a><span class=\"wp-block-post-terms__separator\">, <\/span><a href=\"https:\/\/www.uzulmez.site\/?tag=idama-yuruyen-adam\" rel=\"tag\">\u0130dama Y\u00fcr\u00fcyen Adam<\/a><span class=\"wp-block-post-terms__separator\">, <\/span><a href=\"https:\/\/www.uzulmez.site\/?tag=kacakcilik\" rel=\"tag\">ka\u00e7ak\u00e7\u0131l\u0131k<\/a><span class=\"wp-block-post-terms__separator\">, <\/span><a href=\"https:\/\/www.uzulmez.site\/?tag=kitap\" rel=\"tag\">kitap<\/a><span class=\"wp-block-post-terms__separator\">, <\/span><a href=\"https:\/\/www.uzulmez.site\/?tag=misbah-hicri\" rel=\"tag\">misbah hicri<\/a><span class=\"wp-block-post-terms__separator\">, <\/span><a href=\"https:\/\/www.uzulmez.site\/?tag=suc-ve-ceza\" rel=\"tag\">Su\u00e7 ve Ceza<\/a><span class=\"wp-block-post-terms__separator\">, <\/span><a href=\"https:\/\/www.uzulmez.site\/?tag=urfa\" rel=\"tag\">urfa<\/a><\/div>","protected":false},"excerpt":{"rendered":"<p>Yaz s\u0131ca\u011f\u0131 kavuruyor. S\u0131caklar\u0131n bu kavurucu etkisi alt\u0131nda Misbah Hicri\u2019nin yeni yay\u0131mlanan \u0130dama Y\u00fcr\u00fcyen Adam (Temmuz 2018-Favori Yay\u0131nlar\u0131) kitab\u0131n\u0131 okudum. A\u011fustos s\u0131ca\u011f\u0131 insan\u0131n fiziki bedenini yakt\u0131\u011f\u0131 gibi kitaptaki her \u00f6yk\u00fc insan\u0131n y\u00fcre\u011fini yak\u0131p da\u011fl\u0131yor. 1950\u2019lerde ba\u015flay\u0131p 1970\u2019li y\u0131llara varan Urfa ve \u00e7evresinde ya\u015fayan insanlar\u0131n s\u0131k\u0131nt\u0131lar\u0131, e\u011fitimsizlik ve cahilli\u011fin yaratt\u0131\u011f\u0131 tahribat, \u015feyh, a\u011fa ve t\u00f6renin olumsuz etkileri, k\u00f6yden kente g\u00f6\u00e7, i\u015fsizlik, ka\u00e7ak\u00e7\u0131l\u0131k olay\u0131, dostluk, payla\u015f\u0131m, sevgi gibi konular \u015fiirsel bir dille kaleme al\u0131nm\u0131\u015f\u2026 Sade ve ak\u0131c\u0131\u2026 Yazar, \u00f6yk\u00fclerinde \u00e7ocukluk ve gen\u00e7lik d\u00f6neminde ya\u015fad\u0131\u011f\u0131 co\u011frafyada b\u00f6lgenin ekonomik \u00f6zelli\u011finin insanlar\u0131n sosyal ya\u015famlar\u0131na yans\u0131malar\u0131n\u0131 g\u00f6zler \u00f6n\u00fcne sermeye \u00e7al\u0131\u015fm\u0131\u015f. Urfa, bilindi\u011fi \u00fczere tarihi bir mek\u00e2nd\u0131r.<\/p>\n","protected":false},"author":2,"featured_media":0,"comment_status":"open","ping_status":"open","sticky":false,"template":"","format":"standard","meta":{"footnotes":""},"categories":[1197],"tags":[1271,1272,472,1269,1270,1275,1274,403,1273,407],"class_list":["post-4465","post","type-post","status-publish","format-standard","hentry","category-kultur","tag-bekir-yildiz","tag-berfin-bahar","tag-dostoyevski","tag-favori-yayinlari","tag-idama-yuruyen-adam","tag-kacakcilik","tag-kitap","tag-misbah-hicri","tag-suc-ve-ceza","tag-urfa"],"_links":{"self":[{"href":"https:\/\/www.uzulmez.site\/index.php?rest_route=\/wp\/v2\/posts\/4465","targetHints":{"allow":["GET"]}}],"collection":[{"href":"https:\/\/www.uzulmez.site\/index.php?rest_route=\/wp\/v2\/posts"}],"about":[{"href":"https:\/\/www.uzulmez.site\/index.php?rest_route=\/wp\/v2\/types\/post"}],"author":[{"embeddable":true,"href":"https:\/\/www.uzulmez.site\/index.php?rest_route=\/wp\/v2\/users\/2"}],"replies":[{"embeddable":true,"href":"https:\/\/www.uzulmez.site\/index.php?rest_route=%2Fwp%2Fv2%2Fcomments&post=4465"}],"version-history":[{"count":1,"href":"https:\/\/www.uzulmez.site\/index.php?rest_route=\/wp\/v2\/posts\/4465\/revisions"}],"predecessor-version":[{"id":4466,"href":"https:\/\/www.uzulmez.site\/index.php?rest_route=\/wp\/v2\/posts\/4465\/revisions\/4466"}],"wp:attachment":[{"href":"https:\/\/www.uzulmez.site\/index.php?rest_route=%2Fwp%2Fv2%2Fmedia&parent=4465"}],"wp:term":[{"taxonomy":"category","embeddable":true,"href":"https:\/\/www.uzulmez.site\/index.php?rest_route=%2Fwp%2Fv2%2Fcategories&post=4465"},{"taxonomy":"post_tag","embeddable":true,"href":"https:\/\/www.uzulmez.site\/index.php?rest_route=%2Fwp%2Fv2%2Ftags&post=4465"}],"curies":[{"name":"wp","href":"https:\/\/api.w.org\/{rel}","templated":true}]}}