{"id":4192,"date":"2019-04-30T10:45:00","date_gmt":"2019-04-30T10:45:00","guid":{"rendered":"https:\/\/www.uzulmez.site\/?p=4192"},"modified":"2023-06-19T09:51:14","modified_gmt":"2023-06-19T09:51:14","slug":"ben-sevgili-dayimi-turkiye-onemli-bir-degerini-yitirdi","status":"publish","type":"post","link":"https:\/\/www.uzulmez.site\/?p=4192","title":{"rendered":"Ben Sevgili Day\u0131m\u0131, T\u00fcrkiye \u00d6nemli Bir De\u011ferini Yitirdi"},"content":{"rendered":"\n<p>\u00d6l\u00fcm; hayat\u0131n \u00f6tesi, ayr\u0131l\u0131\u011f\u0131n ebedili\u011fidir. Sevgili Day\u0131m Nurettin De\u011firmenci ard\u0131nda iz b\u0131rakarak aram\u0131zdan ayr\u0131l\u0131p g\u00f6ky\u00fcz\u00fcndeki y\u0131ld\u0131zlara kat\u0131ld\u0131.<\/p>\n\n\n<div class=\"wp-block-image\">\n<figure class=\"alignleft size-full is-resized\"><img decoding=\"async\" src=\"https:\/\/www.uzulmez.site\/wp-content\/uploads\/2023\/04\/karanfil.jpg\" alt=\"\" class=\"wp-image-4193\" width=\"172\" height=\"223\"\/><\/figure><\/div>\n\n\n<p>\u00d6lenin ard\u0131ndan yaz\u0131 yazmak zor. \u00d6len yak\u0131n bir tan\u0131d\u0131\u011f\u0131n, hele bir de \u00e7ok sevdi\u011fin biri olunca bu daha da zor. Ama zoru a\u015f\u0131p day\u0131m\u0131 y\u00e2d etmeye \u00e7al\u0131\u015faca\u011f\u0131m.<\/p>\n\n\n\n<p>8 Martta kendisiyle yapt\u0131\u011f\u0131m telefon g\u00f6r\u00fc\u015fmede nas\u0131l oldu\u011funu sormu\u015f ve \u201c<em>\u0130yiyim desem yalan s\u00f6ylemi\u015f olurum ye\u011fenim<\/em>\u201d cevab\u0131n\u0131 alm\u0131\u015ft\u0131m. Doktorlar\u0131n kemoterapi \u00f6nerdi\u011fini, kendisinin ise kabul etmedi\u011fini s\u00f6ylemi\u015fti. \u00c7ok s\u00fcrmedi, 28 Mart 2019 g\u00fcn\u00fc amans\u0131z dert onu hayattan kopar\u0131p ald\u0131.<\/p>\n\n\n\n<p>Vefat\u0131n\u0131 duyunca karde\u015fim Ali Haydar\u2019la birlikte hemen \u0130stanbul\u2019dan Mersin\u2019e hareket ettik. Mersin\u2019e vard\u0131\u011f\u0131m\u0131zda Mezitli\u2019de Day\u0131m\u0131n evinin bulundu\u011fu sitenin i\u00e7erisinde yer alan cafe\u2019de bir\u00e7ok il ve il\u00e7eden gelen akraba ve tan\u0131d\u0131klarla bulu\u015ftuk. Kar\u015f\u0131l\u0131kl\u0131 ba\u015fsa\u011fl\u0131\u011f\u0131 dileklerinde bulunduk. Ac\u0131lar\u0131m\u0131z\u0131 payla\u015ft\u0131k. \u00d6\u011flen vakti sitenin yak\u0131n\u0131ndaki camide cenaze namaz\u0131 k\u0131l\u0131nd\u0131. Kad\u0131n erkek hep birlikte saf tutuldu. Ard\u0131ndan cenaze arabas\u0131yla mezarl\u0131\u011fa var\u0131l\u0131p omuzlarda \u00e7iseleyen ya\u011fmur alt\u0131nda sevenlerinin g\u00f6zya\u015flar\u0131yla son yolculu\u011funa u\u011furlad\u0131. Mezar\u0131na iki k\u00fcrek toprak atmaktan ba\u015fka elimizden bir \u015fey gelmedi. Hayat\u0131n \u00f6tesine gidi\u015finin buruklu\u011fu kar\u015f\u0131s\u0131nda \u00e7aresiz kald\u0131k. Taziyesinde kad\u0131n erkek hep birlikte cafe\u2019de oturup yas\u0131n\u0131 tuttuk.<\/p>\n\n\n\n<p>Nurettin De\u011firmenci resmi kay\u0131tlara g\u00f6re 1951\u2019de \u201c<em>tarihin h\u00fck\u00fcm s\u00fcrd\u00fc\u011f\u00fc, zaman\u0131n durdu\u011fu, tabiat\u0131n konu\u015ftu\u011fu yer<\/em>\u201d \u00c7ermik (Diyarbak\u0131r)\u2019te do\u011fdu. \u0130lk ve ortaokulu \u00c7ermik\u2019te okudu. Dicle K\u00f6y Enstit\u00fcs\u00fc mezunlar\u0131ndan olan \u00f6\u011fretmeni Ayd\u0131n \u00d6nal\u2019\u0131n iyi bir okulda okumas\u0131 gerekti\u011fini aile b\u00fcy\u00fcklerine \u00f6nermesi \u00fczerine Ankara\u2019da kahvecilik yapan a\u011fabeyi Veyis\u2019in yan\u0131na giderek Gazi Lisesi\u2019ne kay\u0131t yapt\u0131rd\u0131. Devam\u0131nda \u0130T\u00dc Elektrik Fak\u00fcltesi\u2019nde okumaya ba\u015flad\u0131. 12 Mart 1971 askeri darbesi sonras\u0131 devrimci d\u00fc\u015f\u00fcncelerinden dolay\u0131 bir d\u00f6nem Selimiye K\u0131\u015flas\u0131nda tutuklu kald\u0131. Ben Ankara\u2019da okurken, tutuklu kald\u0131\u011f\u0131 bu d\u00f6nemde Niyaz\u0131 Day\u0131mla \u015eevkiye Nenemin kendisini ziyarete gittiklerini d\u00fcn gibi hat\u0131rl\u0131yorum. B\u0131rak\u0131ld\u0131ktan bir s\u00fcre sonra birlikte 1972 y\u0131l\u0131 yaz\u0131nda \u00c7ermik\u2019e gidi\u015fimizi, \u00fc\u00e7 d\u00f6rt g\u00fcn \u00c7ermikli \u00f6\u011fretmen ve gen\u00e7lerle i\u015f\u00e7i k\u00f6yl\u00fc iktidar\u0131, ulusal kurtulu\u015f hareketleri, emperyalizm ve sosyalizm \u00fczerine yapt\u0131\u011f\u0131m\u0131z sohbetleri de \u00e7ok iyi hat\u0131rl\u0131yorum. Gidi\u015fimiz o zaman \u00c7ermik\u2019te var olan devrimci hareketlili\u011fe h\u0131z kazand\u0131rm\u0131\u015ft\u0131, \u00e7\u00fcnk\u00fc o y\u00fcksekokul okumada ve devrimcilikte \u00c7ermik\u2019te idold\u00fc. Bu gidi\u015fimizin o g\u00fcnk\u00fc tan\u0131\u011f\u0131 Kamil S\u00fcmb\u00fcl vefat\u0131n\u0131n ard\u0131ndan yaz\u0131\u011f\u0131 anma yaz\u0131s\u0131nda: \u201c<em>1972 yaz aylar\u0131 b\u00f6ylece \u00c7ermikte gen\u00e7lik, \u00f6\u011fretmenler ve memurlar aras\u0131nda sol ve sosyalizmle tan\u0131\u015fma d\u00f6nemi olmu\u015ftu<\/em>\u201d diye yazmaktad\u0131r.<\/p>\n\n\n\n<p>Nurettin Day\u0131m 1975\u2019te okulu bitirdikten sonra 1976\u2019te Elektrik Y\u00fcksek M\u00fchendisi olarak \u0130smail Cem\u2019in Genel M\u00fcd\u00fcr oldu\u011fu d\u00f6nemde TRT\u2019de Vericiler Dairesi\u2019nde (Ankara) \u00fc\u00e7 y\u0131l g\u00f6rev yapt\u0131. Daha sonra buradan ayr\u0131l\u0131p bir\u00e7ok yerli ve yabanc\u0131 firmada \u00e7al\u0131\u015ft\u0131 ve son olarak kendi firmas\u0131n\u0131 kurdu, ta\u015feron firma olarak \u00e7al\u0131\u015fmalar\u0131n\u0131 y\u00fcr\u00fctt\u00fc. 1990\u2019l\u0131 y\u0131llarda \u00e7at\u0131\u015fmalar nedeniyle \u00e7o\u011fu firman\u0131n \u00e7al\u0131\u015fmay\u0131 g\u00f6ze alamad\u0131\u011f\u0131 Do\u011fu ve G\u00fcneydo\u011fu Anadolu\u2019da da\u011flarda gece g\u00fcnd\u00fcz \u00e7al\u0131\u015farak GSM operat\u00f6rlerinin baz istasyonlar\u0131n\u0131 ve televizyon verici kulelerini dikme i\u015flerini yapt\u0131.<\/p>\n\n\n\n<p>Baz\u0131 insanlar\u0131n d\u00fcnyas\u0131 \u201c<em>paran\u0131n patron olup insanlar\u0131 k\u00f6le etti\u011fi bir d\u00fcnyad\u0131r<\/em>.\u201d Day\u0131m her \u015feyin parayla \u00f6l\u00e7\u00fcld\u00fc\u011f\u00fc b\u00f6ylesi bir d\u00fcnyan\u0131n renksiz, k\u0131skan\u00e7 ve bencil fertlerinden olmad\u0131. 2000 y\u0131l\u0131nda o\u011flum Ozan\u2019la birlikte ta\u015feron firma olarak T\u00fcrkmenistan\u2019a gitti\u011finde y\u00fcklenici firma yetkilisi kendisinden r\u00fc\u015fvet isteyince vermeyip, iflas pahas\u0131na geri d\u00f6nd\u00fc. Paraya k\u00f6le olmad\u0131, r\u00fc\u015fvet verip d\u00fcnyal\u0131\u011f\u0131n\u0131 artt\u0131rmad\u0131\u011f\u0131 gibi, kalkt\u0131 say\u0131larla, y\u00fczdelerle <strong>R\u00fc\u015fvetin Ad\u0131 Matemati\u011fin Dili<\/strong> ad\u0131nda bir kitap yazd\u0131 (Bulut Yay\u0131nlar\u0131, 2001, \u0130stanbul). Sonras\u0131nda r\u00fc\u015fvetin boyut ve bi\u00e7imlerini s\u00fcrekli dile getirmeye \u00e7al\u0131\u015ft\u0131 hep. Bir y\u0131l \u00f6nce bana yazd\u0131\u011f\u0131 bir mektubunda: \u201c<em>G\u00fcn\u00fcm\u00fcz T\u00fcrkiye\u2019sinde, hara\u00e7, \u00f6rg\u00fctl\u00fc bi\u00e7im alm\u0131\u015ft\u0131r. Her y\u00f6netici, kendisini ilgilendiren konuda toplanan hara\u00e7tan pay\u0131n\u0131 bekliyor<\/em>\u201d diye yazm\u0131\u015ft\u0131. (19\/5\/2018)<\/p>\n\n\n<div class=\"wp-block-image\">\n<figure class=\"alignleft size-full\"><img fetchpriority=\"high\" decoding=\"async\" width=\"238\" height=\"354\" src=\"https:\/\/www.uzulmez.site\/wp-content\/uploads\/2023\/04\/rusvetin-adi.jpg\" alt=\"\" class=\"wp-image-4194\" srcset=\"https:\/\/www.uzulmez.site\/wp-content\/uploads\/2023\/04\/rusvetin-adi.jpg 238w, https:\/\/www.uzulmez.site\/wp-content\/uploads\/2023\/04\/rusvetin-adi-202x300.jpg 202w\" sizes=\"(max-width: 238px) 100vw, 238px\" \/><\/figure><\/div>\n\n\n<p>T\u00fcrkmenistan\u2019\u0131n ard\u0131ndan sars\u0131lan maddi durumunu biraz d\u00fczeltmek i\u00e7in 15\/7\/2005 tarihinde ABD\u2019nin i\u015fgali alt\u0131nda bulunan Felluce ve Ramadi\u2019de elektrik santrallar\u0131n\u0131 yeniden kurmak i\u00e7in Irak\u2019a gitti. Irak\u2019tan d\u00f6nd\u00fckten sonra yapt\u0131\u011f\u0131m\u0131z sohbetlerde; \u201c<em>Amerikal\u0131 askerlere asker demek i\u00e7in bin \u015fahit ister; bunlar\u0131n hepsi, bir m\u00fchendis, bir sa\u011fl\u0131k\u00e7\u0131, bir \u00f6\u011fretmen, her t\u00fcrl\u00fc yetenekleri var<\/em>\u201d deyip, ABD\u2019yi iyi tan\u0131madan ona kar\u015f\u0131 verilen m\u00fccadelenin ba\u015far\u0131 \u015fans\u0131n\u0131n olmad\u0131\u011f\u0131n\u0131 s\u00f6yl\u00fcyordu.<\/p>\n\n\n\n<p>Irak\u2019ta bulundu\u011fu zaman diliminde ya\u015fad\u0131\u011f\u0131 ve g\u00f6rd\u00fc\u011f\u00fc \u015feyleri g\u00fcnl\u00fck tutarak kay\u0131t alt\u0131na ald\u0131 ve bu g\u00fcnl\u00fcklerin bir k\u0131sm\u0131n\u0131 da internet \u00fczerinden benimle payla\u015ft\u0131. Irak\u2019tan bana g\u00f6nderdi\u011fi ilk g\u00fcnl\u00fc\u011f\u00fcnde: \u201c<em>Saat 13\u2019de rehberim geldi. Kendisi, insanlarla bar\u0131\u015f\u0131k g\u00fcler y\u00fczl\u00fc kibar bir insan. Onunla Ba\u011fdat\u2019\u0131 dola\u015fmaya \u00e7\u0131kt\u0131k. Rehberim, \u2018Amerikan devriyeleri geliyor\u2019 dedi, kenara \u00e7ekildi ve yava\u015flad\u0131. \u2018Devriyeler, 100 metre yakla\u015fan\u0131 vururlar\u2019 diye a\u00e7\u0131klama yapt\u0131. \u00d6nce, Saddam\u2019\u0131n, g\u00f6rkemli t\u00f6renler d\u00fczenledi\u011fi alan\u0131 ve tesislerini izledik. Kocaman \u00e7apraz k\u0131l\u0131\u00e7lar g\u00f6z\u00fck\u00fcyor. Bu \u00e7apraz k\u0131l\u0131\u00e7lar alt\u0131ndan \u00f6nce kahraman, yenilmez ve ortal\u0131kta g\u00f6z\u00fckmez Cumhuriyet Muhaf\u0131zlar\u0131 ge\u00e7erdi. Hey gidi g\u00fcnler hey! Sonra, yapay g\u00f6ller ortas\u0131na kondurulmu\u015f Saddam saraylar\u0131n\u0131 uzaktan izledik. Ne g\u00f6rkemli saraylar! Saddam\u2019\u0131n, \u015fu anda bu saraylardan birinin mahzeninde tur\u015fusu kuruluyor. Saddam, bu d\u00fcnyadaki l\u00fcks saltanat\u0131 ve saraylar\u0131 kaybetti, benzerlerine \u00f6te d\u00fcnyada sahip olsun!\u201d<\/em> (16\/7\/2005)<\/p>\n\n\n\n<p>Day\u0131m, okuma ve yazmay\u0131 seven biriydi. Gezdi\u011fi, g\u00f6rd\u00fc\u011f\u00fc yerleri, kar\u015f\u0131la\u015ft\u0131\u011f\u0131 \u00f6nemli olay ve \u015feyleri g\u00fcnl\u00fck notlar tutarak hep yaz\u0131ya d\u00f6kerdi. Gezerken \u00e7antas\u0131ndan kitab\u0131n\u0131 ve bilgisayar\u0131n\u0131 hi\u00e7 eksik etmezdi. 15\/72005 &#8211; 6\/12\/2005 tarihleri aras\u0131nda tuttu\u011fu <strong>Irak G\u00fcnl\u00fckleri<\/strong> ilgin\u00e7 ve esasl\u0131 bilgiler i\u00e7ermektedir. Bu g\u00fcnl\u00fcklerin kitap olarak bas\u0131lmas\u0131 halinde Ortado\u011fu \u00fczerine yaz\u0131lm\u0131\u015f \u00e7ok \u00f6nemli bir kaynak eser g\u00fcn y\u00fcz\u00fcne \u00e7\u0131km\u0131\u015f olacakt\u0131r. Cem ve Ceren\u2019e bu kitap olay\u0131n\u0131 d\u00fc\u015f\u00fcnmelerini \u00f6neririm.<\/p>\n\n\n\n<p>G\u00fcn\u00fcm\u00fczde, \u201c<em>ezber<\/em>\u201d olay\u0131 Bat\u0131\u2019da bilinmeyen; \u0130slam \u00fclkelerinde ise tart\u0131\u015f\u0131lmayan bir konu oldu\u011fu i\u00e7in, bilimsel, sa\u011flam bir temele oturtulmadan anla\u015f\u0131laca\u011f\u0131na da pek inanmad\u0131\u011f\u0131ndan bu konuda yapt\u0131\u011f\u0131 bir \u00e7al\u0131\u015fmay\u0131 1996 y\u0131l\u0131nda kendi imk\u00e2nlar\u0131yla <strong>Ele\u015ftirel D\u00fc\u015f\u00fcnce ve \u0130slam<\/strong> ad\u0131yla kitapla\u015ft\u0131rd\u0131. Kitap bas\u0131lmadan \u00f6nce dosyay\u0131 okumu\u015f ve d\u00fc\u015f\u00fcncelerimi bir mektupla kendisine iletmi\u015ftim. O mektubumun bir yerinde \u015funu yazm\u0131\u015f\u0131m: \u201c<em>Dinlerin ortaya \u00e7\u0131k\u0131\u015f\u0131, evrimi ele al\u0131nd\u0131\u011f\u0131nda; insani de\u011ferlerin olu\u015fturulmas\u0131, toplumsal ya\u015fam\u0131n kurallar\u0131n\u0131n belirlenmesi gibi \u00f6nemli i\u015flevlerinin de oldu\u011funu unutmamal\u0131y\u0131z. Bunlar\u0131 \u2018yok\u2019 saymak bizleri yan\u0131lg\u0131ya g\u00f6t\u00fcr\u00fcr. Dinlerin tarihinde kan, g\u00f6zya\u015f\u0131, ac\u0131, sava\u015f, talan, y\u0131k\u0131m, vah\u015fet vs. olay\u0131n bir yan\u0131. Tamam. Ama di\u011fer yan\u0131nda da insan h\u00fcmanizmi yok mu? \u2018Tanr\u0131 zalimler i\u00e7in vard\u0131r\u2019 s\u00f6z\u00fc bo\u015funa m\u0131 s\u00f6ylenmi\u015ftir<\/em>.\u201d (27\/07\/1995)<\/p>\n\n\n\n<p>Yerel tarih ve ya\u015fad\u0131\u011f\u0131m\u0131z b\u00f6lgenin sosyolojik durumu hakk\u0131nda ara\u015ft\u0131rma yapmam\u0131 isterdi benden. Kendisi bu istemine uygun davranarak; \u201c<em>\u0130nsanlar\u0131n, ya\u015fad\u0131klar\u0131 topraklardaki nesne ve hareketleri kaleme almalar\u0131 gerekir<\/em>\u201d deyip, <strong>1960\u2019l\u0131 Y\u0131llardan Bir Kesit: \u00c7ERM\u0130K<\/strong> adl\u0131 kitab\u0131n\u0131 yazd\u0131 (Bulut Yay\u0131nlar\u0131, 2002, \u0130stanbul). Ard\u0131ndan da, <strong>2002\u2019de G\u00f6rd\u00fcklerim D\u00fc\u015f\u00fcnd\u00fcklerim<\/strong> adl\u0131 kitaba imza att\u0131 (Bulut Yay\u0131nlar\u0131, 2002, \u0130stanbul).<\/p>\n\n\n\n<p>Kitaplar\u0131n\u0131n baz\u0131lar\u0131n\u0131n d\u00fczeltme i\u015flerini ben yapt\u0131m. Kitaplar\u0131 yay\u0131nlanmadan \u00f6nce i\u00e7erik ve bi\u00e7imine dair tart\u0131\u015fmalar\u0131m\u0131z ve yaz\u0131\u015fmalar\u0131m\u0131z da oldu. \u00d6rne\u011fin, kitaplar\u0131nda eski Yunan d\u00fc\u015f\u00fcn\u00fcrlerinden fazla al\u0131nt\u0131 yapt\u0131\u011f\u0131n\u0131, bunun yerine kendi \u00f6zg\u00fcn d\u00fc\u015f\u00fcncelerinin yazmas\u0131n\u0131n daha iyi olaca\u011f\u0131n\u0131 s\u00f6ylerdim. Day\u0131m, \u201c<em>M\u00fcsl\u00fcman \u00fclkelerden d\u00fc\u015f\u00fcn\u00fcr \u00e7\u0131kmaz<\/em>\u201d d\u00fc\u015f\u00fcncesindeydi ve M\u00fcsl\u00fcman \u00fclkelerin geri kal\u0131\u015f\u0131n\u0131n nedeni de \u201c<em>ezber<\/em>\u201d bilgilerden ve dinden kaynakland\u0131\u011f\u0131n\u0131 d\u00fc\u015f\u00fcn\u00fcrd\u00fc. Ben, bu d\u00fc\u015f\u00fcncelerine kat\u0131lmaz, geri kalm\u0131\u015fl\u0131k olay\u0131n\u0131n \u00e7ok boyutlu bir olay oldu\u011funu s\u00f6ylemeye \u00e7al\u0131\u015f\u0131rd\u0131m. Hatta tart\u0131\u015ft\u0131\u011f\u0131m\u0131z bu konu ile ilgili d\u00fc\u015f\u00fcncelerimi \u00f6zetleyen \u201c<strong><em>M\u00fcsl\u00fcman \u00dclkelerden Neden D\u00fc\u015f\u00fcn\u00fcr \u00c7\u0131km\u0131yor<\/em><\/strong>?\u201d ba\u015fl\u0131kl\u0131 bir yaz\u0131m\u0131 sonradan <strong>Bilim ve Gelecek<\/strong> Dergisi&#8217;ne g\u00f6nderdim (Ocak 2006, Say\u0131: 23).<\/p>\n\n\n\n<p>Day\u0131m kendisine \u00f6zg\u00fc bir insand\u0131. Yetenekleri \u00f6l\u00e7\u00fcs\u00fcnde do\u011fay\u0131, insanlar\u0131 anlamaya ve anlad\u0131klar\u0131n\u0131 da anlatmaya \u00e7al\u0131\u015ft\u0131 hep. Davran\u0131\u015flar\u0131 \u00f6l\u00e7\u00fcl\u00fc ve tutarl\u0131yd\u0131. Bir m\u00fchendis olarak say\u0131larla ifade edilmeyen \u015feylerin tart\u0131\u015fmaya a\u00e7\u0131k oldu\u011funu, tan\u0131ml\u0131 kavramlarla d\u00fc\u015f\u00fcn\u00fclmesi gerekti\u011fini, topluma do\u011frudan bir yarar\u0131 dokunmayan \u015feylerle u\u011fra\u015fman\u0131n faydas\u0131z \u015feyler oldu\u011funu s\u00f6ylerdi. \u0130yi bir m\u00fchendisti. \u00c7al\u0131\u015fkand\u0131. Evrimci bir devrimciydi. Bilgi, \u00fcretim ara\u00e7lar\u0131n\u0131n geli\u015fimi ve buna paralel \u00fcretimin art\u0131\u015f\u0131 ile sermayenin olu\u015fumuna \u00f6nem verirdi. Az yer \u00e7ok okur, az konu\u015fur \u00e7ok d\u00fc\u015f\u00fcn\u00fcrd\u00fc. \u015eimdi hepsi yalan oldu. Herkes \u00f6mr\u00fcnce ya\u015far, herkes kendi ac\u0131s\u0131n\u0131 ta\u015f\u0131r, herkes kendi yas\u0131n\u0131 tutar demekten ba\u015fka ne diyebilirim ki&#8230; Ben sevgili Day\u0131m\u0131, T\u00fcrkiye \u00f6nemli bir de\u011ferini yitirdi.<\/p>\n\n\n\n<p>Sevgili S\u00fcreyya, Ceren ve Cem ba\u015fta olmak \u00fczere t\u00fcm akrabalar\u0131n, dostlar\u0131n\u0131n, sevenlerinin ba\u015f\u0131 sa\u011f olsun. Ba\u015f\u0131m\u0131z sa\u011f olsun. Day\u0131m, Kutup y\u0131ld\u0131z\u0131na yolda\u015f olsun.<\/p>\n\n\n\n<div style=\"height:30px\" aria-hidden=\"true\" class=\"wp-block-spacer\"><\/div>\n\n\n\n<p class=\"has-small-font-size\"><strong>30 Nisan 2019 ve sonras\u0131nda<\/strong>:<br>https:\/\/www.insanokur.org\/ben-sevgili-dayimi-turkiye-onemli-bir-degerini-yitirdi-muslum-uzulmez\/<br>https:\/\/www.tigrishaber.com\/ben-sevgili-dayimi-turkiye-onemli-bir-degerini-yitirdi-3399yy.htm<br>http:\/\/www.erganihaber.net\/haber-5252-Ben-Sevgili-Dayimi-Turkiye-Onemli-Bir-Degerini-Yitirdi.html<br>http:\/\/www.ruhanews.com\/kose-yazisi\/365\/ben-sevgili-dayimi-turkiye-onemli-bir-degerini-yitirdi.html<br>https:\/\/www.gaphaberleri.com\/kose-yazisi\/593\/ben-sevgili-dayimi-turkiye-onemli-bir-degerini-yitirdi.html<br>http:\/\/avrupaforum.org\/ben-sevgili-dayimi-turkiye-onemli-bir-degerini-yitirdi-muslum-uzulmez\/<br>http:\/\/www.karikaturistik.com\/<br>yay\u0131mland\u0131.<\/p>\n\n\n\n<p><\/p>\n","protected":false},"excerpt":{"rendered":"<p>\u00d6l\u00fcm; hayat\u0131n \u00f6tesi, ayr\u0131l\u0131\u011f\u0131n ebedili\u011fidir. Sevgili Day\u0131m Nurettin De\u011firmenci ard\u0131nda iz b\u0131rakarak aram\u0131zdan ayr\u0131l\u0131p g\u00f6ky\u00fcz\u00fcndeki y\u0131ld\u0131zlara kat\u0131ld\u0131. \u00d6lenin ard\u0131ndan yaz\u0131 yazmak zor. \u00d6len yak\u0131n bir tan\u0131d\u0131\u011f\u0131n, hele bir de \u00e7ok sevdi\u011fin biri olunca bu daha da zor. Ama zoru a\u015f\u0131p day\u0131m\u0131 y\u00e2d etmeye \u00e7al\u0131\u015faca\u011f\u0131m. 8 Martta kendisiyle yapt\u0131\u011f\u0131m telefon g\u00f6r\u00fc\u015fmede nas\u0131l oldu\u011funu sormu\u015f ve \u201c\u0130yiyim desem yalan s\u00f6ylemi\u015f olurum ye\u011fenim\u201d cevab\u0131n\u0131 alm\u0131\u015ft\u0131m. Doktorlar\u0131n kemoterapi \u00f6nerdi\u011fini, kendisinin ise kabul etmedi\u011fini s\u00f6ylemi\u015fti. \u00c7ok s\u00fcrmedi, 28 Mart 2019 g\u00fcn\u00fc amans\u0131z dert onu hayattan kopar\u0131p ald\u0131. Vefat\u0131n\u0131 duyunca karde\u015fim Ali Haydar\u2019la birlikte hemen \u0130stanbul\u2019dan Mersin\u2019e hareket ettik. Mersin\u2019e vard\u0131\u011f\u0131m\u0131zda Mezitli\u2019de Day\u0131m\u0131n evinin bulundu\u011fu sitenin<\/p>\n","protected":false},"author":1,"featured_media":0,"comment_status":"open","ping_status":"open","sticky":false,"template":"","format":"standard","meta":{"footnotes":""},"categories":[3403],"tags":[2333,856,187,105,304,859,566,749,861,927,454,298,848,852,850,308,855],"class_list":["post-4192","post","type-post","status-publish","format-standard","hentry","category-plus","tag-12-mart-askeri-darbesi","tag-2002de-gorduklerim-dusunduklerim","tag-abd","tag-ali-haydar-uzulmez","tag-cermik","tag-elestirel-dusunce-ve-islam","tag-felluce","tag-irak","tag-irak-gunlukleri","tag-itu","tag-kamil-sumbul","tag-nurettin-degirmenci","tag-ozan-uzulmez","tag-ramadi","tag-rusvetin-adi-matematigin-dili","tag-trt","tag-turkmenistan"],"_links":{"self":[{"href":"https:\/\/www.uzulmez.site\/index.php?rest_route=\/wp\/v2\/posts\/4192","targetHints":{"allow":["GET"]}}],"collection":[{"href":"https:\/\/www.uzulmez.site\/index.php?rest_route=\/wp\/v2\/posts"}],"about":[{"href":"https:\/\/www.uzulmez.site\/index.php?rest_route=\/wp\/v2\/types\/post"}],"author":[{"embeddable":true,"href":"https:\/\/www.uzulmez.site\/index.php?rest_route=\/wp\/v2\/users\/1"}],"replies":[{"embeddable":true,"href":"https:\/\/www.uzulmez.site\/index.php?rest_route=%2Fwp%2Fv2%2Fcomments&post=4192"}],"version-history":[{"count":4,"href":"https:\/\/www.uzulmez.site\/index.php?rest_route=\/wp\/v2\/posts\/4192\/revisions"}],"predecessor-version":[{"id":4242,"href":"https:\/\/www.uzulmez.site\/index.php?rest_route=\/wp\/v2\/posts\/4192\/revisions\/4242"}],"wp:attachment":[{"href":"https:\/\/www.uzulmez.site\/index.php?rest_route=%2Fwp%2Fv2%2Fmedia&parent=4192"}],"wp:term":[{"taxonomy":"category","embeddable":true,"href":"https:\/\/www.uzulmez.site\/index.php?rest_route=%2Fwp%2Fv2%2Fcategories&post=4192"},{"taxonomy":"post_tag","embeddable":true,"href":"https:\/\/www.uzulmez.site\/index.php?rest_route=%2Fwp%2Fv2%2Ftags&post=4192"}],"curies":[{"name":"wp","href":"https:\/\/api.w.org\/{rel}","templated":true}]}}