{"id":4143,"date":"2020-04-08T19:46:00","date_gmt":"2020-04-08T19:46:00","guid":{"rendered":"https:\/\/www.uzulmez.site\/?p=4143"},"modified":"2023-06-19T09:48:17","modified_gmt":"2023-06-19T09:48:17","slug":"sairimiz-vecdi-subasiyi-yitirdik","status":"publish","type":"post","link":"https:\/\/www.uzulmez.site\/?p=4143","title":{"rendered":"\u015eairimiz Vecdi Suba\u015f\u0131\u2019y\u0131 Yitirdik"},"content":{"rendered":"\n<p>\u201c<em>Bazen insan kendisinde \u00e7ok mutluyum deme hakk\u0131n\u0131 asla bulamayacak kadar \u00e7ok ac\u0131 \u00e7eker<\/em>.\u201d<\/p>\n\n\n\n<p>Koronavir\u00fcs nedeniyle d\u00fcnya diken \u00fcst\u00fcnde. Hastal\u0131k ve \u00f6l\u00fcm her yerde kol gezip g\u00fcnbeg\u00fcn katlanarak art\u0131yor. Allah\u2019\u0131n evi K\u00e2be bile kapat\u0131ld\u0131. \u00c7aresiz bir \u015fekilde evlerimize kapand\u0131k. Neredeyse hasta ve \u00f6l\u00fclerimize sahip \u00e7\u0131kamaz, yaslar\u0131m\u0131z\u0131 tutamaz duruma geldik. B\u00f6ylesi karamsar g\u00fcnlerde sevgili dostum Vecdi Suba\u015f\u0131\u2019n\u0131n 6 Nisan 2020 g\u00fcn\u00fc kalp krizi ge\u00e7irerek aram\u0131zdan ayr\u0131l\u0131\u015f\u0131n\u0131n ac\u0131l\u0131 haberini ald\u0131m. \u00dczg\u00fcn\u00fcm. \u00d6nemli bir de\u011ferimiz, memleket sevdal\u0131s\u0131 bir \u015fairimizdi.<\/p>\n\n\n\n<p>\u015eair ve hukuk\u00e7u Vecdi Suba\u015f\u0131, 1942 y\u0131l\u0131nda Ergani\u2019nin Saray Mahallesi&#8217;nde do\u011fdu. \u0130lk ve orta\u00f6\u011frenimini Ergani\u2019de, liseyi Diyarbak\u0131r Ziya G\u00f6kalp Lisesi\u2019nde (1959), y\u00fcksek\u00f6\u011frenimini Ankara Hukuk Fak\u00fcltesi\u2019nde tamamlad\u0131 (1972). 1968 y\u0131l\u0131nda evlendi. 1969 y\u0131l\u0131nda Band\u0131rma\u2019da Etibank-Boraks-Asitborik ve S\u00fclf\u00fcrikasit \u0130\u015fletmesi\u2019nde memuriyete ba\u015flad\u0131. 7 y\u0131la yak\u0131n bir s\u00fcre bu i\u015fletmede \u00e7e\u015fitli g\u00f6revlerde bulundu. 1976 y\u0131l\u0131nda Etibank\u2019tan ayr\u0131larak avukatl\u0131k staj\u0131n\u0131 tamamlad\u0131 ve 1977 y\u0131l\u0131nda Band\u0131rma\u2019da serbest Avukatl\u0131\u011fa ba\u015flad\u0131. Elli ya\u015f\u0131ndan sonra yerel gazete ve dergilerde \u015fiirleri yay\u0131mland\u0131. Hece vezniyle ve y\u00f6resel \u015fiveyle yazmay\u0131 tercih etti\u011fi \u015fiirlerinin bir b\u00f6l\u00fcm\u00fcn\u00fc <strong>Diyar\u0131ma Gidilecek Zamand\u0131r<\/strong> (2005) kitab\u0131nda toplad\u0131.<\/p>\n\n\n\n<p>Vecdi Suba\u015f\u0131, s\u0131la hasretinin \u015fairidir. \u015eiirlerinde genellikle eski zamanlardaki sosyal ya\u015fam\u0131 ve insan davran\u0131\u015flar\u0131n\u0131 betimler. 1960\u2019larda Ergani\u2019den ayr\u0131l\u0131r, ama Diyarbak\u0131r\u2019\u0131 hep i\u00e7inde ta\u015f\u0131r, an\u0131lar\u0131 hi\u00e7 pe\u015fini b\u0131rakmaz hep r\u00fcyalar\u0131n\u0131 s\u00fcsler. Diyarbak\u0131r\u2019a olan \u00f6zlemini dile getiren \u015fiirlerini pe\u015f pe\u015fe yazar. Biliyoruz, ayr\u0131l\u0131k hasretin kiridir ve kir at\u0131lmadan hasret bitmez. Nere gidersen git o hep ard\u0131ndan gelir. E\u011fer hasret y\u00fcrekte duyulmaya ba\u015flar ve katmerle\u015firse efk\u00e2r ancak t\u00fcrk\u00fc s\u00f6yleyerek, \u015fiir yazarak da\u011f\u0131t\u0131l\u0131r. Ba\u015fka hi\u00e7bir \u015fey teselli etmez gurbette olan\u0131. B\u00fcy\u00fck bir ihtimalle Vecdi Suba\u015f\u0131\u2019n\u0131n elli ya\u015f\u0131ndan sonra \u015fiir yazmaya ba\u015flamas\u0131n\u0131n nedeni bundand\u0131r. Bir \u015fiirinde; \u201c<em>G\u00f6nl\u00fcm\u00fcz sende kald\u0131, gurbette ba\u015flar\u0131m\u0131z\/ Bizi \u015fair eyledi firakda efk\u00e2r\u0131m\u0131z<\/em>\u201d diyerek, toplumsal geli\u015fmenin, ba\u015fka bir ifadeyle kapitalist ve siyasi geli\u015fmelerin bir dayatmas\u0131 sonucu olarak gelen ayr\u0131l\u0131k ve gurbet kar\u015f\u0131s\u0131ndaki \u00e7aresizli\u011fimizi hayk\u0131r\u0131r. Ba\u015fka bir \u015fiirinde ise:<\/p>\n\n\n\n<p>\u201cDostlar\u0131m<br>Bilmeyene masal gelir s\u00f6zlerim<br>Ben bu \u015fehri r\u00fcyamda da \u00f6zlerim<br>Kavu\u015fmadan kapan\u0131rsa g\u00f6zlerim<br>Bu hasret ate\u015finde s\u00f6nmez k\u00f6zlerim.\u201d<\/p>\n\n\n\n<p>diyerek, kendi kentine, kendi insanlar\u0131na olan \u00f6zlemini dile getirir.<\/p>\n\n\n\n<p>Kentle\u015fme olgusu, sanayile\u015fmenin t\u00fcrevi olarak tan\u0131mlan\u0131r. Bir \u00fclkedeki kentle\u015fmenin boyutlar\u0131n\u0131 ise o \u00fclkedeki kentlerin ekonomik potansiyeli belirler. Bu potansiyel g\u00f6r\u00fcnmez b\u00fcy\u00fck bir etkiyle insanlar\u0131 durmadan bir yerlere savurur. Toplumsal de\u011fi\u015fim, uygulanan siyasi politikalar ve daha ba\u015fka nedenlerden dolay\u0131 insanlar tarlalar\u0131ndan, ba\u011flar\u0131ndan, bah\u00e7elerinden; evlerinden, k\u00f6ylerinden, il\u00e7elerinden, illerinden tek tek veya topluca, bazen de a\u015firet d\u00fczeyinde kopar, kopart\u0131l\u0131r. \u00c7o\u011funlukla, Bat\u0131\u2019da b\u00fcy\u00fck kentlerin kenarlar\u0131nda bir yerlere e\u011freti eklenir. Bunu kabullenmek, sindirmek do\u011fal olarak \u00e7ok zordur. Geli\u015fen bu olgu kar\u015f\u0131s\u0131nda al\u0131\u015fkanl\u0131klar, gelenekler devam ettirilerek, \u015fiir ve t\u00fcrk\u00fclerle tepki ve \u00f6zlemler dile getirilerek direnilir. Vecdi Suba\u015f\u0131, bu, kentlere ak\u0131n s\u00fcrecinde memuriyet nedeniyle Band\u0131rma\u2019ya yerle\u015fti, s\u0131la \u00f6zlemini \u00e7ekerek 78 ya\u015f\u0131nda gurbette vefat etti ve ailesi ve sevenleri taraf\u0131ndan 6 Nisan g\u00fcn\u00fc Band\u0131rma\u2019da defin edildi.<\/p>\n\n\n\n<p>Vecdi Suba\u015f\u0131\u2019n\u0131n mensubu oldu\u011fu Suba\u015f\u0131 ailesi, Ergani\u2019nin eski ailelerindendir ve bizim <em>Sofibekir<\/em> ailesi ile kirvedir. Ama ben bu kirvelik ili\u015fkisinin ne zaman ve nas\u0131l ba\u015flad\u0131\u011f\u0131n\u0131 \u015fimdi hat\u0131rlam\u0131yorum. Evleri Saray Mahallesi&#8217;nde \u00c7iftp\u0131nar Caddesi \u00fczerindeydi. Evin bah\u00e7esinde a\u011fa\u00e7 ve sebze ekinleri, etraf\u0131nda ise \u00e7it yerine sar\u0131, pembe g\u00fcller ve i\u011fde a\u011fa\u00e7lar\u0131 vard\u0131. Bahar\u0131n g\u00fcl ve i\u011fde kokusu t\u00fcm mahalleyi sarard\u0131. Ku\u015flar ve ar\u0131lar i\u011fdelerden hi\u00e7 eksik olmazlard\u0131. Ve eskiden, bizim \u00e7ocuklu\u011fumuzda, gen\u00e7li\u011fimizde her \u015fey ye\u015fil kokard\u0131: Ye\u015fil \u00e7imen, ye\u015fil kavak, ye\u015fil erik, ye\u015fil i\u011fde&#8230; Ta\u015f d\u00f6\u015feli yoldan ge\u00e7erken, yelin esintisiyle gelip ge\u00e7enlerin y\u00fcz\u00fcne \u00e7arpan ye\u015fil i\u011fde a\u011fa\u00e7lar\u0131n\u0131n yayd\u0131\u011f\u0131 sar\u0131\u00e7i\u00e7ek kokusu insanlar\u0131n akl\u0131n\u0131 ba\u015f\u0131ndan al\u0131rd\u0131. Ya o ser\u00e7eler?<\/p>\n\n\n\n<p>\u015eimdi, hepsi \u00e7ok gerilerde kald\u0131, yalan oldu. Dahas\u0131, Vecdi Suba\u015f\u0131 karde\u015fim de bizleri b\u0131rak\u0131p gitti. Her giden, bizden de bir \u015feyler g\u00f6t\u00fcr\u00fcr, eksildik. Ailesine, akrabalar\u0131na, dostlar\u0131na, sevenlerine sab\u0131r diliyorum. Ba\u015f\u0131m\u0131z sa\u011f olsun.<\/p>\n\n\n\n<p>***<\/p>\n\n\n\n<p>Vecdi Suba\u015f\u0131\u2019n\u0131n \u015fiirlerinden bir \u00f6rnek:<\/p>\n\n\n\n<div style=\"height:30px\" aria-hidden=\"true\" class=\"wp-block-spacer\"><\/div>\n\n\n\n<p><strong>Diyarbekir Ba\u015fkad\u0131r<\/strong><\/p>\n\n\n\n<p><em>Elbet her y\u00f6renin vard\u0131r yeme\u011fi<br>Diyarbekir a\u015f\u0131, i\u015fi ba\u015fkad\u0131r<br>Lezzet i\u00e7in \u00e7ok veririz eme\u011fi<br>Meyvesi, sebzesi, eti ba\u015fkad\u0131r.<\/em><\/p>\n\n\n\n<p><em>Kengerli lebeni bahar a\u015f\u0131m\u0131z<br>Kekik, geven kokar toprak ta\u015f\u0131m\u0131z<br>Kelle\u2019ye Pa\u00e7a\u2019ya \u00e7atmaz ka\u015f\u0131m\u0131z<br>Koyunu, kuzusu, d\u00f6\u015f\u00fc ba\u015fkad\u0131r.<\/em><\/p>\n\n\n\n<p><em>Bizim sofram\u0131zda kurulur ba\u011fda\u015f<br>Kaburga, meftune yenilir karda\u015f<br>Mumbara, kibe\u2019ye elinle bula\u015f<br>Yemesi, doymas\u0131, haz\u0131 ba\u015fkad\u0131r.<\/em><\/p>\n\n\n\n<p><em>Keme \u00e7\u0131kar yemek olur i\u015flenir<br>K\u00f6z \u00fcst\u00fcnde kebab\u0131m\u0131z \u015fi\u015flenir<br>Lava\u015f ekme\u011finde parmak di\u015flenir<br>Ci\u011feri, k\u00f6ftesi, \u015fi\u015fi ba\u015fkad\u0131r.<\/em><\/p>\n\n\n\n<p><em>Kapuska, kuskusu gurbette yedim<br>Vallahi bu nas\u0131l yemektir dedim<br>\u0130\u00e7li k\u00f6ftemize doymak bilmedim<br>Lezzeti, \u015f\u00f6hreti, \u015fan\u0131 ba\u015fkad\u0131r.<\/em><\/p>\n\n\n\n<p><em>Ke\u015fk\u00fcl\u2019\u00fc, s\u00fctlac\u0131 tatl\u0131 saymay\u0131z<br>\u015eambabay\u0131 desen y\u0131llar anmay\u0131z<br>Nuriye tatl\u0131s\u0131na billah doymay\u0131z<br>Dama\u011fa, duda\u011fa, dile ba\u015fkad\u0131r.<\/em><\/p>\n\n\n\n<p><em>Yazlan doyulmaz bizim meyana<br>Kavunu, karpuzu zaten bir yana<br>Suba\u015f\u0131 \u00f6zlemin d\u00f6ker meydana<br>Allahvekil Diyarbekir ba\u015fkad\u0131r.<\/em><\/p>\n\n\n\n<div style=\"height:30px\" aria-hidden=\"true\" class=\"wp-block-spacer\"><\/div>\n\n\n\n<p class=\"has-small-font-size\">8 Nisan 2020 tarihinde ve sonras\u0131nda:<\/p>\n\n\n\n<p class=\"has-small-font-size\">https:\/\/www.gaphaberleri.com\/kose-yazisi\/676\/sairimiz-vecdi-subasiyi-yitirdik.html<br>http:\/\/www.erganihaber.net\/kose-yazisi\/1364\/sairimiz-vecdi-subasiyi-yitirdik.html<br>http:\/\/www.ruhanews.com\/kose-yazisi\/421\/sairimiz-vecdi-subasiyi-yitirdik.html<br>https:\/\/www.tigrishaber.com\/sairimiz-vecdi-subasiyi-yitirdik-3967yy.htm<\/p>\n\n\n<div class=\"taxonomy-post_tag wp-block-post-terms\"><a href=\"https:\/\/www.uzulmez.site\/?tag=bandirma\" rel=\"tag\">band\u0131rma<\/a><span class=\"wp-block-post-terms__separator\">, <\/span><a href=\"https:\/\/www.uzulmez.site\/?tag=diyarbakir\" rel=\"tag\">diyarbak\u0131r<\/a><span class=\"wp-block-post-terms__separator\">, <\/span><a href=\"https:\/\/www.uzulmez.site\/?tag=ergani\" rel=\"tag\">ergani<\/a><span class=\"wp-block-post-terms__separator\">, <\/span><a href=\"https:\/\/www.uzulmez.site\/?tag=koronavirus\" rel=\"tag\">koronavir\u00fcs<\/a><span class=\"wp-block-post-terms__separator\">, <\/span><a href=\"https:\/\/www.uzulmez.site\/?tag=siir\" rel=\"tag\">\u015fiir<\/a><span class=\"wp-block-post-terms__separator\">, <\/span><a href=\"https:\/\/www.uzulmez.site\/?tag=subasi\" rel=\"tag\">suba\u015f\u0131<\/a><span class=\"wp-block-post-terms__separator\">, <\/span><a href=\"https:\/\/www.uzulmez.site\/?tag=vecdi-subasi\" rel=\"tag\">vecdi suba\u015f\u0131<\/a><\/div>","protected":false},"excerpt":{"rendered":"<p>\u201cBazen insan kendisinde \u00e7ok mutluyum deme hakk\u0131n\u0131 asla bulamayacak kadar \u00e7ok ac\u0131 \u00e7eker.\u201d Koronavir\u00fcs nedeniyle d\u00fcnya diken \u00fcst\u00fcnde. Hastal\u0131k ve \u00f6l\u00fcm her yerde kol gezip g\u00fcnbeg\u00fcn katlanarak art\u0131yor. Allah\u2019\u0131n evi K\u00e2be bile kapat\u0131ld\u0131. \u00c7aresiz bir \u015fekilde evlerimize kapand\u0131k. Neredeyse hasta ve \u00f6l\u00fclerimize sahip \u00e7\u0131kamaz, yaslar\u0131m\u0131z\u0131 tutamaz duruma geldik. B\u00f6ylesi karamsar g\u00fcnlerde sevgili dostum Vecdi Suba\u015f\u0131\u2019n\u0131n 6 Nisan 2020 g\u00fcn\u00fc kalp krizi ge\u00e7irerek aram\u0131zdan ayr\u0131l\u0131\u015f\u0131n\u0131n ac\u0131l\u0131 haberini ald\u0131m. \u00dczg\u00fcn\u00fcm. \u00d6nemli bir de\u011ferimiz, memleket sevdal\u0131s\u0131 bir \u015fairimizdi. \u015eair ve hukuk\u00e7u Vecdi Suba\u015f\u0131, 1942 y\u0131l\u0131nda Ergani\u2019nin Saray Mahallesi&#8217;nde do\u011fdu. \u0130lk ve orta\u00f6\u011frenimini Ergani\u2019de, liseyi Diyarbak\u0131r Ziya G\u00f6kalp Lisesi\u2019nde (1959), y\u00fcksek\u00f6\u011frenimini Ankara Hukuk Fak\u00fcltesi\u2019nde<\/p>\n","protected":false},"author":1,"featured_media":0,"comment_status":"open","ping_status":"open","sticky":false,"template":"","format":"standard","meta":{"footnotes":""},"categories":[1197,97],"tags":[661,115,129,641,116,659,660],"class_list":["post-4143","post","type-post","status-publish","format-standard","hentry","category-kultur","category-politika","tag-bandirma","tag-diyarbakir","tag-ergani","tag-koronavirus","tag-siir","tag-subasi","tag-vecdi-subasi"],"_links":{"self":[{"href":"https:\/\/www.uzulmez.site\/index.php?rest_route=\/wp\/v2\/posts\/4143","targetHints":{"allow":["GET"]}}],"collection":[{"href":"https:\/\/www.uzulmez.site\/index.php?rest_route=\/wp\/v2\/posts"}],"about":[{"href":"https:\/\/www.uzulmez.site\/index.php?rest_route=\/wp\/v2\/types\/post"}],"author":[{"embeddable":true,"href":"https:\/\/www.uzulmez.site\/index.php?rest_route=\/wp\/v2\/users\/1"}],"replies":[{"embeddable":true,"href":"https:\/\/www.uzulmez.site\/index.php?rest_route=%2Fwp%2Fv2%2Fcomments&post=4143"}],"version-history":[{"count":1,"href":"https:\/\/www.uzulmez.site\/index.php?rest_route=\/wp\/v2\/posts\/4143\/revisions"}],"predecessor-version":[{"id":4144,"href":"https:\/\/www.uzulmez.site\/index.php?rest_route=\/wp\/v2\/posts\/4143\/revisions\/4144"}],"wp:attachment":[{"href":"https:\/\/www.uzulmez.site\/index.php?rest_route=%2Fwp%2Fv2%2Fmedia&parent=4143"}],"wp:term":[{"taxonomy":"category","embeddable":true,"href":"https:\/\/www.uzulmez.site\/index.php?rest_route=%2Fwp%2Fv2%2Fcategories&post=4143"},{"taxonomy":"post_tag","embeddable":true,"href":"https:\/\/www.uzulmez.site\/index.php?rest_route=%2Fwp%2Fv2%2Ftags&post=4143"}],"curies":[{"name":"wp","href":"https:\/\/api.w.org\/{rel}","templated":true}]}}