{"id":4139,"date":"2020-05-09T19:24:00","date_gmt":"2020-05-09T19:24:00","guid":{"rendered":"https:\/\/www.uzulmez.site\/?p=4139"},"modified":"2023-06-19T09:47:49","modified_gmt":"2023-06-19T09:47:49","slug":"sosyal-mesafe-mi-fiziksel-mesafe-mi","status":"publish","type":"post","link":"https:\/\/www.uzulmez.site\/?p=4139","title":{"rendered":"&#8216;Sosyal Mesafe&#8217; mi, &#8216;Fiziksel Mesafe&#8217; mi?"},"content":{"rendered":"\n<p>Bir i\u015fe ba\u015flamadan \u00f6nce en uygun s\u00f6zc\u00fck ya da kavramlarla yap\u0131lacak i\u015f do\u011fru bir \u015fekilde tan\u0131mlanmal\u0131d\u0131r. Bu yap\u0131lmad\u0131\u011f\u0131nda ba\u015far\u0131 \u015fans\u0131m\u0131z azal\u0131r.<\/p>\n\n\n\n<p>Koronovir\u00fcs ba\u015f\u0131m\u0131za bela olmaya ba\u015flay\u0131nca, hem yetkililer hem de vatanda\u015flar bu belaya kar\u015f\u0131 kendilerince baz\u0131 \u00f6nlemler almaya ba\u015flad\u0131. Al\u0131nan \u00f6nlemlerden biride \u201csosyal mesafeye uyma\u201d kural\u0131 oldu. Salg\u0131ndan korunmak i\u00e7in devletin en yetkilisi ba\u015fta olmak \u00fczere, bakanlar, bilim kurulu \u00fcyeleri, siyasi liderler, valiler, belediyeler, doktorlar, gazeteciler, haber sunucular\u0131 yapt\u0131klar\u0131 a\u00e7\u0131klamalarda mutlaka \u201csosyal mesafe\u201d kural\u0131na uyulmas\u0131 gerekti\u011fini s\u00f6ylemeye ba\u015flad\u0131lar. Ve i\u015f o kadar ileri gitti ki reklamlarda bile bu kullan\u0131lmaya ba\u015fland\u0131.<\/p>\n\n\n\n<p>Bu tan\u0131mlamada, yani \u201csosyal mesafe\u201d tan\u0131mlamas\u0131nda bir yanl\u0131\u015fl\u0131\u011f\u0131n oldu\u011funu d\u00fc\u015f\u00fcn\u00fcyorum. Koronovir\u00fcsle m\u00fccadelede yap\u0131lmak istenen \u201csosyal mesafeye\u201d ara konulmas\u0131 de\u011fil, \u201cfiziksel mesafeye\u201d dikkat edilmesidir. Yani yollarda, caddelerde, pazarlarda, marketlerde, mek\u00e2nlarda, daha do\u011frusu insanlar\u0131n bulundu\u011fu her yerde insanlarla aram\u0131zda en az 1,5-2 metre gibi bir bo\u015flu\u011fun, bir mesafenin olmas\u0131na dikkat etmemizdir. Bu nedenle do\u011fru tan\u0131mlaman\u0131n \u201cfiziksel mesafe kural\u0131na uyal\u0131m\u201d \u015feklinde olmas\u0131 gerekti\u011fini d\u00fc\u015f\u00fcn\u00fcyorum. Bug\u00fcne kadar bu yanl\u0131\u015fl\u0131\u011f\u0131n \u00fczerinde duran ya da bir a\u00e7\u0131klama yapan\u0131 duymad\u0131m. Olmu\u015fsa da ben rastlamad\u0131m.<\/p>\n\n\n\n<p>\u0130nsan sosyal bir varl\u0131kt\u0131r. Tek ba\u015f\u0131na ya\u015famas\u0131 s\u00f6z konusu olamaz. Birlikte oldu\u011fumuz zaman bizler var\u0131z. Sosyal s\u00f6zc\u00fc\u011f\u00fcn\u00fcn s\u00f6zl\u00fck anlam\u0131na bakt\u0131\u011f\u0131m\u0131zda; insan\u0131n toplum hayat\u0131ndaki yeri, rol\u00fc, ili\u015fkileri ile ilgili olan \u015feylerin toplam\u0131 oldu\u011funu g\u00f6r\u00fcr\u00fcz. Yine bir toplumda ya\u015fayan iki ya da daha fazla say\u0131da insan\u0131n birbirleriyle girdi\u011fi, kar\u015f\u0131l\u0131kl\u0131 olarak devam ettirdi\u011fi k\u0131sa veya uzun s\u00fcreli anlaml\u0131 etkile\u015fimlere sosyal ili\u015fki denildi\u011fini de az \u00e7ok bilmekteyiz. \u015eayet \u201csosyal mesafe\u201d tan\u0131mlamas\u0131 kullan\u0131l\u0131rsa, sanki bir insan\u0131n di\u011fer t\u00fcm insanlarla aras\u0131na mesafe koymas\u0131n\u0131, sosyal ili\u015fkilerini dondurmas\u0131n\u0131 ya da sonland\u0131rmas\u0131 istenmi\u015f gibi olur. B\u00f6yle bir durumda da \u00e7ocuklar\u0131 sevmeye, ya\u015fl\u0131lara sayg\u0131 duymaya, ihtiyac\u0131 olana yard\u0131m etmeye, uzaktan da olsa merhaba demeye, a\u015f\u0131k olmaya, hizmet ve \u00e7al\u0131\u015fmaya bir \u201cmesafe\u201d konulmu\u015f olunur; akraba ve tan\u0131d\u0131klar\u0131n telefonla da olsa bile hat\u0131rlar\u0131n\u0131 sormay\u0131 unutmam\u0131z gerekir. B\u00f6ylesi bir \u015feyi hi\u00e7 kimse ne ister, nede arzu eder.<\/p>\n\n\n\n<p>Bu nedenlerden dolay\u0131 \u201csosyal mesafe\u201d tan\u0131mlamas\u0131n\u0131n do\u011fru olmad\u0131\u011f\u0131n\u0131, say\u0131 ve kavramlara a\u015f\u0131na olan biri olarak, \u201cfiziksel mesafe\u201d tan\u0131mlamas\u0131n\u0131n daha do\u011fru olaca\u011f\u0131n\u0131 d\u00fc\u015f\u00fcn\u00fcyorum. Yanl\u0131\u015f m\u0131 d\u00fc\u015f\u00fcn\u00fcyorum?<\/p>\n\n\n\n<p>***<\/p>\n\n\n\n<p>Koronovir\u00fcsle salg\u0131n\u0131yla m\u00fccadelenin ger\u00e7ek kahramanlar\u0131 doktoruyla, eczac\u0131s\u0131yla, hem\u015firesiyle, hasta bak\u0131c\u0131s\u0131yla, hizmetlisiyle sa\u011fl\u0131k \u00e7al\u0131\u015fanlar\u0131d\u0131r; laboratuvarlarda gece g\u00fcnd\u00fcz \u00e7al\u0131\u015fan bilim insanlar\u0131d\u0131r. \u00c7al\u0131\u015fmalar\u0131yla topluma ayna tuttular. Olaylar\u0131n geli\u015fimi bilim insanlar\u0131n\u0131n devrimci rol\u00fcn\u00fc onaylay\u0131p netle\u015ftirdi.<\/p>\n\n\n\n<p>1982 y\u0131l\u0131nda siyasi nedenlerle g\u00f6zalt\u0131na al\u0131nd\u0131\u011f\u0131mda, Diyarbak\u0131r Kurto\u011flu K\u0131\u015flas\u0131\u2019nda uzun bir s\u00fcre k\u00f6t\u00fc muamele ve a\u011f\u0131r i\u015fkenceye maruz kald\u0131m. Sorguda bir g\u00fcn kendimden ge\u00e7tim. G\u00f6zlerimi a\u00e7t\u0131\u011f\u0131mda, ba\u015f\u0131mda daha \u00f6nceden tan\u0131d\u0131\u011f\u0131m, \u201cT\u00fcrkiye \u0130\u015f\u00e7i Partisi \u2013T\u0130P Davas\u0131\u201dndan g\u00f6zalt\u0131na al\u0131nm\u0131\u015f olan Dr. Erhan Barut\u2019u g\u00f6rd\u00fcm. O k\u00f6t\u00fc ko\u015fullarda bile bir doktor olarak mesle\u011fini en iyi bir \u015fekilde yapmaya \u00e7al\u0131\u015f\u0131yordu. Sonra tutukland\u0131m. 1982-1984 y\u0131llar\u0131 aras\u0131nda Diyarbak\u0131r 5 Nolu Askeri Cezaevi\u2019nde kald\u0131m. Cezaevinde 36. h\u00fccrede her \u015feyden mahrum tutuldu\u011fum g\u00fcnlerde bir g\u00fcn gardiyanlar e\u015fli\u011finde h\u00fccrelere ila\u00e7 da\u011f\u0131t\u0131m\u0131n\u0131 yapan benim gibi tutuklu Dr. Erhan Barut \u00e7akt\u0131rmadan bana bir di\u015f f\u0131r\u00e7as\u0131 ve bir kutu Aspirin verdi. Bu, akl\u0131ma her geldi\u011finde i\u00e7im burkulur. Sevgili Erhan cezaevinden \u00e7\u0131kt\u0131ktan sonra 1995\u2019te vefat etti<a href=\"#_ftn1\" id=\"_ftnref1\">[1]<\/a>. Vefat\u0131 nedeniyle an\u0131s\u0131na o zaman \u201cHi\u00e7 Unutmad\u0131m\u201d ba\u015fl\u0131kl\u0131 bir \u015fiir denemesi yazm\u0131\u015ft\u0131m. Koronovir\u00fcs salg\u0131n\u0131n\u0131n ba\u015flamas\u0131yla birlikte g\u00f6revini en iyi \u015fekilde yapmaya \u00e7al\u0131\u015fan sa\u011fl\u0131k \u00e7al\u0131\u015fanlar\u0131na sayg\u0131m\u0131n bir ifadesi olarak bu \u015fiir denemesini payla\u015fmak istiyorum:<\/p>\n\n\n\n<hr class=\"wp-block-separator has-alpha-channel-opacity\"\/>\n\n\n\n<p>Bir i\u015fe ba\u015flamadan \u00f6nce en uygun s\u00f6zc\u00fck ya da kavramlarla yap\u0131lacak i\u015f do\u011fru bir \u015fekilde tan\u0131mlanmal\u0131d\u0131r. Bu yap\u0131lmad\u0131\u011f\u0131nda ba\u015far\u0131 \u015fans\u0131m\u0131z azal\u0131r.<\/p>\n\n\n\n<p>Koronovir\u00fcs ba\u015f\u0131m\u0131za bela olmaya ba\u015flay\u0131nca, hem yetkililer hem de vatanda\u015flar bu belaya kar\u015f\u0131 kendilerince baz\u0131 \u00f6nlemler almaya ba\u015flad\u0131. Al\u0131nan \u00f6nlemlerden biride \u201csosyal mesafeye uyma\u201d kural\u0131 oldu. Salg\u0131ndan korunmak i\u00e7in devletin en yetkilisi ba\u015fta olmak \u00fczere, bakanlar, bilim kurulu \u00fcyeleri, siyasi liderler, valiler, belediyeler, doktorlar, gazeteciler, haber sunucular\u0131 yapt\u0131klar\u0131 a\u00e7\u0131klamalarda mutlaka \u201csosyal mesafe\u201d kural\u0131na uyulmas\u0131 gerekti\u011fini s\u00f6ylemeye ba\u015flad\u0131lar. Ve i\u015f o kadar ileri gitti ki reklamlarda bile bu kullan\u0131lmaya ba\u015fland\u0131.<\/p>\n\n\n\n<p>Bu tan\u0131mlamada, yani \u201csosyal mesafe\u201d tan\u0131mlamas\u0131nda bir yanl\u0131\u015fl\u0131\u011f\u0131n oldu\u011funu d\u00fc\u015f\u00fcn\u00fcyorum. Koronovir\u00fcsle m\u00fccadelede yap\u0131lmak istenen \u201csosyal mesafeye\u201d ara konulmas\u0131 de\u011fil, \u201cfiziksel mesafeye\u201d dikkat edilmesidir. Yani yollarda, caddelerde, pazarlarda, marketlerde, mek\u00e2nlarda, daha do\u011frusu insanlar\u0131n bulundu\u011fu her yerde insanlarla aram\u0131zda en az 1,5-2 metre gibi bir bo\u015flu\u011fun, bir mesafenin olmas\u0131na dikkat etmemizdir. Bu nedenle do\u011fru tan\u0131mlaman\u0131n \u201cfiziksel mesafe kural\u0131na uyal\u0131m\u201d \u015feklinde olmas\u0131 gerekti\u011fini d\u00fc\u015f\u00fcn\u00fcyorum. Bug\u00fcne kadar bu yanl\u0131\u015fl\u0131\u011f\u0131n \u00fczerinde duran ya da bir a\u00e7\u0131klama yapan\u0131 duymad\u0131m. Olmu\u015fsa da ben rastlamad\u0131m.<\/p>\n\n\n\n<p>\u0130nsan sosyal bir varl\u0131kt\u0131r. Tek ba\u015f\u0131na ya\u015famas\u0131 s\u00f6z konusu olamaz. Birlikte oldu\u011fumuz zaman bizler var\u0131z. Sosyal s\u00f6zc\u00fc\u011f\u00fcn\u00fcn s\u00f6zl\u00fck anlam\u0131na bakt\u0131\u011f\u0131m\u0131zda; insan\u0131n toplum hayat\u0131ndaki yeri, rol\u00fc, ili\u015fkileri ile ilgili olan \u015feylerin toplam\u0131 oldu\u011funu g\u00f6r\u00fcr\u00fcz. Yine bir toplumda ya\u015fayan iki ya da daha fazla say\u0131da insan\u0131n birbirleriyle girdi\u011fi, kar\u015f\u0131l\u0131kl\u0131 olarak devam ettirdi\u011fi k\u0131sa veya uzun s\u00fcreli anlaml\u0131 etkile\u015fimlere sosyal ili\u015fki denildi\u011fini de az \u00e7ok bilmekteyiz. \u015eayet \u201csosyal mesafe\u201d tan\u0131mlamas\u0131 kullan\u0131l\u0131rsa, sanki bir insan\u0131n di\u011fer t\u00fcm insanlarla aras\u0131na mesafe koymas\u0131n\u0131, sosyal ili\u015fkilerini dondurmas\u0131n\u0131 ya da sonland\u0131rmas\u0131 istenmi\u015f gibi olur. B\u00f6yle bir durumda da \u00e7ocuklar\u0131 sevmeye, ya\u015fl\u0131lara sayg\u0131 duymaya, ihtiyac\u0131 olana yard\u0131m etmeye, uzaktan da olsa merhaba demeye, a\u015f\u0131k olmaya, hizmet ve \u00e7al\u0131\u015fmaya bir \u201cmesafe\u201d konulmu\u015f olunur; akraba ve tan\u0131d\u0131klar\u0131n telefonla da olsa bile hat\u0131rlar\u0131n\u0131 sormay\u0131 unutmam\u0131z gerekir. B\u00f6ylesi bir \u015feyi hi\u00e7 kimse ne ister, nede arzu eder.<\/p>\n\n\n\n<p>Bu nedenlerden dolay\u0131 \u201csosyal mesafe\u201d tan\u0131mlamas\u0131n\u0131n do\u011fru olmad\u0131\u011f\u0131n\u0131, say\u0131 ve kavramlara a\u015f\u0131na olan biri olarak, \u201cfiziksel mesafe\u201d tan\u0131mlamas\u0131n\u0131n daha do\u011fru olaca\u011f\u0131n\u0131 d\u00fc\u015f\u00fcn\u00fcyorum. Yanl\u0131\u015f m\u0131 d\u00fc\u015f\u00fcn\u00fcyorum?<\/p>\n\n\n\n<p>***<\/p>\n\n\n\n<p>Koronovir\u00fcs salg\u0131n\u0131yla m\u00fccadelenin ger\u00e7ek kahramanlar\u0131 doktoruyla, eczac\u0131s\u0131yla, hem\u015firesiyle, hasta bak\u0131c\u0131s\u0131yla, hizmetlisiyle sa\u011fl\u0131k \u00e7al\u0131\u015fanlar\u0131d\u0131r; laboratuvarlarda gece g\u00fcnd\u00fcz \u00e7al\u0131\u015fan bilim insanlar\u0131d\u0131r. \u00c7al\u0131\u015fmalar\u0131yla topluma ayna tuttular. Olaylar\u0131n geli\u015fimi bilim insanlar\u0131n\u0131n devrimci rol\u00fcn\u00fc onaylay\u0131p netle\u015ftirdi.<\/p>\n\n\n\n<p>1982 y\u0131l\u0131nda siyasi nedenlerle g\u00f6zalt\u0131na al\u0131nd\u0131\u011f\u0131mda, Diyarbak\u0131r Kurto\u011flu K\u0131\u015flas\u0131\u2019nda uzun bir s\u00fcre k\u00f6t\u00fc muamele ve a\u011f\u0131r i\u015fkenceye maruz kald\u0131m. Sorguda bir g\u00fcn kendimden ge\u00e7tim. G\u00f6zlerimi a\u00e7t\u0131\u011f\u0131mda, ba\u015f\u0131mda daha \u00f6nceden tan\u0131d\u0131\u011f\u0131m, \u201cT\u00fcrkiye \u0130\u015f\u00e7i Partisi \u2013T\u0130P Davas\u0131\u201dndan g\u00f6zalt\u0131na al\u0131nm\u0131\u015f olan Dr. Erhan Barut\u2019u g\u00f6rd\u00fcm. O k\u00f6t\u00fc ko\u015fullarda bile bir doktor olarak mesle\u011fini en iyi bir \u015fekilde yapmaya \u00e7al\u0131\u015f\u0131yordu. Sonra tutukland\u0131m. 1982-1984 y\u0131llar\u0131 aras\u0131nda Diyarbak\u0131r 5 No&#8217;lu Askeri Cezaevi\u2019nde kald\u0131m. Cezaevinde 36. h\u00fccrede her \u015feyden mahrum tutuldu\u011fum g\u00fcnlerde bir g\u00fcn gardiyanlar e\u015fli\u011finde h\u00fccrelere ila\u00e7 da\u011f\u0131t\u0131m\u0131n\u0131 yapan benim gibi tutuklu Dr. Erhan Barut \u00e7akt\u0131rmadan bana bir di\u015f f\u0131r\u00e7as\u0131 ve bir kutu Aspirin verdi. Bu, akl\u0131ma her geldi\u011finde i\u00e7im burkulur. Sevgili Erhan cezaevinden \u00e7\u0131kt\u0131ktan sonra 1995\u2019te vefat etti<sup>[1]<\/sup>. Vefat\u0131 nedeniyle an\u0131s\u0131na o zaman \u201cHi\u00e7 Unutmad\u0131m\u201d ba\u015fl\u0131kl\u0131 bir \u015fiir denemesi yazm\u0131\u015ft\u0131m. Koronovir\u00fcs salg\u0131n\u0131n\u0131n ba\u015flamas\u0131yla birlikte g\u00f6revini en iyi \u015fekilde yapmaya \u00e7al\u0131\u015fan sa\u011fl\u0131k \u00e7al\u0131\u015fanlar\u0131na sayg\u0131m\u0131n bir ifadesi olarak bu \u015fiir denemesini payla\u015fmak istiyorum:<\/p>\n\n\n\n<p>1.<em><br>yerdeyim<br>g\u00f6zlerim ba\u011fl\u0131<br>\u015fefler ba\u015f\u0131mda<br>m\u00fcbarek tabip ellerin<br>\u00fczerimdeydi sorguda<br>sen<br>doktor oldu\u011fun i\u00e7in<br>iyile\u015ftirmek istiyordun<br>onlar<br>tekrar i\u015fkenceye al\u0131nmam i\u00e7in<br>sadece konu\u015fabilece\u011fim kadar<br>iyile\u015fmemi istiyorlard\u0131<br>bense<br>ya\u015famak istiyordum.<\/em><\/p>\n\n\n\n<p>2.<br><em>\u00e7ok zaman ge\u00e7ti aradan<br>o, en zor g\u00fcn\u00fcmde<br>o, en zor an\u0131mda<br>beni iyile\u015ftirmek isteyen<br>tabip ellerini<br>dost bak\u0131\u015f\u0131n\u0131<br>ve otuz alt\u0131nc\u0131 h\u00fccrede verdi\u011fin<br>aspirin ile di\u015f f\u0131r\u00e7as\u0131n\u0131<br>hi\u00e7 unutmad\u0131m!<\/em><\/p>\n\n\n\n<div style=\"height:30px\" aria-hidden=\"true\" class=\"wp-block-spacer\"><\/div>\n\n\n\n<p class=\"has-small-font-size\">9 May\u0131s 2020 tarihinde<\/p>\n\n\n\n<p class=\"has-small-font-size\">https:\/\/www.tigrishaber.com\/sosyal-mesafe-mi-fiziksel-mesafe-mi-4043yy.htm<br>https:\/\/www.erganihaber.net\/kose-yazisi\/1368\/sosyal-mesafe-mi-fiziksel-mesafe-mi.html<br>https:\/\/www.gaphaberleri.com\/kose-yazisi\/688\/sosyal-mesafe-mi-fiziksel-mesafe-mi.html<br>http:\/\/www.ruhanews.com\/kose-yazisi\/445\/sosyal-mesafe-mi-fiziksel-mesafe-mi.html<br>https:\/\/www.erganihaber.net\/kose-yazisi\/1368\/sosyal-mesafe-mi-fiziksel-mesafe-mi.html<\/p>\n\n\n\n<div style=\"height:30px\" aria-hidden=\"true\" class=\"wp-block-spacer\"><\/div>\n\n\n\n<p class=\"has-small-font-size\"><sup>[1]<\/sup> \u015eiiri May\u0131s 1995\u2019te yazm\u0131\u015f\u0131m. Bu nedenle \u00f6l\u00fcm tarihinde yan\u0131ld\u0131m. Yaz\u0131m yay\u0131mland\u0131ktan sonra 10 May\u0131s 2020 g\u00fcn\u00fc Sevgili Erhan\u2019\u0131n e\u015fi Av. \u00c7i\u011fdem Barut\u2019la yapt\u0131\u011f\u0131m telefon g\u00f6r\u00fc\u015fmesinde do\u011fum tarihinin 17.12.1953, \u00f6l\u00fcm tarihinin 09.03.2011 oldu\u011funu \u00f6\u011frendim. Bu yanl\u0131\u015fl\u0131ktan dolay\u0131 \u00f6z\u00fcr dilerim.<\/p>\n\n\n<div class=\"taxonomy-post_tag wp-block-post-terms\"><a href=\"https:\/\/www.uzulmez.site\/?tag=12-eylul\" rel=\"tag\">12 eyl\u00fcl<\/a><span class=\"wp-block-post-terms__separator\">, <\/span><a href=\"https:\/\/www.uzulmez.site\/?tag=covid-19\" rel=\"tag\">covid-19<\/a><span class=\"wp-block-post-terms__separator\">, <\/span><a href=\"https:\/\/www.uzulmez.site\/?tag=diyarbakir\" rel=\"tag\">diyarbak\u0131r<\/a><span class=\"wp-block-post-terms__separator\">, <\/span><a href=\"https:\/\/www.uzulmez.site\/?tag=erhan-barut\" rel=\"tag\">erhan barut<\/a><span class=\"wp-block-post-terms__separator\">, <\/span><a href=\"https:\/\/www.uzulmez.site\/?tag=koronavirus\" rel=\"tag\">koronavir\u00fcs<\/a><span class=\"wp-block-post-terms__separator\">, <\/span><a href=\"https:\/\/www.uzulmez.site\/?tag=kurtoglu-kislasi\" rel=\"tag\">kurto\u011flu k\u0131\u015flas\u0131<\/a><span class=\"wp-block-post-terms__separator\">, <\/span><a href=\"https:\/\/www.uzulmez.site\/?tag=sosyal\" rel=\"tag\">sosyal<\/a><span class=\"wp-block-post-terms__separator\">, <\/span><a href=\"https:\/\/www.uzulmez.site\/?tag=sosyal-mesafe\" rel=\"tag\">sosyal mesafe<\/a><span class=\"wp-block-post-terms__separator\">, <\/span><a href=\"https:\/\/www.uzulmez.site\/?tag=tip\" rel=\"tag\">tip<\/a><span class=\"wp-block-post-terms__separator\">, <\/span><a href=\"https:\/\/www.uzulmez.site\/?tag=tip-davasi\" rel=\"tag\">tip davas\u0131<\/a><span class=\"wp-block-post-terms__separator\">, <\/span><a href=\"https:\/\/www.uzulmez.site\/?tag=toplum\" rel=\"tag\">toplum<\/a><span class=\"wp-block-post-terms__separator\">, <\/span><a href=\"https:\/\/www.uzulmez.site\/?tag=turkiye-isci-partisi\" rel=\"tag\">t\u00fcrkiye i\u015f\u00e7i partisi<\/a><\/div>","protected":false},"excerpt":{"rendered":"<p>Bir i\u015fe ba\u015flamadan \u00f6nce en uygun s\u00f6zc\u00fck ya da kavramlarla yap\u0131lacak i\u015f do\u011fru bir \u015fekilde tan\u0131mlanmal\u0131d\u0131r. Bu yap\u0131lmad\u0131\u011f\u0131nda ba\u015far\u0131 \u015fans\u0131m\u0131z azal\u0131r. Koronovir\u00fcs ba\u015f\u0131m\u0131za bela olmaya ba\u015flay\u0131nca, hem yetkililer hem de vatanda\u015flar bu belaya kar\u015f\u0131 kendilerince baz\u0131 \u00f6nlemler almaya ba\u015flad\u0131. Al\u0131nan \u00f6nlemlerden biride \u201csosyal mesafeye uyma\u201d kural\u0131 oldu. Salg\u0131ndan korunmak i\u00e7in devletin en yetkilisi ba\u015fta olmak \u00fczere, bakanlar, bilim kurulu \u00fcyeleri, siyasi liderler, valiler, belediyeler, doktorlar, gazeteciler, haber sunucular\u0131 yapt\u0131klar\u0131 a\u00e7\u0131klamalarda mutlaka \u201csosyal mesafe\u201d kural\u0131na uyulmas\u0131 gerekti\u011fini s\u00f6ylemeye ba\u015flad\u0131lar. Ve i\u015f o kadar ileri gitti ki reklamlarda bile bu kullan\u0131lmaya ba\u015fland\u0131. Bu tan\u0131mlamada, yani \u201csosyal mesafe\u201d tan\u0131mlamas\u0131nda bir yanl\u0131\u015fl\u0131\u011f\u0131n oldu\u011funu d\u00fc\u015f\u00fcn\u00fcyorum.<\/p>\n","protected":false},"author":1,"featured_media":0,"comment_status":"open","ping_status":"open","sticky":false,"template":"","format":"standard","meta":{"footnotes":""},"categories":[3901,97],"tags":[142,271,115,647,641,643,645,646,148,644,642,506],"class_list":["post-4139","post","type-post","status-publish","format-standard","hentry","category-bilim","category-politika","tag-12-eylul","tag-covid-19","tag-diyarbakir","tag-erhan-barut","tag-koronavirus","tag-kurtoglu-kislasi","tag-sosyal","tag-sosyal-mesafe","tag-tip","tag-tip-davasi","tag-toplum","tag-turkiye-isci-partisi"],"_links":{"self":[{"href":"https:\/\/www.uzulmez.site\/index.php?rest_route=\/wp\/v2\/posts\/4139","targetHints":{"allow":["GET"]}}],"collection":[{"href":"https:\/\/www.uzulmez.site\/index.php?rest_route=\/wp\/v2\/posts"}],"about":[{"href":"https:\/\/www.uzulmez.site\/index.php?rest_route=\/wp\/v2\/types\/post"}],"author":[{"embeddable":true,"href":"https:\/\/www.uzulmez.site\/index.php?rest_route=\/wp\/v2\/users\/1"}],"replies":[{"embeddable":true,"href":"https:\/\/www.uzulmez.site\/index.php?rest_route=%2Fwp%2Fv2%2Fcomments&post=4139"}],"version-history":[{"count":1,"href":"https:\/\/www.uzulmez.site\/index.php?rest_route=\/wp\/v2\/posts\/4139\/revisions"}],"predecessor-version":[{"id":4140,"href":"https:\/\/www.uzulmez.site\/index.php?rest_route=\/wp\/v2\/posts\/4139\/revisions\/4140"}],"wp:attachment":[{"href":"https:\/\/www.uzulmez.site\/index.php?rest_route=%2Fwp%2Fv2%2Fmedia&parent=4139"}],"wp:term":[{"taxonomy":"category","embeddable":true,"href":"https:\/\/www.uzulmez.site\/index.php?rest_route=%2Fwp%2Fv2%2Fcategories&post=4139"},{"taxonomy":"post_tag","embeddable":true,"href":"https:\/\/www.uzulmez.site\/index.php?rest_route=%2Fwp%2Fv2%2Ftags&post=4139"}],"curies":[{"name":"wp","href":"https:\/\/api.w.org\/{rel}","templated":true}]}}