{"id":3862,"date":"2023-02-11T19:16:57","date_gmt":"2023-02-11T19:16:57","guid":{"rendered":"https:\/\/www.uzulmez.site\/?p=3862"},"modified":"2023-04-10T19:22:45","modified_gmt":"2023-04-10T19:22:45","slug":"devlet-akli-insan-merkezli-olmali","status":"publish","type":"post","link":"https:\/\/www.uzulmez.site\/?p=3862","title":{"rendered":"\u201cDevlet Akl\u0131 \u0130nsan Merkezli Olmal\u0131\u201d"},"content":{"rendered":"\n<p><strong>Ya\u015fad\u0131\u011f\u0131m\u0131z korkun\u00e7 deprem nedeniyle yak\u0131nlar\u0131n\u0131 kaybedenlere sab\u0131r ve g\u00fc\u00e7, yaral\u0131lara \u015fifa diliyorum.<\/strong><\/p>\n\n\n\n<p>***<\/p>\n\n\n\n<p>B\u00fcy\u00fck bir felaket ya\u015fad\u0131k. Hi\u00e7bir s\u00f6z, hi\u00e7bir yakar\u0131\u015f kay\u0131plar\u0131m\u0131z\u0131 geri getirmeyecek. Y\u0131k\u0131m\u0131n b\u00fcy\u00fckl\u00fc\u011f\u00fcnden ac\u0131m\u0131z daha fazla b\u00fcy\u00fck. Art\u0131k \u015fapkam\u0131z\u0131 \u00f6n\u00fcm\u00fcze koyup olanlar\u0131, olacaklar\u0131 ve bundan sonra yap\u0131lacaklar\u0131 d\u00fc\u015f\u00fcnmeliyiz. Ucuz siyaset, plan ve projesizlik, para kazanmay\u0131 insan ya\u015fam\u0131n\u0131n \u00f6n\u00fcne koyan anlay\u0131\u015flar, etnisite ve inan\u00e7 m\u00fchendisli\u011finin nas\u0131l bir felakete yol a\u00e7t\u0131\u011f\u0131n\u0131 ya\u015fad\u0131\u011f\u0131m\u0131z korkun\u00e7 deprem g\u00f6zlerimizin \u00f6n\u00fcne serdi: Devlet s\u0131n\u0131fta kald\u0131, y\u00f6netim \u00e7\u00f6kt\u00fc.<\/p>\n\n\n\n<p>Ali Ekber Pek\u015fen hocam\u0131n bu konuda \u015fahs\u0131ma g\u00f6nderdi\u011fi g\u00fczel bir yaz\u0131y\u0131 hocam\u0131n izniyle sizlerle payla\u015fmak istiyorum. Okuyal\u0131m:<\/p>\n\n\n\n<div style=\"height:50px\" aria-hidden=\"true\" class=\"wp-block-spacer\"><\/div>\n\n\n\n<p>\u201c<strong>Devlet Akl\u0131 \u0130nsan Merkezli Olmal\u0131<\/strong><\/p>\n\n\n\n<p>\u0130nsanl\u0131k tarihinin en b\u00fcy\u00fck felaketlerinden birini ya\u015fayan \u00fclkemize, destek amac\u0131yla neredeyse b\u00fct\u00fcn d\u00fcnya seferber oldu. D\u00fcnya co\u011frafyas\u0131n\u0131n en uzak diyarlar\u0131ndan yard\u0131mlar geldi. \u0130nsanl\u0131k ad\u0131na ko\u015ftular bize. Evrenin en genel ge\u00e7er kural\u0131 olan, E\u015e\u0130T KARDE\u015eL\u0130K temelli insanca hayat i\u00e7in yard\u0131ma geldiler.<\/p>\n\n\n\n<p>\u201cBir gece ans\u0131z\u0131n gelir \u00e7\u0131lg\u0131n T\u00fcrkler\u201d s\u00f6ylemiyle efelenip, tehdit edilen \u00fclkeden, Yunanistan\u2019dan canla, ba\u015fla \u00e7al\u0131\u015fan \u0130NSANLAR zor zamanlarda yard\u0131ma ko\u015ftu\u2026<\/p>\n\n\n\n<p>Hor g\u00f6rd\u00fc\u011f\u00fcn\u00fcze dair d\u00fc\u015f\u00fcncenizi, &#8220;affedersiniz, bana bile Ermeni dediler&#8221; \u0130fadesiyle dile getirdi\u011finiz Ermenistan\u2019dan, canla, ba\u015fla \u00e7al\u0131\u015fan \u0130NSANLAR zor zamanlarda yard\u0131ma ko\u015ftu.<\/p>\n\n\n\n<p>Depremin merkez \u00fcss\u00fc Mara\u015f\u2019a \u0130NSAN\u0130 yard\u0131m i\u00e7in gelen muhalif parti Belediye Ba\u015fkan\u0131\u2019n\u0131 su\u00e7lamak amac\u0131yla se\u00e7ti\u011fin \u201c\u0130ngiliz U\u015fa\u011f\u0131\u201d ifadesiyle yadetti\u011fin \u0130ngiltere\u2019den canla, ba\u015fla \u00e7al\u0131\u015fan \u0130NSANLAR zor zamanlarda yard\u0131ma ko\u015ftu.<\/p>\n\n\n\n<p>Yard\u0131ma gelenler \u0130NSAN, yard\u0131ma ihtiyac\u0131 olanlar da \u0130NSAN. Bu insanlar\u0131 bulu\u015fturan, ait olduklar\u0131 co\u011frafyan\u0131n milliyeti de\u011fil. Bu insanlar\u0131 bulu\u015fturan ayn\u0131 inanca sahip olmalar\u0131 de\u011fil. Bu bulu\u015fmay\u0131 sa\u011flayan \u0130NSAN olma d\u00fc\u015f\u00fcncesidir.<\/p>\n\n\n\n<p>\u0130nsan olmaya devam edece\u011fim. \u00d6tekiler yaratarak varolmaya gayret edenlerle olmak istemiyorum. Benim d\u00fcnyamda, herhangi bir etnik k\u00f6kenin mensubu olman\u0131n \u00f6zel bir \u00f6nemi, \u00f6zel bir anlam\u0131 yok. Olmad\u0131, olmayacak da\u2026 Herhangi bir inanc\u0131n mensubu olan insanlar\u0131n; deistlerden, ba\u015fkaca inan\u00e7lara sahip olanlardan ya da hi\u00e7 bir dine inanmayanlardan \u00fcst\u00fcn bir \u00f6zellikleri oldu\u011funu savunman\u0131n \u00f6zel bir anlam\u0131 yok. Olmad\u0131, olmayacak da.<\/p>\n\n\n\n<p>Koskoca bir y\u00fcz y\u0131ll\u0131k zaman diliminde, s\u00fcrekli \u0131rk ve din temelli anlay\u0131\u015fla bu co\u011frafyan\u0131n kadim k\u00fclt\u00fcrlerini g\u00f6rmezden gelmek i\u015fe yaramad\u0131. \u201cHepimiz T\u00fcrk\u2019\u00fcz\u201d s\u00f6ylemli \u0131rk\u00e7\u0131 d\u00fc\u015f\u00fcnceyle, \u201chepimiz M\u00fcsl\u00fcman\u0131z\u201d s\u00f6ylemli inan\u00e7 temelli d\u00fc\u015f\u00fcnceyle huzur sa\u011flanamad\u0131. Hukuk egemen olmad\u0131. \u0130nsana sayg\u0131n\u0131n esas olaca\u011f\u0131 bir y\u00f6netsel yap\u0131 olu\u015fturulamad\u0131.<\/p>\n\n\n\n<p>\u0130nsanl\u0131\u011f\u0131n 12000 y\u0131ll\u0131k ge\u00e7mi\u015f ya\u015fant\u0131s\u0131na dair tarihi kay\u0131tlar\u0131n oldu\u011fu Mezopotamya yerle bir oldu. Halen o kadim co\u011frafyan\u0131n, kadim halklar\u0131n\u0131 ya da ba\u015fkaca co\u011frafyalarda ya\u015fayan ba\u015fkaca insani farkl\u0131l\u0131klar\u0131 g\u00f6rmezden gelerek, \u201cBunlar kader plan\u0131n\u0131n i\u00e7erisinde olan \u015feyler\u201d ifadeleriyle durumu idare eden devlet akl\u0131, art\u0131k kimseyi ikna edemiyor.<\/p>\n\n\n\n<p>\u00dclkemiz deniz ta\u015f\u0131mac\u0131l\u0131\u011f\u0131n\u0131n \u00f6nemli merkezlerinden olan \u0130skenderun Liman\u2019\u0131 yang\u0131n\u0131na m\u00fcdahale eden, Hatay Havaalan\u0131\u2019ndaki hasara m\u00fcdahale eden bu \u00fclkenin en b\u00fcy\u00fck \u015fehirlerinin Belediye Ba\u015fkanlar\u0131\u2019na, \u201cS\u0130Z K\u0130MS\u0130N\u0130Z\u201d diye efelenenler devlet akl\u0131n\u0131 temsil edemez.<\/p>\n\n\n\n<p>10 \u015eubat 2023<\/p>\n\n\n\n<p>Bodrum &#8211; Mu\u011fla<\/p>\n\n\n\n<p>Ali Ekber Pek\u015fen\u201d<\/p>\n\n\n\n<div style=\"height:50px\" aria-hidden=\"true\" class=\"wp-block-spacer\"><\/div>\n\n\n\n<p class=\"has-small-font-size\">11 \u015eubat 2023 tarihinde ve sonras\u0131nda:<\/p>\n\n\n\n<p class=\"has-small-font-size\">https:\/\/ruhanews.com\/kose-yazisi\/786\/devlet-akli-insan-merkezli-olmali.html<br>https:\/\/www.gaphaberleri.com\/kose-yazisi\/1031\/devlet-akli-insan-merkezli-olmali.html<br>https:\/\/www.erganihaber.net\/kose-yazisi\/1425\/devlet-akli-insan-merkezli-olmali.html<br>https:\/\/www.tigrishaber.com\/devlet-akli-insan-merkezli-olmali-6224yy.htm<\/p>\n","protected":false},"excerpt":{"rendered":"<p>Ya\u015fad\u0131\u011f\u0131m\u0131z korkun\u00e7 deprem nedeniyle yak\u0131nlar\u0131n\u0131 kaybedenlere sab\u0131r ve g\u00fc\u00e7, yaral\u0131lara \u015fifa diliyorum. *** B\u00fcy\u00fck bir felaket ya\u015fad\u0131k. Hi\u00e7bir s\u00f6z, hi\u00e7bir yakar\u0131\u015f kay\u0131plar\u0131m\u0131z\u0131 geri getirmeyecek. Y\u0131k\u0131m\u0131n b\u00fcy\u00fckl\u00fc\u011f\u00fcnden ac\u0131m\u0131z daha fazla b\u00fcy\u00fck. Art\u0131k \u015fapkam\u0131z\u0131 \u00f6n\u00fcm\u00fcze koyup olanlar\u0131, olacaklar\u0131 ve bundan sonra yap\u0131lacaklar\u0131 d\u00fc\u015f\u00fcnmeliyiz. Ucuz siyaset, plan ve projesizlik, para kazanmay\u0131 insan ya\u015fam\u0131n\u0131n \u00f6n\u00fcne koyan anlay\u0131\u015flar, etnisite ve inan\u00e7 m\u00fchendisli\u011finin nas\u0131l bir felakete yol a\u00e7t\u0131\u011f\u0131n\u0131 ya\u015fad\u0131\u011f\u0131m\u0131z korkun\u00e7 deprem g\u00f6zlerimizin \u00f6n\u00fcne serdi: Devlet s\u0131n\u0131fta kald\u0131, y\u00f6netim \u00e7\u00f6kt\u00fc. Ali Ekber Pek\u015fen hocam\u0131n bu konuda \u015fahs\u0131ma g\u00f6nderdi\u011fi g\u00fczel bir yaz\u0131y\u0131 hocam\u0131n izniyle sizlerle payla\u015fmak istiyorum. Okuyal\u0131m: \u201cDevlet Akl\u0131 \u0130nsan Merkezli Olmal\u0131 \u0130nsanl\u0131k tarihinin en b\u00fcy\u00fck felaketlerinden<\/p>\n","protected":false},"author":1,"featured_media":0,"comment_status":"open","ping_status":"open","sticky":false,"template":"","format":"standard","meta":{"footnotes":""},"categories":[97],"tags":[118,119,120,121],"class_list":["post-3862","post","type-post","status-publish","format-standard","hentry","category-politika","tag-ali-ekber-peksen","tag-deprem","tag-devlet","tag-kahramanmaras"],"_links":{"self":[{"href":"https:\/\/www.uzulmez.site\/index.php?rest_route=\/wp\/v2\/posts\/3862","targetHints":{"allow":["GET"]}}],"collection":[{"href":"https:\/\/www.uzulmez.site\/index.php?rest_route=\/wp\/v2\/posts"}],"about":[{"href":"https:\/\/www.uzulmez.site\/index.php?rest_route=\/wp\/v2\/types\/post"}],"author":[{"embeddable":true,"href":"https:\/\/www.uzulmez.site\/index.php?rest_route=\/wp\/v2\/users\/1"}],"replies":[{"embeddable":true,"href":"https:\/\/www.uzulmez.site\/index.php?rest_route=%2Fwp%2Fv2%2Fcomments&post=3862"}],"version-history":[{"count":1,"href":"https:\/\/www.uzulmez.site\/index.php?rest_route=\/wp\/v2\/posts\/3862\/revisions"}],"predecessor-version":[{"id":3863,"href":"https:\/\/www.uzulmez.site\/index.php?rest_route=\/wp\/v2\/posts\/3862\/revisions\/3863"}],"wp:attachment":[{"href":"https:\/\/www.uzulmez.site\/index.php?rest_route=%2Fwp%2Fv2%2Fmedia&parent=3862"}],"wp:term":[{"taxonomy":"category","embeddable":true,"href":"https:\/\/www.uzulmez.site\/index.php?rest_route=%2Fwp%2Fv2%2Fcategories&post=3862"},{"taxonomy":"post_tag","embeddable":true,"href":"https:\/\/www.uzulmez.site\/index.php?rest_route=%2Fwp%2Fv2%2Ftags&post=3862"}],"curies":[{"name":"wp","href":"https:\/\/api.w.org\/{rel}","templated":true}]}}